{"id":880,"date":"2008-08-28T08:21:48","date_gmt":"2008-08-28T08:21:48","guid":{"rendered":"http:\/\/new.kardoskut.hu\/?p=880"},"modified":"2017-11-21T08:27:23","modified_gmt":"2017-11-21T08:27:23","slug":"beszamolo-a-testuleti-ulesrol-2","status":"publish","type":"post","link":"https:\/\/www.kardoskut.hu\/?p=880","title":{"rendered":"Besz\u00e1mol\u00f3 a test\u00fcleti \u00fcl\u00e9sr\u0151l"},"content":{"rendered":"<p>Kardosk\u00fat K\u00f6zs\u00e9g \u00d6nkorm\u00e1nyzat\u00e1nak K\u00e9pvisel\u0151-test\u00fclete 2008. augusztus 28-\u00e1n (cs\u00fct\u00f6rt\u00f6k\u00f6n) 14 \u00f3rai kezdettel tartotta soron k\u00f6vetkez\u0151 \u00fcl\u00e9s\u00e9t.<\/p>\n<p><strong>Az \u00fcl\u00e9s napirendje:<\/strong><\/p>\n<p>Besz\u00e1mol\u00f3 a Kardosk\u00fati \u00c1ltal\u00e1nos iskola \u00e9s Napk\u00f6zi-otthonos \u00d3voda 2007\/2008-as tan\u00e9v\u00e9ben v\u00e9gzett munk\u00e1j\u00e1r\u00f3l.<\/p>\n<p>Besz\u00e1mol\u00f3 jelent\u00e9s Kardosk\u00fat K\u00f6zs\u00e9g \u00d6nkorm\u00e1nyzat\u00e1nak 2008. \u00e9vi k\u00f6lts\u00e9gvet\u00e9s\u00e9nek I. f\u00e9l\u00e9vi teljes\u00edt\u00e9s\u00e9r\u0151l.<\/p>\n<p><strong>El\u0151ad\u00f3<\/strong>: Ramasz Imre polg\u00e1rmester, dr. M\u00e9sz\u00e1ros Erzs\u00e9bet jegyz\u0151<\/p>\n<p>Okt\u00f3ber 23-i Nemzeti \u00dcnnep el\u0151k\u00e9sz\u00edt\u00e9se. <strong>El\u0151ad\u00f3<\/strong>: Ramasz Imre polg\u00e1rmester<\/p>\n<p>Bejelent\u00e9sek<\/p>\n<p>A test\u00fcleti \u00fcl\u00e9sen vend\u00e9gk\u00e9nt megjelent Pusztain\u00e9 Szab\u00f3 Margit kapta meg a sz\u00f3t napirend el\u0151tti hozz\u00e1sz\u00f3l\u00e1sra.<\/p>\n<p><strong>Pusztain\u00e9 Szab\u00f3 Margit igazgat\u00f3: <\/strong>Az iskola tagint\u00e9zm\u00e9nny\u00e9 v\u00e1l\u00e1sa ut\u00e1n k\u00f6t\u00f6tt a k\u00e9t \u00f6nkorm\u00e1nyzat egy egy\u00fcttm\u0171k\u00f6d\u00e9si meg\u00e1llapod\u00e1st \u00e9s ebben az szerepel, hogy az \u00faj igazgat\u00f3 kik\u00e9ri a k\u00e9pvisel\u0151-test\u00fclet v\u00e9lem\u00e9ny\u00e9t a tagint\u00e9zm\u00e9ny vezet\u0151 kinevez\u00e9s\u00e9r\u0151l. Ezt \u00e9n nem tettem meg. Ennek els\u0151sorban technikai oka van \u00e9s nem az, hogy m\u00e1r a meg\u00e1llapod\u00e1s elej\u00e9n nem tartom be a szab\u00e1lyokat. Az alap\u00edt\u00f3 okirat elfogad\u00e1s\u00e1nak cs\u00fasz\u00e1sa miatt kellett kineveznem Veraszt\u00f3 J\u00f3zsef igazgat\u00f3 urat a jogfolytonoss\u00e1g v\u00e9gett. Tudtam, hogy ez teljesen szab\u00e1lytalan, de technikailag \u00edgy lehetett megoldani. K\u00f6z\u00f6s megegyez\u00e9ssel szeptember 1-el visszavonom Veraszt\u00f3 J\u00f3zsef vezet\u0151i megbizat\u00e1s\u00e1s\u00e1t. Szeptember 1-\u00e9n kik\u00e9rem a nevel\u0151test\u00fclet v\u00e9lem\u00e9ny\u00e9t \u00e9s amennyiben meger\u0151s\u00edtik igazgat\u00f3 \u00farral szembeni bizalmukat, szeptember 2-t\u0151l ism\u00e9t kinevezem tagint\u00e9zm\u00e9ny vezet\u0151nek. A j\u00f6v\u0151ben mindenben kifogom k\u00e9rni az \u00d6n\u00f6k v\u00e9lem\u00e9ny\u00e9t.<\/p>\n<p><strong>Ramasz Imre polg\u00e1rmester:<\/strong> Annyiban egyet\u00e9rt igazgat\u00f3 asszonnyal, hogy nagyon sz\u0171k volt az id\u0151. Rendk\u00edv\u00fcl sok munk\u00e1t kellett elv\u00e9gezni ahhoz, hogy szeptember 1-el megkezd\u0151dhessen a tan\u00e9v.\u00a0 A k\u00e9pvisel\u0151-test\u00fcletnek egyet\u00e9rt\u00e9si joga van a kinevez\u00e9ssel kapcsolatban. Az elmondottak megfelelnek a val\u00f3s\u00e1gnak. Mindenk\u00e9ppen kell tagint\u00e9zm\u00e9nyvezet\u0151 az int\u00e9zm\u00e9nyn\u00e9l. Szem\u00e9ly szerint a kardosk\u00fati munkav\u00e1llal\u00f3k v\u00e9lem\u00e9ny\u00e9re lett volna k\u00edv\u00e1ncsi. B\u00edzik abban, hogy egy hat\u00e1rozott k\u00f6zponti ir\u00e1ny\u00edt\u00e1s nyom\u00e1n min\u0151s\u00e9gi v\u00e1ltoz\u00e1s fog bek\u00f6vetkezni a helyi iskol\u00e1ban.<\/p>\n<p><strong>Gub Andr\u00e1s k\u00e9pvisel\u0151:<\/strong> Veraszt\u00f3 J\u00f3zsef jelenleg megb\u00edzott vagy kinevezett igazgat\u00f3ja a tagint\u00e9zm\u00e9nynek?<\/p>\n<p><strong>Pusztain\u00e9 Szab\u00f3 Margit igazgat\u00f3: <\/strong>Szeptember elsej\u00e9ig megb\u00edzott. Onnant\u00f3l kezdve \u00fajra megb\u00edzom, ha a nevel\u0151i test\u00fclet meger\u0151s\u00edti a d\u00f6nt\u00e9st.<\/p>\n<p><strong>Gub Andr\u00e1s k\u00e9pvisel\u0151:<\/strong> T\u00e1mogatom a megb\u00edz\u00e1st. Nagyon el\u00e9gedett vagyok Veraszt\u00f3 J\u00f3zsef munk\u00e1j\u00e1val.<\/p>\n<p><strong>Gombk\u00f6t\u0151 Lajos k\u00e9pvisel\u0151:<\/strong> Mi m\u00e1r egy \u00e9vvel kor\u00e1bban megb\u00edztuk \u0151t a tantest\u00fclettel egyhang\u00falag. Nem hiszem, hogy az elm\u00falt \u00e9vben b\u00e1rkinek is v\u00e1ltozott volna a v\u00e9lem\u00e9nye. T\u00e1mogatom a megb\u00edz\u00e1st.<\/p>\n<p><strong>Gombk\u00f6t\u0151 Csab\u00e1n\u00e9 k\u00e9pvisel\u0151<\/strong>: Igazgat\u00f3 \u00far k\u00f6zel kett\u0151 \u00e9vtizedig l\u00e1tta el az igazgat\u00f3helyettesi poz\u00edci\u00f3t. Mindenk\u00e9ppen megel\u0151legezem neki a tov\u00e1bbi bizalmat is. T\u00e1mogatom a megb\u00edz\u00e1s\u00e1t.<\/p>\n<p><strong>M\u00f3rocz Lajos k\u00e9pvisel\u0151:<\/strong> A megb\u00edz\u00e1s hat\u00e1rozott vagy hat\u00e1rozatlan id\u0151re sz\u00f3l?<\/p>\n<p><strong>Pusztain\u00e9 Szab\u00f3 Margit igazgat\u00f3: <\/strong>A megb\u00edz\u00e1s hat\u00e1rozatlan id\u0151re sz\u00f3l de b\u00e1rmikor visszavonhat\u00f3 alapos indokkal.<\/p>\n<p><strong>M\u00f3rocz Lajos k\u00e9pvisel\u0151: <\/strong>Javaslom a megb\u00edz\u00e1st.<\/p>\n<p><strong>Pusztai \u00c1d\u00e1m k\u00e9pvisel\u0151:<\/strong> Munkat\u00e1rsak voltunk, meg\u00e9rtett\u00fck egym\u00e1st. Az el\u00e9 ker\u00fcl\u0151 akad\u00e1lyokat mindig megoldotta. A lehet\u0151s\u00e9gek k\u00f6z\u00fcl a hum\u00e1nus utat v\u00e1lasztotta. T\u00e1mogatom a megb\u00edz\u00e1s\u00e1t.<\/p>\n<p><strong>Kulima Istv\u00e1n k\u00e9pvisel\u0151:<\/strong> Egyet\u00e9rtek az el\u0151ttem sz\u00f3l\u00f3kkal. K\u00fcl\u00f6n\u00f6sebben nem komment\u00e1lom,\u00a0 t\u00e1mogatom a megb\u00edz\u00e1st.<\/p>\n<p><strong>Ramasz Imre polg\u00e1rmester:<\/strong> \u0150szinte leszek. Voltak bizonyos fenntart\u00e1saim az \u00e1tszervez\u00e9sek id\u0151szak\u00e1ban Veraszt\u00f3 J\u00f3zsef bizonyos cselekedeteivel. Amit r\u00e9szben megbesz\u00e9lt\u00fcnk \u00e9s r\u00e9szben meg\u00e9rtek. De tov\u00e1bbra is helytelennek tartom jelenleg is. Lett volna m\u00e1s megold\u00e1sa is a helyzetnek ami nem korb\u00e1csolta volna fel ennyire az indulatokat. Mivel a helyi munkav\u00e1llal\u00f3i k\u00f6r nem v\u00e1ltozott ez\u00e9rt a rendelkez\u00e9sre \u00e1ll\u00f3 \u00e1llom\u00e1ny k\u00f6z\u00fcl j\u00f3 d\u00f6nt\u00e9s megb\u00edzni Veraszt\u00f3 J\u00f3zsefet. A lehet\u0151s\u00e9geink hat\u00e1r\u00e1ig addig lesz\u00fcnk, hogy a helybeli oktat\u00e1st min\u00e9l tov\u00e1bb megtartsuk. T\u00f6rekedj az oktat\u00e1s sz\u00ednvonal\u00e1nak magas szinten tart\u00e1s\u00e1ra.<\/p>\n<p>A test\u00fclet egyhang\u00fa szavaz\u00e1son egyet\u00e9rt azzal, hogy az iskola igazgat\u00f3ja tagint\u00e9zm\u00e9ny vezet\u0151 megb\u00edz\u00e1st adjon Veraszt\u00f3 J\u00f3zsefnek.<\/p>\n<p><strong>Pusztain\u00e9 Szab\u00f3 Margit igazgat\u00f3: <\/strong>Munk\u00e1m sor\u00e1n azon leszek, hogy a kardosk\u00fati iskol\u00e1t ne elsorvasszuk hanem kivir\u00e1goztassuk, fejlessz\u00fck. Azon leszek, hogy a sz\u00fcl\u0151k a helyi iskol\u00e1ba \u00edrass\u00e1k a gyermekeket. A t\u00f6rv\u00e9nyess\u00e9g \u00e9s a szakszer\u0171s\u00e9g lesz jellemz\u0151 a munk\u00e1ra.<\/p>\n<p>Ramasz Imre a lej\u00e1rt hat\u00e1ridej\u0171 hat\u00e1rozatokr\u00f3l \u00e9s a k\u00e9t test\u00fcleti \u00fcl\u00e9s k\u00f6z\u00f6tt eltelt id\u0151szakr\u00f3l sz\u00e1mol be:<\/p>\n<p>Mozg\u00f3k\u00f6nyvt\u00e1r l\u00e9trehoz\u00e1s\u00e1r\u00f3l sz\u00fcletett meg\u00e1llapod\u00e1s de jelenleg m\u00e9g nem indult meg a szolg\u00e1ltat\u00e1s technikai akad\u00e1lyok miatt.<\/p>\n<p>Az \u00f3voda vezet\u00e9s\u00e9vel Moln\u00e1r S\u00e1ndorn\u00e9t b\u00edztuk meg 2008. augusztus 1. napj\u00e1t\u00f3l 2009. j\u00falius 31-ig. \u00a0Majd ezut\u00e1n p\u00e1ly\u00e1zat ker\u00fcl ki\u00edr\u00e1sra \u00e9s ezt k\u00f6vet\u0151en nem megb\u00edzott hanem kinevezett vezet\u0151je lesz az int\u00e9zm\u00e9nynek a p\u00e1ly\u00e1zat elb\u00edr\u00e1l\u00e1sa ut\u00e1n.<\/p>\n<p>D\u00f6nt\u00f6tt\u00fcnk arr\u00f3l, hogy testv\u00e9rtelep\u00fcl\u00e9seink sz\u00e1m\u00e1ra \u00e1tadunk ingyenes haszn\u00e1latra egy laptopot \u00e9s egy projektort. Ez legut\u00f3bbi erd\u00e9lyi l\u00e1togat\u00e1sunkkor \u00e1tad\u00e1sra ker\u00fclt a homor\u00f3ddar\u00f3ci \u00e1ltal\u00e1nos iskol\u00e1nak.<\/p>\n<p>D\u00f6nt\u00f6tt\u00fcnk tov\u00e1bb\u00e1 arr\u00f3l, hogy az \u00f3voda 2008. 06. 30-ig kett\u0151 csoporttal m\u0171k\u00f6dik 3 \u00f3v\u00f3n\u0151 \u00e9s 2 dajka k\u00f6zrem\u0171k\u00f6d\u00e9s\u00e9vel. Ekkor d\u00f6nt\u00f6tt\u00fcnk arr\u00f3l is, hogy a 2008\/2009-es tan\u00e9vben egy \u00f3vodai csoport fog kialak\u00edt\u00e1sra ker\u00fclni \u00e9s ennek megfelel\u0151 szem\u00e9lyzet lesz alkalmazva a gyermekl\u00e9tsz\u00e1m cs\u00f6kken\u00e9se miatt.<\/p>\n<p>A k\u00e9t test\u00fcleti \u00fcl\u00e9s k\u00f6z\u00f6tti id\u0151szakban rengeteg egyeztet\u00e9s t\u00f6rt\u00e9n az iskola \u00e1tad\u00e1sa kapcs\u00e1n. Bizotts\u00e1gi \u00fcl\u00e9sek, egyeztet\u00e9sek zajlottak.<\/p>\n<p>Kist\u00e9rs\u00e9gi t\u00e1rsas\u00e1gi \u00fcl\u00e9sre kett\u0151 alkalommal ker\u00fclt sor az elm\u00falt id\u0151szakban. Pedag\u00f3gia szakszolg\u00e1latr\u00f3l volt sz\u00f3. Ebben a feladatban eddig Kardosk\u00fat nem vett r\u00e9szt, de ezent\u00fal szeretn\u00e9k bekapcsol\u00f3dni a szakszolg\u00e1lati ell\u00e1t\u00e1sba.<\/p>\n<p>Kist\u00e9rs\u00e9gi p\u00e1ly\u00e1zati bead\u00e1sr\u00f3l d\u00f6nt\u00f6tt\u00fcnk &#8211; gyermekv\u00e9delmi akci\u00f3k t\u00e1mogat\u00e1s\u00e1ra &#8211; k\u00f6zel 20 milli\u00f3 forint \u00e9rt\u00e9kben.<\/p>\n<p>A test\u00fclet egyhang\u00falag elfogadta a besz\u00e1mol\u00f3t.<\/p>\n<p><strong>K\u00f6vetkez\u0151 napirendi pontban els\u0151k\u00e9nt Veraszt\u00f3 J\u00f3zsef besz\u00e1mol\u00f3ja k\u00f6vetkezik.<\/strong><\/p>\n<p><strong>Veraszt\u00f3 J\u00f3zsef mb. igazgat\u00f3: <\/strong>\u00d6sszess\u00e9g\u00e9ben amit elmondhatok, hogy a munkaterv 90%-a megval\u00f3sult az elm\u00falt tan\u00e9vben. K\u00f6sz\u00f6nhet\u0151en a j\u00f3 kapcsolatnak a sz\u00fcl\u0151kkel, pedag\u00f3gusokkal \u00e9s a fenntart\u00f3val. Az, hogy az \u00e1tmenet miatt fesz\u00fclts\u00e9gek keletkeztek \u00e9s a bizonytalans\u00e1g sok\u00e1ig uralta a hangulatot az a dolgok term\u00e9szetes velej\u00e1r\u00f3ja. Azt gondolom, hogy a t\u0171r\u00e9shat\u00e1rt nem l\u00e9pte \u00e1t. Kieg\u00e9sz\u00edt\u00e9sem ennyi lett volna. V\u00e1rom a k\u00e9rd\u00e9seket.<\/p>\n<p><strong>M\u00f3rocz Lajos k\u00e9pvisel\u0151:<\/strong> Olvastam az \u00edr\u00e1sos anyagban, hogy 4 tanul\u00f3 p\u00f3tvizsg\u00e1ra szorult. Ezek szellemileg visszamaradott di\u00e1kok vagy csak a hozz\u00e1\u00e1ll\u00e1suk nem megfelel\u0151?<\/p>\n<p><strong>Veraszt\u00f3 J\u00f3zsef mb. igazgat\u00f3: <\/strong>Amikor buktatni kell az nem csak a di\u00e1k hanem a pedag\u00f3gus \u00e9s a rendszer kudarca is. A n\u00e9gy di\u00e1k k\u00f6z\u00fcl a jav\u00edt\u00f3vizsga kett\u0151nek siker\u00fclt. A n\u00e9gyb\u0151l egynek a k\u00e9pess\u00e9gek hi\u00e1nya az oka. A m\u00e1sik h\u00e1romnak viszont a nem megfelel\u0151 hozz\u00e1\u00e1ll\u00e1s a<\/p>\n<p>munk\u00e1hoz.<\/p>\n<p><strong>Pusztai \u00c1d\u00e1m k\u00e9pvisel\u0151: <\/strong>Mivel szinte az eg\u00e9sz \u00e9vet az int\u00e9zm\u00e9nyben t\u00f6lt\u00f6ttem \u00e9s most \u00e9ln\u00e9k \u00e9szrev\u00e9telekkel nem akkor, hib\u00e1t k\u00f6vetn\u00e9k el. Biztosan, nyugodtan \u00e1ll\u00edthatom, hogy a megel\u0151z\u0151 \u00e9vekhez hasonl\u00f3an \u00e1llja a versenyt az iskola. Vannak ter\u00fcletek ahol jobban is teljes\u00edt mint el\u0151tte.<\/p>\n<p>Moln\u00e1r S\u00e1ndorn\u00e9 kapja meg a sz\u00f3t. Az \u00f3vodai munka \u00edr\u00e1sos besz\u00e1mol\u00f3j\u00e1hoz f\u0171zhet sz\u00f3beli kieg\u00e9sz\u00edt\u00e9st.<\/p>\n<p><strong>Moln\u00e1r S\u00e1ndorn\u00e9 \u00f3vodavezet\u0151: <\/strong>Az \u00edr\u00e1sban leadott besz\u00e1mol\u00f3mat annyival szeretn\u00e9m kieg\u00e9sz\u00edteni, hogy polg\u00e1rmester \u00farral egyeztetve az idei fel\u00faj\u00edt\u00e1si munk\u00e1nkat elhalasszuk egy \u00e9vvel \u00e9s j\u00f6v\u0151re egy komplettebb fel\u00faj\u00edt\u00e1st tervez\u00fcnk. Viszont minim\u00e1lis k\u00fcls\u0151 rekonstrukci\u00f3 elkelne az \u00e9p\u00fcletn\u00e9l. A munka m\u00e1r megkezd\u0151d\u00f6tt az \u00f3vod\u00e1ban. Megfelel\u0151 eszk\u00f6z\u00f6kkel \u00e9s felk\u00e9sz\u00fclt szem\u00e9lyzettel v\u00e1rjuk a lurk\u00f3kat.<\/p>\n<p>Ramasz Imre \u00e1tadja a k\u00e9rdez\u00e9s jog\u00e1t a k\u00e9pvisel\u0151knek de ezzel senki nem \u00e9l.<\/p>\n<p><strong>Ramasz Imre polg\u00e1rmester:<\/strong> Mindenk\u00e9ppen egy korszak lez\u00e1rult. 2008. szeptember 1-t\u0151l szeg\u00e9nyebbek lett\u00fcnk egy int\u00e9zm\u00e9nnyel de gazdagabbak egy m\u00e1sik int\u00e9zm\u00e9nnyel hiszen az \u00f3voda \u00f6n\u00e1ll\u00f3 int\u00e9zm\u00e9nyk\u00e9nt tov\u00e1bb m\u0171k\u00f6dik. Nem \u00f6r\u00f6m ez sz\u00e1munkra. Meg\u00e9lt\u00fck azt amit meg\u00e9lt\u00fcnk. Azt k\u00e9rem mindenkit\u0151l, hogy a jelenlegi form\u00e1ban is seg\u00edtse mindk\u00e9t int\u00e9zm\u00e9nyt. B\u00edzzunk abban, hogy lesznek m\u00e9g lehet\u0151s\u00e9geink a v\u00e1ltoztat\u00e1sra.<\/p>\n<p>Egyhang\u00fa szavaz\u00e1ssal elfogadja a test\u00fclet az elm\u00falt tan\u00e9v besz\u00e1mol\u00f3j\u00e1t.<\/p>\n<p>Veraszt\u00f3 J\u00f3zsef z\u00e1rsz\u00f3k\u00e9nt megk\u00f6sz\u00f6ni a bizalmat a test\u00fcletnek. Mindent megtesz a j\u00f6v\u0151ben is, hogy megfeleljen a kih\u00edv\u00e1soknak.<\/p>\n<p>K\u00f6vetkez\u0151 napirendi pont a f\u00e9l\u00e9ves k\u00f6lts\u00e9gvet\u00e9si besz\u00e1mol\u00f3 megvitat\u00e1sa, elfogad\u00e1sa.<\/p>\n<p>Az \u00edr\u00e1sos besz\u00e1mol\u00f3 mindenki r\u00e9sz\u00e9re id\u0151ben el lett juttatva. Sz\u00f3ban nem k\u00edv\u00e1n kieg\u00e9sz\u00edt\u00e9seket tenni polg\u00e1rmester \u00far. V\u00e1rja a k\u00e9rd\u00e9seket.<\/p>\n<p>Pusztai \u00c1d\u00e1m az \u00fcgyrendi bizotts\u00e1g tagjak\u00e9nt elmondja, hogy a besz\u00e1mol\u00f3 sz\u00e1mszaki adatai megfelelnek a val\u00f3s\u00e1gnak. Az \u00fcgyrendi bizotts\u00e1g javasolja a f\u00e9l\u00e9ves besz\u00e1mol\u00f3 \u00e9s a hozz\u00e1 tartoz\u00f3 hat\u00e1rozati javaslat m\u00f3dos\u00edt\u00e1s\u00e1nak elfogad\u00e1s\u00e1t.<\/p>\n<p><strong>Gombk\u00f6t\u0151 Csab\u00e1n\u00e9 k\u00e9pvisel\u0151:<\/strong> K\u00e9t k\u00e9rd\u00e9s fogalmaz\u00f3dott meg bennem. Az els\u0151, hogy mi\u00e9rt olyan kev\u00e9s az ipar\u0171z\u00e9si ad\u00f3 eddig befolyt \u00f6sszege. A m\u00e1sik, hogy j\u00e1rdafel\u00faj\u00edt\u00e1sra egymilli\u00f3 forint lett megszavazva. Ez fel lett e m\u00e1r haszn\u00e1lva?<\/p>\n<p><strong>T\u00f3th J\u00f3zsefn\u00e9 el\u0151ad\u00f3:<\/strong> Ipar\u0171z\u00e9si ad\u00f3n\u00e1l a 2007 \u00e9vben beadott 2006 \u00e9vi bevall\u00e1sok alapj\u00e1n t\u00f6rt\u00e9nik az el\u0151leg fizet\u00e9s. Ez alapj\u00e1n lett be\u00e1ll\u00edtva az el\u0151ir\u00e1nyzat. K\u00f6zben sz\u0171nnek meg v\u00e1llalkoz\u00e1sok. Eltelep\u00fclnek v\u00e1llalkoz\u00e1sok. Valamint 7 milli\u00f3 forintot utaltunk vissza t\u00falfizet\u00e9sk\u00e9nt egyes c\u00e9geknek. Ez is cs\u00f6kkentette a teljes\u00edt\u00e9st. Minim\u00e1lis a h\u00e1tral\u00e9kos ad\u00f3z\u00f3 az ipar\u0171z\u00e9s ter\u00e9n.<\/p>\n<p><strong>Ramasz Imre polg\u00e1rmester:<\/strong> Minden \u00e9vben \u00edgy szokott lenni, hogy az \u00e9v els\u0151 fel\u00e9ben kevesebb befizet\u00e9sek t\u00f6rt\u00e9nnek. Az \u00e9v v\u00e9ge fel\u00e9 realiz\u00e1l\u00f3dnak a befizet\u00e9sek. Nem irre\u00e1lis az a 120.000.000 forintos ipar\u0171z\u00e9si ad\u00f3 amit betervezt\u00fcnk. A j\u00e1rdafel\u00faj\u00edt\u00e1s m\u00e9g nem t\u00f6rt\u00e9nt meg. Meg kell hirdetni, aj\u00e1nlatokat bek\u00e9rni \u00e9s \u00e9rt\u00e9kelni. Az \u0151sz egy\u00e9bk\u00e9nt is kedvez a megval\u00f3s\u00edt\u00e1snak. H\u00e1rom helyen fog megval\u00f3sulni j\u00e1rdafel\u00faj\u00edt\u00e1s: az orvosi szolg\u00e1lati lak\u00e1s melletti r\u00e9szen a J\u00f3zsef Attila utc\u00e1n, szemben vele a &#8222;Feh\u00e9r h\u00e1z&#8221; melletti r\u00e9szen, valamint a gy\u00f3gyszert\u00e1r el\u0151tti r\u00e9szen. \u00d6sszess\u00e9g\u00e9ben \u00fagy \u00edt\u00e9lem meg, hogy a gazdas\u00e1gi \u00e9vet v\u00e9gig tudjuk vinni komolyabb gond n\u00e9lk\u00fcl.<\/p>\n<p>A test\u00fclet egyhang\u00fa szavaz\u00e1ssal elfogadta a\u00a0 2008 \u00e9vi k\u00f6lts\u00e9gvet\u00e9s f\u00e9l\u00e9ves besz\u00e1mol\u00f3j\u00e1t.<br \/>\n<strong><br \/>\nHarmadik napirendi pont az okt\u00f3ber 23-i \u00fcnneps\u00e9g el\u0151k\u00e9sz\u00edt\u00e9se. <\/strong><\/p>\n<p><strong>Ramasz Imre polg\u00e1rmester: <\/strong>alapvet\u0151en k\u00e9t koncepci\u00f3ban gondolkodtam az \u00fcnneps\u00e9get illet\u0151en. Az els\u0151 vari\u00e1ci\u00f3 a szok\u00e1sos keretek k\u00f6z\u00f6tt lezajl\u00f3 \u00fcnneps\u00e9g okt\u00f3ber 23-\u00e1n este 18.00 \u00f3r\u00e1t\u00f3l a m\u0171vel\u0151d\u00e9si h\u00e1z nagyterm\u00e9ben \u00e9s ezut\u00e1n koszor\u00faz\u00e1ssal z\u00e1rn\u00e1nk a M\u00e1rcius 15 t\u00e9ren az \u00fcnneps\u00e9get. A m\u00e1sodik vari\u00e1ci\u00f3t egy k\u00e9s\u0151bbi d\u00f6nt\u00e9s is befoly\u00e1solja. Gondoltam arra ugyanis, hogy ha az eredeti befejez\u00e9si id\u0151pont szerint a Pet\u0151fi utcai \u00fatfel\u00faj\u00edt\u00e1s okt\u00f3ber 20-ra elk\u00e9sz\u00fclne akkor egybe lehetne k\u00f6tni az okt\u00f3ber 23-i \u00fcnneps\u00e9get egy \u00fcnnep\u00e9lyes \u00fatavat\u00e1ssal.<br \/>\n<strong><br \/>\nPappn\u00e9 Neller Borb\u00e1la m\u0171vel\u0151d\u00e9si h\u00e1z igazgat\u00f3: <\/strong>Az elm\u00falt \u00e9vekhez hasonl\u00f3an az \u00e1ltal\u00e1nos iskol\u00e1t k\u00e9rn\u00e9nk fel egy \u00fcnnepi m\u0171sor elk\u00e9sz\u00edt\u00e9s\u00e9re. Viszont vagy m\u00e1r az id\u00e9n, esetleg j\u00f6v\u0151re lehetne h\u00edvni egy-k\u00e9t m\u0171v\u00e9szt akik \u00fcnnepi m\u0171sorukkal emeln\u00e9k a rendezv\u00e9ny sz\u00ednvonal\u00e1t. Valamint az elm\u00falt \u00e9vekhez hasonl\u00f3an egy fot\u00f3mont\u00e1zs is levet\u00edt\u00e9sre ker\u00fclhet.<\/p>\n<p><strong>Gombk\u00f6t\u0151 Lajos k\u00e9pvisel\u0151: <\/strong>V\u00e9lem\u00e9nyem szerint nem biztos, hogy szerencs\u00e9s egy \u00fat\u00e1tad\u00e1st az okt\u00f3ber 23-i m\u0171sorhoz k\u00f6tni. Amikor elk\u00e9sz\u00fcl az \u00fat akkor legyen egy k\u00fcl\u00f6n\u00e1ll\u00f3 \u00fcnneps\u00e9g keret\u00e9ben felavatva. Javaslom, hogy a szok\u00e1sos keretek k\u00f6z\u00f6tt \u00fcnnepelj\u00fcnk.<\/p>\n<p>A k\u00e9pvisel\u0151test\u00fclet egyhang\u00fa szavaz\u00e1ssal az okt\u00f3ber 23-i \u00fcnneps\u00e9g szokott keretek k\u00f6z\u00f6tti megtart\u00e1sa mellett szavaz 2008. okt\u00f3ber 23-\u00e1n este 6 \u00f3rai kezdettel. Egyben felk\u00e9ri Pappn\u00e9 Neller Borb\u00e1la m\u0171vel\u0151d\u00e9si h\u00e1z vezet\u0151t az \u00fcnneps\u00e9g megszervez\u00e9s\u00e9re \u00e9s az \u00fcnnepi besz\u00e9d elmond\u00e1s\u00e1ra.<\/p>\n<p><strong>El\u0151terjeszt\u00e9sek k\u00f6vetkeztek:<\/strong><\/p>\n<p>Egyhang\u00fa szavaz\u00e1ssal d\u00f6nt\u00f6tt a test\u00fclet, hogy az id\u00e9n is csatlakoznak a Bursa Hungarica \u00f6szt\u00f6nd\u00edj programhoz.<\/p>\n<p>A Kardosk\u00fat K\u00f6zs\u00e9g\u00e9rt K\u00f6zalap\u00edtv\u00e1ny k\u00e9t tagja lemond\u00e1s\u00e1t ny\u00fajtotta be a test\u00fcletnek. Id\u0151k\u00f6zben olyan t\u00f6rv\u00e9nyek l\u00e1ttak napvil\u00e1got, amely a m\u00e1sik h\u00e1rom tagnak is megk\u00e9rd\u0151jelezik az alap\u00edtv\u00e1nyban bet\u00f6lt\u00f6tt szerep\u00e9t \u00f6sszef\u00e9rhetetlens\u00e9g miatt. A test\u00fclet meg\u00e1llapodott, hogy a k\u00f6vetkez\u0151 \u00fcl\u00e9sen javaslatot tesznek a meg\u00fcresedett helyek bet\u00f6lt\u00e9s\u00e9re.<\/p>\n<p>K\u00e9t k\u00e9relem \u00e9rkezett a test\u00fclethez. A polg\u00e1r\u0151rs\u00e9g 200.000 Ft. t\u00e1mogat\u00e1st k\u00e9rt amelyb\u0151l a NIVA terepj\u00e1r\u00f3t m\u0171szakiztatn\u00e1k le, valamint \u00fczemanyagra k\u00f6lten\u00e9k az esetlegesen fennmarad\u00f3 r\u00e9szt. A Radn\u00f3ti Mikl\u00f3s Nyugd\u00edjas Klub is k\u00e9relemmel \u00e9lt a test\u00fclethez: az \u00e9ves &#8222;nagykir\u00e1ndul\u00e1sokhoz&#8221; amelyen az id\u00e9n P\u00e9cs \u00e9s k\u00f6rny\u00e9k\u00e9nek nevezetess\u00e9g\u00e9t tekintik meg, k\u00e9rnek 150.000.- Ft-ot a buszk\u00f6lts\u00e9g fedez\u00e9s\u00e9re.<\/p>\n<p>A test\u00fclet mindk\u00e9t k\u00e9relmet egyhang\u00fa szavaz\u00e1ssal t\u00e1mogatta.<\/p>\n<p>K\u00f6vetkez\u0151 sarkalatos pontja az \u00fcl\u00e9snek a Pet\u0151fi utcai \u00fatfel\u00faj\u00edt\u00e1s. Jelent\u0151s l\u00e9p\u00e9s ez a telep\u00fcl\u00e9s \u00e9let\u00e9ben. A f\u0151\u00fat eg\u00e9sz\u00e9nek sz\u00e9les\u00edt\u00e9s\u00e9re nyert\u00fcnk p\u00e1ly\u00e1zatot amely kivitelez\u00e9s\u00e9re ki is \u00edrta az \u00f6nkorm\u00e1nyzat a p\u00e1ly\u00e1zatot. H\u00e1rom aj\u00e1nlat \u00e9rkezett a kivitelez\u00e9sre. Az aj\u00e1nlatokat egy \u00f6t f\u0151s bizotts\u00e1g \u00e9rt\u00e9kelte. A beadott p\u00e1ly\u00e1zatokat t\u00e9telesen \u00e1tn\u00e9zt\u00e9k, mennyire felelnek meg a felh\u00edv\u00e1snak. A bizotts\u00e1g javaslattal \u00e9l, viszont a test\u00fcletnek kell a d\u00f6nt\u00e9st meghozni \u00e9s felhatalmazni a polg\u00e1rmestert a kivitelez\u0151i szerz\u0151d\u00e9s megk\u00f6t\u00e9s\u00e9re.<\/p>\n<p>A b\u00edr\u00e1l\u00f3 bizotts\u00e1g a k\u00f6vetkez\u0151 meg\u00e1llap\u00edt\u00e1st tette: a 3 beadott p\u00e1ly\u00e1zatb\u00f3l 2 \u00e9rv\u00e9nyes, ebb\u0151l az egyik formai hib\u00e1t tartalmaz. Egy p\u00e1ly\u00e1zat \u00e9rv\u00e9nytelen. A 2 \u00e9rv\u00e9nyes p\u00e1ly\u00e1zatb\u00f3l a kedvez\u0151bb \u00e1rat aj\u00e1nl\u00f3 c\u00e9g a Colas-Debrecen \u00dat\u00e9p\u00edt\u0151 Zrt.<\/p>\n<p><strong>A bizotts\u00e1g k\u00e9t javaslatot tesz:<\/strong><\/p>\n<p>Az elj\u00e1r\u00e1s eredm\u00e9nytelenn\u00e9 nyilv\u00e1n\u00edt\u00e1s\u00e1t \u00e9s \u00faj k\u00f6zbeszerz\u00e9si elj\u00e1r\u00e1s lefolytat\u00e1s\u00e1t javasolja.<br \/>\n<strong>b.<\/strong> A k\u00f6zbeszerz\u00e9si elj\u00e1r\u00e1s nyertese a Colas-Debrecen \u00dat\u00e9p\u00edt\u0151 Zrt. Az \u00e9p\u00edt\u00e9si szerz\u0151d\u00e9s megk\u00f6t\u00e9s\u00e9re meghatalmazza Ramasz Imre polg\u00e1rmestert.<\/p>\n<p><strong>Ramasz Imre polg\u00e1rmester:<\/strong> Neh\u00e9z helyzetben vagyunk. A legalacsonyabb \u00e9rv\u00e9nyes \u00e1raj\u00e1nlatot tev\u0151 Colas-Debrecen \u00dat\u00e9p\u00edt\u0151 Zrt. aj\u00e1nlata is meghaladja a p\u00e1ly\u00e1zati \u00f6sszeget ami valamivel t\u00f6bb, mint 39 milli\u00f3 forint. Kock\u00e1zatos kihirdetni gy\u0151ztesnek a ZRT.-t mivel meghaladja az \u00e1raj\u00e1nlat a rendelkez\u00e9sre \u00e1ll\u00f3 \u00f6sszeget \u00e9s ez t\u00f6rv\u00e9nyileg agg\u00e1lyos. A j\u00e1rhat\u00f3 \u00fat az az lehet v\u00e9lem\u00e9nyem szerint, hogy eredm\u00e9nytelennek nyilv\u00e1n\u00edtjuk a k\u00f6zbeszerz\u00e9si elj\u00e1r\u00e1st \u00e9s azonnal egy \u00fajabbat \u00edrunk ki, r\u00f6vid bead\u00e1si hat\u00e1rid\u0151vel. \u00cdgy tal\u00e1n nem cs\u00faszunk sokat \u00e9s az \u00fatfel\u00faj\u00edt\u00e1s okt\u00f3ber 30-ig megval\u00f3sulhat.<\/p>\n<p><strong>M\u00e9sz\u00e1ros Erzs\u00e9bet jegyz\u0151: <\/strong>A k\u00f6zbeszerz\u00e9sben \u00e9rv\u00e9nytelennek nyilv\u00e1n\u00edtott p\u00e1ly\u00e1zat oka az al\u00e1\u00edr\u00e1s. A felh\u00edv\u00e1sban c\u00e9gszer\u0171 al\u00e1\u00edr\u00e1st k\u00e9rt\u00fcnk de az aj\u00e1nlattev\u0151 meghatalmazottal \u00edrta al\u00e1. \u00cdgy nem lehet elfogadni t\u00f6rv\u00e9nyileg a beadott p\u00e1ly\u00e1zatot. A d\u00f6nt\u00e9s a test\u00fclet\u00e9.<\/p>\n<p><strong>Ramasz Imre polg\u00e1rmester:<\/strong> Telefonon besz\u00e9ltem a m\u0171szaki ellen\u0151rz\u00e9st v\u00e9gz\u0151 szakemberrel. \u0150 azt mondta, hogy ha a kivitelez\u0151 c\u00e9g\u00a0 egy komolyabb g\u00e9pparkkal, t\u00f6bb helyen egyszerre v\u00e9gzi a fel\u00faj\u00edt\u00e1st akkor re\u00e1lis lehet\u0151s\u00e9g van arra, hogy okt\u00f3ber 25 k\u00f6r\u00fclre elk\u00e9sz\u00fclj\u00f6n az aszfaltoz\u00e1s. Term\u00e9szetesen az id\u0151j\u00e1r\u00e1st nem lehet el\u0151re l\u00e1tni. Id\u0151nk van, de a j\u00f6v\u0151 \u00e9vi kivitelez\u00e9s agg\u00e1lyos az \u00fat melletti f\u00e1k veget\u00e1ci\u00f3ja miatt.<\/p>\n<p><strong>Kulima Istv\u00e1n k\u00e9pvisel\u0151:<\/strong> Szerintem \u00edrjunk ki \u00faj k\u00f6zbeszerz\u00e9si elj\u00e1r\u00e1st. A test\u00fclet ne v\u00e1llaljon fel olyat amit nem musz\u00e1j f\u0151leg ha az t\u00f6rv\u00e9nyileg agg\u00e1lyos. Az 1-1,5 h\u00e9t cs\u00fasz\u00e1s nem lehet akad\u00e1ly.<\/p>\n<p><strong>Gub Andr\u00e1s k\u00e9pvisel\u0151:<\/strong> Javaslom az \u00faj k\u00f6zbeszerz\u00e9si elj\u00e1r\u00e1s ki\u00edr\u00e1s\u00e1t min\u00e9l hamarabb.<\/p>\n<p>A k\u00e9pvisel\u0151test\u00fclet egyhang\u00fa szavaz\u00e1ssal \u00e9rv\u00e9nytelennek nyilv\u00e1n\u00edtotta a k\u00f6zbeszerz\u00e9si elj\u00e1r\u00e1st. Egyben d\u00f6nt\u00f6tt egy \u00faj elj\u00e1r\u00e1s ki\u00edr\u00e1s\u00e1r\u00f3l. Valamint felhatalmazza a polg\u00e1rmestert, hogy \u00e9rv\u00e9nyes, k\u00f6lts\u00e9gkeretbe belef\u00e9r\u0151, hat\u00e1rid\u0151t v\u00e1llal\u00f3, legalacsonyabb aj\u00e1nlattev\u0151vel k\u00f6sse meg a kivitelez\u00e9si szerz\u0151d\u00e9st.<\/p>\n<p><strong>Ramasz Imre polg\u00e1rmester<\/strong>: A test\u00fcleti \u00fcl\u00e9s elej\u00e9n elmondtam, hogy Veraszt\u00f3n\u00e9 Szab\u00f3 Ir\u00e9n k\u00e9pvisel\u0151t\u00e1rsunk jelezte, hogy betegs\u00e9ge miatt nem tud jelen lenni az \u00fcl\u00e9sen. A tegnapi nap folyam\u00e1n egy levelet juttatott el r\u00e9szemre amelyet megk\u00e9rt, hogy ismertessek a test\u00fclet el\u0151tt:<\/p>\n<p>Tisztelt K\u00e9pvisel\u0151-test\u00fclet<\/p>\n<p>Bejelent\u00e9ssel \u00e9lek a test\u00fclet fel\u00e9, hogy lemondok k\u00e9pvisel\u0151-test\u00fcleti tags\u00e1gomr\u00f3l. Indokom: el\u0151rel\u00e1that\u00f3lag hossz\u00fa ideig kezel\u00e9s sorozaton kell \u00e1tesnem. \u00dagy gondolom, hogy hi\u00e1nyz\u00e1saimmal nem h\u00e1tr\u00e1ltathatom a test\u00fclet zavartalan munk\u00e1j\u00e1t. \u00c9s \u00edgy \u00e9n sem tudok eleget tenni k\u00e9pvisel\u0151i feladataimnak. K\u00e9rem bejelent\u00e9sem tudom\u00e1sul v\u00e9tel\u00e9t.<\/p>\n<p>Tisztelettel:<br \/>\nVeraszt\u00f3n\u00e9 Szab\u00f3 Ir\u00e9n<br \/>\nKardosk\u00fat, 2008. augusztus 27.<\/p>\n<p>A k\u00e9pvisel\u0151-test\u00fclet hangs\u00falyosan kiemelve: elismerve Veraszt\u00f3n\u00e9 Szab\u00f3 Ir\u00e9n k\u00e9pvisel\u0151i munk\u00e1j\u00e1t, bizotts\u00e1gban v\u00e9gzett munk\u00e1j\u00e1t egyhang\u00fa szavaz\u00e1ssal tudom\u00e1sul veszi lemond\u00e1s\u00e1t. Megb\u00edzza dr. M\u00e9sz\u00e1ros Erzs\u00e9bet jegyz\u0151t, hogy a k\u00f6vetkez\u0151 k\u00e9pvisel\u0151-test\u00fcleti \u00fcl\u00e9sre k\u00e9sz\u00edtse el\u0151 a mand\u00e1tum bet\u00f6lt\u00e9s\u00e9vel kapcsolatos el\u0151terjeszt\u00e9s\u00e9t.<\/p>\n<p><strong>Pusztai \u00c1d\u00e1m k\u00e9pvisel\u0151<\/strong> k\u00e9r sz\u00f3t: 16 \u00e9vvel ezel\u0151tt amikor a szolg\u00e1lati lak\u00e1sba k\u00f6lt\u00f6ztem itt Kardosk\u00faton sem volt m\u00e1r \u00faj a kaz\u00e1n a h\u00e1zn\u00e1l. Az id\u0151k folyam\u00e1n az \u00e1llapota csak romlott. Arra k\u00e9rem a k\u00e9pvisel\u0151-test\u00fcletet, hogy a kaz\u00e1n cser\u00e9j\u00e9hez 150.000.-Ft-ot megszavazni sz\u00edveskedjen.<\/p>\n<p>A k\u00e9pvisel\u0151-test\u00fclet egyhang\u00fa szavaz\u00e1ssal a kaz\u00e1n cser\u00e9je mellett d\u00f6nt\u00f6tt.<\/p>\n<p>Az \u00fcl\u00e9s szoci\u00e1lis k\u00e9relmekkel z\u00e1rt \u00fcl\u00e9s keret\u00e9ben folytat\u00f3dott.<\/p>\n","protected":false},"excerpt":{"rendered":"<p>Kardosk\u00fat K\u00f6zs\u00e9g \u00d6nkorm\u00e1nyzat\u00e1nak K\u00e9pvisel\u0151-test\u00fclete 2008. augusztus 28-\u00e1n (cs\u00fct\u00f6rt\u00f6k\u00f6n) 14 \u00f3rai kezdettel tartotta soron k\u00f6vetkez\u0151 \u00fcl\u00e9s\u00e9t. Az \u00fcl\u00e9s napirendje: Besz\u00e1mol\u00f3 a Kardosk\u00fati \u00c1ltal\u00e1nos iskola \u00e9s Napk\u00f6zi-otthonos \u00d3voda 2007\/2008-as tan\u00e9v\u00e9ben v\u00e9gzett munk\u00e1j\u00e1r\u00f3l. Besz\u00e1mol\u00f3 jelent\u00e9s Kardosk\u00fat K\u00f6zs\u00e9g \u00d6nkorm\u00e1nyzat\u00e1nak 2008. \u00e9vi k\u00f6lts\u00e9gvet\u00e9s\u00e9nek I. f\u00e9l\u00e9vi teljes\u00edt\u00e9s\u00e9r\u0151l. El\u0151ad\u00f3: Ramasz Imre polg\u00e1rmester, dr. M\u00e9sz\u00e1ros Erzs\u00e9bet jegyz\u0151 Okt\u00f3ber 23-i Nemzeti \u00dcnnep el\u0151k\u00e9sz\u00edt\u00e9se. El\u0151ad\u00f3: &hellip; <\/p>\n<p class=\"link-more\"><a href=\"https:\/\/www.kardoskut.hu\/?p=880\" class=\"more-link\"><span class=\"screen-reader-text\">&#8222;Besz\u00e1mol\u00f3 a test\u00fcleti \u00fcl\u00e9sr\u0151l&#8221;<\/span> b\u0151vebben<\/a><\/p>\n","protected":false},"author":1,"featured_media":0,"comment_status":"closed","ping_status":"closed","sticky":false,"template":"","format":"standard","meta":{"footnotes":""},"categories":[10],"tags":[],"class_list":["post-880","post","type-post","status-publish","format-standard","hentry","category-10"],"_links":{"self":[{"href":"https:\/\/www.kardoskut.hu\/index.php?rest_route=\/wp\/v2\/posts\/880","targetHints":{"allow":["GET"]}}],"collection":[{"href":"https:\/\/www.kardoskut.hu\/index.php?rest_route=\/wp\/v2\/posts"}],"about":[{"href":"https:\/\/www.kardoskut.hu\/index.php?rest_route=\/wp\/v2\/types\/post"}],"author":[{"embeddable":true,"href":"https:\/\/www.kardoskut.hu\/index.php?rest_route=\/wp\/v2\/users\/1"}],"replies":[{"embeddable":true,"href":"https:\/\/www.kardoskut.hu\/index.php?rest_route=%2Fwp%2Fv2%2Fcomments&post=880"}],"version-history":[{"count":1,"href":"https:\/\/www.kardoskut.hu\/index.php?rest_route=\/wp\/v2\/posts\/880\/revisions"}],"predecessor-version":[{"id":883,"href":"https:\/\/www.kardoskut.hu\/index.php?rest_route=\/wp\/v2\/posts\/880\/revisions\/883"}],"wp:attachment":[{"href":"https:\/\/www.kardoskut.hu\/index.php?rest_route=%2Fwp%2Fv2%2Fmedia&parent=880"}],"wp:term":[{"taxonomy":"category","embeddable":true,"href":"https:\/\/www.kardoskut.hu\/index.php?rest_route=%2Fwp%2Fv2%2Fcategories&post=880"},{"taxonomy":"post_tag","embeddable":true,"href":"https:\/\/www.kardoskut.hu\/index.php?rest_route=%2Fwp%2Fv2%2Ftags&post=880"}],"curies":[{"name":"wp","href":"https:\/\/api.w.org\/{rel}","templated":true}]}}