{"id":837,"date":"2008-04-22T17:09:18","date_gmt":"2008-04-22T17:09:18","guid":{"rendered":"http:\/\/new.kardoskut.hu\/?p=837"},"modified":"2017-11-20T17:12:29","modified_gmt":"2017-11-20T17:12:29","slug":"csoda-lett-a-tavunk-kerekparral-a-fehertohoz","status":"publish","type":"post","link":"https:\/\/www.kardoskut.hu\/?p=837","title":{"rendered":"Csoda lett a tavunk. Ker\u00e9kp\u00e1rral a Feh\u00e9rt\u00f3hoz"},"content":{"rendered":"<figure id=\"attachment_838\" aria-describedby=\"caption-attachment-838\" style=\"width: 912px\" class=\"wp-caption alignnone\"><a href=\"https:\/\/www.flickr.com\/photos\/kardoskuthu\/albums\/72157658948624729\"><img loading=\"lazy\" decoding=\"async\" class=\"size-full wp-image-838\" src=\"http:\/\/new.kardoskut.hu\/wp-content\/uploads\/2017\/11\/foldnapja_2008_04_22-37.jpg\" alt=\"\" width=\"912\" height=\"684\" srcset=\"https:\/\/www.kardoskut.hu\/wp-content\/uploads\/2017\/11\/foldnapja_2008_04_22-37.jpg 912w, https:\/\/www.kardoskut.hu\/wp-content\/uploads\/2017\/11\/foldnapja_2008_04_22-37-300x225.jpg 300w, https:\/\/www.kardoskut.hu\/wp-content\/uploads\/2017\/11\/foldnapja_2008_04_22-37-768x576.jpg 768w\" sizes=\"auto, (max-width: 767px) 89vw, (max-width: 1000px) 54vw, (max-width: 1071px) 543px, 580px\" \/><\/a><figcaption id=\"caption-attachment-838\" class=\"wp-caption-text\">Tov\u00e1bbi fot\u00f3k\u00e9rt k\u00e9rem, kattintson a fenti k\u00e9pre. (Fot\u00f3k: VP)<\/figcaption><\/figure>\n<p>A F\u00f6ld Napja alkalm\u00e1b\u00f3l ker\u00e9kp\u00e1rosok serege vette \u00fati c\u00e9lj\u00e1ul a kardosk\u00fati Feh\u00e9r tavat \u00e9s k\u00f6rny\u00e9k\u00e9t. Az Orosh\u00e1zi Ker\u00e9kp\u00e1rosok \u00c9rdekv\u00e9delmi Egyes\u00fclete szervez\u00e9s\u00e9ben 160 ker\u00f3s vett r\u00e9szt a t\u00far\u00e1n, amelyhez a Kardosk\u00fati \u00c1ltal\u00e1nos Iskol\u00e1b\u00f3l 16 tanul\u00f3 is csatlakozott Veraszt\u00f3 J\u00f3zsef igazgat\u00f3 \u00far vezet\u00e9s\u00e9vel. Az id\u0151 kedvezett a programnak. A meleg naps\u00fct\u00e9sben meg\u00e9rte a f\u00e1rads\u00e1got a t\u00f6bb mint 20 km-es t\u00e1v, hiszen a v\u00e9g\u00e1llom\u00e1son a K\u00f6r\u00f6s-Maros Nemzeti Park munkat\u00e1rsa, T\u00f6r\u00f6k S\u00e1ndor vezet\u00e9s\u00e9vel igen k\u00f6zel mehettek a t\u00far\u00e1z\u00f3k a magyar sz\u00fcrke marha guly\u00e1hoz. Az \u00e1llatok \u00e9ppen a napokban j\u00f6ttek ki a t\u00e9li sz\u00e1ll\u00e1sukr\u00f3l a szabadba. A fiatalok \u00e9s a feln\u0151ttek a vissza\u00fat el\u0151tt megpihentek a kiskil\u00e1t\u00f3n\u00e1l \u00e9s egy k\u00f6z\u00f6s te\u00e1z\u00e1s ut\u00e1n Orosh\u00e1za fel\u00e9 vett\u00e9k az ir\u00e1nyt, ahol a v\u00e1rosban egy ker\u00e9kp\u00e1ros felvonul\u00e1ssal h\u00edvt\u00e1k fel a figyelmet nemcsak magukra, hanem a k\u00f6rnyezet szeretet\u00e9re \u00e9s megbecs\u00fcl\u00e9s\u00e9re. A legt\u00f6bb di\u00e1kkal r\u00e9sztvev\u0151 iskola pedig az Orosh\u00e1zi \u00d6nkorm\u00e1nyzat j\u00f3volt\u00e1b\u00f3l egy 30 ezer Ft-os sporteszk\u00f6z v\u00e1s\u00e1rl\u00e1sra jogos\u00edt\u00f3 utalv\u00e1nnyal gyarapodott. Amit mindenki nyert ezen a napon: az a k\u00f6z\u00f6s teker\u00e9s \u00e9lm\u00e9nye \u00e9s a sz\u00e9p l\u00e1tnival\u00f3 a Magyarorsz\u00e1g 7 term\u00e9szeti csod\u00e1ja k\u00f6z\u00e9 bev\u00e1lasztott Feh\u00e9rt\u00f3 k\u00f6zel\u00e9ben.<\/p>\n","protected":false},"excerpt":{"rendered":"<p>A F\u00f6ld Napja alkalm\u00e1b\u00f3l ker\u00e9kp\u00e1rosok serege vette \u00fati c\u00e9lj\u00e1ul a kardosk\u00fati Feh\u00e9r tavat \u00e9s k\u00f6rny\u00e9k\u00e9t. Az Orosh\u00e1zi Ker\u00e9kp\u00e1rosok \u00c9rdekv\u00e9delmi Egyes\u00fclete szervez\u00e9s\u00e9ben 160 ker\u00f3s vett r\u00e9szt a t\u00far\u00e1n, amelyhez a Kardosk\u00fati \u00c1ltal\u00e1nos Iskol\u00e1b\u00f3l 16 tanul\u00f3 is csatlakozott Veraszt\u00f3 J\u00f3zsef igazgat\u00f3 \u00far vezet\u00e9s\u00e9vel. Az id\u0151 kedvezett a programnak. A meleg naps\u00fct\u00e9sben meg\u00e9rte a f\u00e1rads\u00e1got a t\u00f6bb mint &hellip; <\/p>\n<p class=\"link-more\"><a href=\"https:\/\/www.kardoskut.hu\/?p=837\" class=\"more-link\"><span class=\"screen-reader-text\">&#8222;Csoda lett a tavunk. Ker\u00e9kp\u00e1rral a Feh\u00e9rt\u00f3hoz&#8221;<\/span> b\u0151vebben<\/a><\/p>\n","protected":false},"author":1,"featured_media":0,"comment_status":"closed","ping_status":"closed","sticky":false,"template":"","format":"standard","meta":{"footnotes":""},"categories":[10],"tags":[],"class_list":["post-837","post","type-post","status-publish","format-standard","hentry","category-10"],"_links":{"self":[{"href":"https:\/\/www.kardoskut.hu\/index.php?rest_route=\/wp\/v2\/posts\/837","targetHints":{"allow":["GET"]}}],"collection":[{"href":"https:\/\/www.kardoskut.hu\/index.php?rest_route=\/wp\/v2\/posts"}],"about":[{"href":"https:\/\/www.kardoskut.hu\/index.php?rest_route=\/wp\/v2\/types\/post"}],"author":[{"embeddable":true,"href":"https:\/\/www.kardoskut.hu\/index.php?rest_route=\/wp\/v2\/users\/1"}],"replies":[{"embeddable":true,"href":"https:\/\/www.kardoskut.hu\/index.php?rest_route=%2Fwp%2Fv2%2Fcomments&post=837"}],"version-history":[{"count":1,"href":"https:\/\/www.kardoskut.hu\/index.php?rest_route=\/wp\/v2\/posts\/837\/revisions"}],"predecessor-version":[{"id":839,"href":"https:\/\/www.kardoskut.hu\/index.php?rest_route=\/wp\/v2\/posts\/837\/revisions\/839"}],"wp:attachment":[{"href":"https:\/\/www.kardoskut.hu\/index.php?rest_route=%2Fwp%2Fv2%2Fmedia&parent=837"}],"wp:term":[{"taxonomy":"category","embeddable":true,"href":"https:\/\/www.kardoskut.hu\/index.php?rest_route=%2Fwp%2Fv2%2Fcategories&post=837"},{"taxonomy":"post_tag","embeddable":true,"href":"https:\/\/www.kardoskut.hu\/index.php?rest_route=%2Fwp%2Fv2%2Ftags&post=837"}],"curies":[{"name":"wp","href":"https:\/\/api.w.org\/{rel}","templated":true}]}}