{"id":8167,"date":"2026-03-16T06:04:30","date_gmt":"2026-03-16T06:04:30","guid":{"rendered":"https:\/\/www.kardoskut.hu\/?p=8167"},"modified":"2026-03-16T06:04:52","modified_gmt":"2026-03-16T06:04:52","slug":"8167","status":"publish","type":"post","link":"https:\/\/www.kardoskut.hu\/?p=8167","title":{"rendered":"\u00dcnnepi megeml\u00e9kez\u00e9s"},"content":{"rendered":"<p><a href=\"https:\/\/www.flickr.com\/photos\/kardoskuthu\/albums\/72177720332566383\"><img loading=\"lazy\" decoding=\"async\" class=\"alignnone size-large wp-image-8168\" src=\"https:\/\/www.kardoskut.hu\/wp-content\/uploads\/2026\/03\/20260314-kardoskut-08-1024x683.jpg\" alt=\"\" width=\"525\" height=\"350\" srcset=\"https:\/\/www.kardoskut.hu\/wp-content\/uploads\/2026\/03\/20260314-kardoskut-08-1024x683.jpg 1024w, https:\/\/www.kardoskut.hu\/wp-content\/uploads\/2026\/03\/20260314-kardoskut-08-300x200.jpg 300w, https:\/\/www.kardoskut.hu\/wp-content\/uploads\/2026\/03\/20260314-kardoskut-08-768x512.jpg 768w, https:\/\/www.kardoskut.hu\/wp-content\/uploads\/2026\/03\/20260314-kardoskut-08-100x67.jpg 100w, https:\/\/www.kardoskut.hu\/wp-content\/uploads\/2026\/03\/20260314-kardoskut-08.jpg 1500w\" sizes=\"auto, (max-width: 525px) 100vw, 525px\" \/><\/a><br \/>\nTov\u00e1bbi fot\u00f3k\u00e9rt k\u00e9rem kattintson a fenti k\u00e9pre. (Fot\u00f3k: \u0150zse P\u00e9ter)<\/p>\n<p data-start=\"0\" data-end=\"333\">M\u00e1rcius 14-\u00e9n, szombaton d\u00e9lel\u0151tt tartott\u00e1k Kardosk\u00faton a forradalom \u00e9s szabads\u00e1gharc h\u0151seire eml\u00e9kez\u0151 \u00fcnneps\u00e9get a M\u00e1rcius 15. t\u00e9ren, a H\u0151s\u00f6k eml\u00e9km\u0171v\u00e9n\u00e9l. A megeml\u00e9kez\u00e9sen a telep\u00fcl\u00e9s vezet\u0151i \u00e9s \u00e9rdekl\u0151d\u0151 lakosok vettek r\u00e9szt. A m\u0171sorban a helyi \u00f3vod\u00e1sok, valamint a T\u00e1ncsics Mih\u00e1ly Gimn\u00e1zium k\u00e9t tanul\u00f3ja szavalt verseket.<\/p>\n<p data-start=\"335\" data-end=\"541\">Az \u00fcnnepi besz\u00e9det az idei \u00e9vben \u0150zse Zolt\u00e1n, helyi \u00f6nkorm\u00e1nyzati k\u00e9pvisel\u0151 mondta el, aki besz\u00e9d\u00e9ben a forradalom \u00e9s szabads\u00e1gharc jelent\u0151s\u00e9g\u00e9re, valamint az eml\u00e9kez\u00e9s fontoss\u00e1g\u00e1ra h\u00edvta fel a figyelmet.<\/p>\n<p data-start=\"543\" data-end=\"852\" data-is-last-node=\"\" data-is-only-node=\"\">Az \u00fcnneps\u00e9g v\u00e9g\u00e9n a k\u00e9pvisel\u0151-test\u00fclet elhelyezte a k\u00f6zs\u00e9g koszor\u00faj\u00e1t a H\u0151s\u00f6k eml\u00e9km\u0171v\u00e9n\u00e9l. Ezt k\u00f6vet\u0151en dr. Lipt\u00e1k P\u00e9ter jegyz\u0151 \u00e9s Barna L\u00e1szl\u00f3 d\u00edszpolg\u00e1r helyezte el az eml\u00e9kez\u00e9s m\u00e9cseseit. A megeml\u00e9kez\u00e9s v\u00e9g\u00e9n a jelenl\u00e9v\u0151 civilszervezeti vezet\u0151k \u00e9s tov\u00e1bbi eml\u00e9kez\u0151k is ler\u00f3tt\u00e1k kegyelet\u00fcket az eml\u00e9km\u0171n\u00e9l.<\/p>\n","protected":false},"excerpt":{"rendered":"<p>Tov\u00e1bbi fot\u00f3k\u00e9rt k\u00e9rem kattintson a fenti k\u00e9pre. (Fot\u00f3k: \u0150zse P\u00e9ter) M\u00e1rcius 14-\u00e9n, szombaton d\u00e9lel\u0151tt tartott\u00e1k Kardosk\u00faton a forradalom \u00e9s szabads\u00e1gharc h\u0151seire eml\u00e9kez\u0151 \u00fcnneps\u00e9get a M\u00e1rcius 15. t\u00e9ren, a H\u0151s\u00f6k eml\u00e9km\u0171v\u00e9n\u00e9l. A megeml\u00e9kez\u00e9sen a telep\u00fcl\u00e9s vezet\u0151i \u00e9s \u00e9rdekl\u0151d\u0151 lakosok vettek r\u00e9szt. A m\u0171sorban a helyi \u00f3vod\u00e1sok, valamint a T\u00e1ncsics Mih\u00e1ly Gimn\u00e1zium k\u00e9t tanul\u00f3ja szavalt verseket. Az &hellip; <\/p>\n<p class=\"link-more\"><a href=\"https:\/\/www.kardoskut.hu\/?p=8167\" class=\"more-link\"><span class=\"screen-reader-text\">&#8222;\u00dcnnepi megeml\u00e9kez\u00e9s&#8221;<\/span> b\u0151vebben<\/a><\/p>\n","protected":false},"author":1,"featured_media":0,"comment_status":"closed","ping_status":"closed","sticky":false,"template":"","format":"standard","meta":{"footnotes":""},"categories":[1],"tags":[],"class_list":["post-8167","post","type-post","status-publish","format-standard","hentry","category-egyeb"],"_links":{"self":[{"href":"https:\/\/www.kardoskut.hu\/index.php?rest_route=\/wp\/v2\/posts\/8167","targetHints":{"allow":["GET"]}}],"collection":[{"href":"https:\/\/www.kardoskut.hu\/index.php?rest_route=\/wp\/v2\/posts"}],"about":[{"href":"https:\/\/www.kardoskut.hu\/index.php?rest_route=\/wp\/v2\/types\/post"}],"author":[{"embeddable":true,"href":"https:\/\/www.kardoskut.hu\/index.php?rest_route=\/wp\/v2\/users\/1"}],"replies":[{"embeddable":true,"href":"https:\/\/www.kardoskut.hu\/index.php?rest_route=%2Fwp%2Fv2%2Fcomments&post=8167"}],"version-history":[{"count":2,"href":"https:\/\/www.kardoskut.hu\/index.php?rest_route=\/wp\/v2\/posts\/8167\/revisions"}],"predecessor-version":[{"id":8170,"href":"https:\/\/www.kardoskut.hu\/index.php?rest_route=\/wp\/v2\/posts\/8167\/revisions\/8170"}],"wp:attachment":[{"href":"https:\/\/www.kardoskut.hu\/index.php?rest_route=%2Fwp%2Fv2%2Fmedia&parent=8167"}],"wp:term":[{"taxonomy":"category","embeddable":true,"href":"https:\/\/www.kardoskut.hu\/index.php?rest_route=%2Fwp%2Fv2%2Fcategories&post=8167"},{"taxonomy":"post_tag","embeddable":true,"href":"https:\/\/www.kardoskut.hu\/index.php?rest_route=%2Fwp%2Fv2%2Ftags&post=8167"}],"curies":[{"name":"wp","href":"https:\/\/api.w.org\/{rel}","templated":true}]}}