{"id":8078,"date":"2026-01-26T14:49:58","date_gmt":"2026-01-26T14:49:58","guid":{"rendered":"https:\/\/www.kardoskut.hu\/?p=8078"},"modified":"2026-01-26T14:55:33","modified_gmt":"2026-01-26T14:55:33","slug":"dsida-jeno-versei-erdelybol-erkezve-kardoskuton-is-otthonra-talaltak","status":"publish","type":"post","link":"https:\/\/www.kardoskut.hu\/?p=8078","title":{"rendered":"Dsida Jen\u0151 versei \u2013 Erd\u00e9lyb\u0151l \u00e9rkezve \u2013 Kardosk\u00faton is otthonra tal\u00e1ltak."},"content":{"rendered":"<p><a href=\"https:\/\/www.flickr.com\/photos\/kardoskuthu\/albums\/72177720331693369\/\"><img loading=\"lazy\" decoding=\"async\" class=\"alignnone size-large wp-image-8079\" src=\"https:\/\/www.kardoskut.hu\/wp-content\/uploads\/2026\/01\/20260124-kardoskut-12-1024x683.jpg\" alt=\"\" width=\"525\" height=\"350\" srcset=\"https:\/\/www.kardoskut.hu\/wp-content\/uploads\/2026\/01\/20260124-kardoskut-12-1024x683.jpg 1024w, https:\/\/www.kardoskut.hu\/wp-content\/uploads\/2026\/01\/20260124-kardoskut-12-300x200.jpg 300w, https:\/\/www.kardoskut.hu\/wp-content\/uploads\/2026\/01\/20260124-kardoskut-12-768x512.jpg 768w, https:\/\/www.kardoskut.hu\/wp-content\/uploads\/2026\/01\/20260124-kardoskut-12-100x67.jpg 100w, https:\/\/www.kardoskut.hu\/wp-content\/uploads\/2026\/01\/20260124-kardoskut-12-1536x1024.jpg 1536w, https:\/\/www.kardoskut.hu\/wp-content\/uploads\/2026\/01\/20260124-kardoskut-12-2048x1365.jpg 2048w\" sizes=\"auto, (max-width: 525px) 100vw, 525px\" \/><\/a><br \/>\nTov\u00e1bbi fot\u00f3k\u00e9rt k\u00e9rem kattintson a fenti k\u00e9pre. (Fot\u00f3k: \u0150zse P\u00e9ter)<\/p>\n<p data-start=\"195\" data-end=\"534\">Dsida Jen\u0151 versei csend\u00fcltek fel Kardosk\u00faton 2026. janu\u00e1r 24-\u00e9n, a Magyar kult\u00fara napja alkalm\u00e1b\u00f3l rendezett \u00fcnnepi esten. A k\u00f6zs\u00e9g m\u0171vel\u0151d\u00e9si h\u00e1z\u00e1ban megtartott program k\u00fcl\u00f6nleges lelki \u00e9s m\u0171v\u00e9szi \u00e9lm\u00e9nyt k\u00edn\u00e1lt a megjelenteknek: Erd\u00e9ly egyik legjelent\u0151sebb k\u00f6lt\u0151j\u00e9nek k\u00f6ltem\u00e9nyei zenei k\u00f6nt\u00f6sben \u00e9s szavalatk\u00e9nt is megsz\u00f3laltak.<\/p>\n<p data-start=\"536\" data-end=\"947\">Az est vend\u00e9ge a Brass\u00f3 megyei Datk unit\u00e1rius lelk\u00e9sze, Major L\u00e1szl\u00f3 volt, aki git\u00e1rt ragadva, zen\u00e9szt\u00e1rsaival egy\u00fctt hozta k\u00f6zelebb Dsida Jen\u0151 l\u00edr\u00e1j\u00e1t a kardosk\u00fati k\u00f6z\u00f6ns\u00e9ghez. A Datki Church Band el\u0151ad\u00e1s\u00e1ban a versek nem puszt\u00e1n elhangzottak, hanem megsz\u00f3l\u00edtott\u00e1k a lelket is. Nem t\u00falz\u00e1s azt \u00e1ll\u00edtani: a dalok k\u00f6z\u00f6tti megsz\u00f3lal\u00e1sokban Major L\u00e1szl\u00f3 ig\u00e9t hirdetett \u2013 csendesen, m\u00e9gis element\u00e1ris er\u0151vel.<\/p>\n<p data-start=\"949\" data-end=\"1342\">Az egy\u00fcttes 11 \u00e9vvel ezel\u0151tt indult egyh\u00e1zi zenekark\u00e9nt, amikor Major L\u00e1szl\u00f3 megkezdte lelk\u00e9szi szolg\u00e1lat\u00e1t a mintegy \u00f6tsz\u00e1z f\u0151s datki k\u00f6z\u00f6ss\u00e9gben. Az\u00f3ta sz\u00e1mos irodalmi-zen\u00e9s m\u0171sort hoztak l\u00e9tre: a Pet\u0151fi-eml\u00e9k\u00e9v tisztelet\u00e9re \u00f6ssze\u00e1ll\u00edtott programjukkal t\u00f6bb mint h\u00fasz telep\u00fcl\u00e9sen l\u00e9ptek fel a K\u00e1rp\u00e1t-medence k\u00fcl\u00f6nb\u00f6z\u0151 pontjain. A Dsida-est azonban k\u00fcl\u00f6nleges helyet foglal el munk\u00e1ss\u00e1gukban.<\/p>\n<p data-start=\"1344\" data-end=\"1928\">Az el\u0151ad\u00e1s sor\u00e1n Dsida Jen\u0151 verseinek lefegyverz\u0151 egyszer\u0171s\u00e9ge \u00e9s \u00e1that\u00f3 dr\u00e1mai ereje v\u00e1lt hangs\u00falyoss\u00e1. A visszafogott, nem tolakod\u00f3 zenei k\u00eds\u00e9ret finoman \u00f6lelte k\u00f6rbe a sz\u00f6vegeket, kiemelve azok sz\u00e9ps\u00e9g\u00e9t \u00e9s gondolati m\u00e9lys\u00e9g\u00e9t. Major L\u00e1szl\u00f3 hangja k\u00fcl\u00f6n\u00f6s \u00e9rzelmi t\u00f6bbletet adott az el\u0151ad\u00e1snak. Egy eml\u00e9kezetes pillanatban a k\u00f6z\u00f6ns\u00e9ggel egy\u00fctt mondatta el Dsida Jen\u0151 <em data-start=\"1796\" data-end=\"1824\">Menni kellene h\u00e1zr\u00f3l h\u00e1zra<\/em> c\u00edm\u0171 vers\u00e9nek utols\u00f3 sorait:<br data-start=\"1853\" data-end=\"1856\" \/><em data-start=\"1856\" data-end=\"1928\">Szakadt lelket foltozni, foltozni! \/ t\u00f6rt sz\u00edveket dr\u00f3tozni, dr\u00f3tozni!<\/em><\/p>\n<p data-start=\"1930\" data-end=\"2504\">A Dsida-m\u0171sor megsz\u00fclet\u00e9s\u00e9nek t\u00f6rt\u00e9net\u00e9r\u0151l Major L\u00e1szl\u00f3 mes\u00e9lt az est kapcs\u00e1n. Egy kor\u00e1bbi pedag\u00f3gust\u00e1borban, datki tan\u00e1rokkal egy\u00fctt vettek r\u00e9szt egy Dsida-estk\u00e9nt meghirdetett programon, amely v\u00e9g\u00fcl csal\u00f3d\u00e1st okozott sz\u00e1mukra. Egy gy\u00f6ny\u00f6r\u0171 versmond\u00e1s ut\u00e1n ugyanis dr\u00e1mapedag\u00f3giai foglalkoz\u00e1s kezd\u0151d\u00f6tt, ez\u00e9rt \u2013 v\u00e1rakoz\u00e1saik ellen\u00e9re \u2013 id\u0151 el\u0151tt t\u00e1voztak. A besz\u00e9lget\u00e9sek sor\u00e1n fogalmaz\u00f3dott meg benn\u00fck az elhat\u00e1roz\u00e1s: l\u00e9trehoznak egy olyan Dsida Jen\u0151-estet, amilyet \u0151k maguk is hallani szerettek volna \u2013 olyat, amely \u201ea sz\u00e9p\u00e9rz\u00e9ket er\u0151s\u00edti \u00e9s a lelket gy\u00f6ny\u00f6rk\u00f6dteti\u201d.<\/p>\n<p data-start=\"2506\" data-end=\"2897\">A m\u0171sor els\u0151 v\u00e1ltozat\u00e1ban a datki pedag\u00f3gusok v\u00e1lasztottak egy-egy Dsida-verset, amelyek szavalatk\u00e9nt hangzottak el, Major L\u00e1szl\u00f3 pedig n\u00e9h\u00e1ny k\u00f6ltem\u00e9nyt git\u00e1ron adott el\u0151. A program k\u00e9s\u0151bb tov\u00e1bb fejl\u0151d\u00f6tt: helyi zen\u00e9szek csatlakoz\u00e1s\u00e1val t\u00f6bb verset is megzen\u00e9s\u00edtettek. \u00cdgy sz\u00fcletett meg a Dsida 2.0 c\u00edm\u0171 m\u0171sor, amelynek egyik \u00e1llom\u00e1sa volt a kardosk\u00fati Magyar kult\u00fara napja \u00fcnneps\u00e9g is.<\/p>\n<p data-start=\"2899\" data-end=\"3174\" data-is-last-node=\"\" data-is-only-node=\"\">A janu\u00e1r 24-i est m\u00e9lt\u00f3 m\u00f3don illeszkedett Kardosk\u00fat kultur\u00e1lis programsorozat\u00e1ba: a k\u00f6lt\u00e9szet, a zene \u00e9s az elcsendesed\u00e9s tal\u00e1lkoz\u00e1sa egyszerre jelentett eml\u00e9kez\u00e9st \u00e9s jelen idej\u0171 megsz\u00f3l\u00edt\u00e1st. Dsida Jen\u0151 versei \u2013 Erd\u00e9lyb\u0151l \u00e9rkezve \u2013 Kardosk\u00faton is otthonra tal\u00e1ltak.<\/p>\n","protected":false},"excerpt":{"rendered":"<p>Tov\u00e1bbi fot\u00f3k\u00e9rt k\u00e9rem kattintson a fenti k\u00e9pre. (Fot\u00f3k: \u0150zse P\u00e9ter) Dsida Jen\u0151 versei csend\u00fcltek fel Kardosk\u00faton 2026. janu\u00e1r 24-\u00e9n, a Magyar kult\u00fara napja alkalm\u00e1b\u00f3l rendezett \u00fcnnepi esten. A k\u00f6zs\u00e9g m\u0171vel\u0151d\u00e9si h\u00e1z\u00e1ban megtartott program k\u00fcl\u00f6nleges lelki \u00e9s m\u0171v\u00e9szi \u00e9lm\u00e9nyt k\u00edn\u00e1lt a megjelenteknek: Erd\u00e9ly egyik legjelent\u0151sebb k\u00f6lt\u0151j\u00e9nek k\u00f6ltem\u00e9nyei zenei k\u00f6nt\u00f6sben \u00e9s szavalatk\u00e9nt is megsz\u00f3laltak. Az est vend\u00e9ge &hellip; <\/p>\n<p class=\"link-more\"><a href=\"https:\/\/www.kardoskut.hu\/?p=8078\" class=\"more-link\"><span class=\"screen-reader-text\">&#8222;Dsida Jen\u0151 versei \u2013 Erd\u00e9lyb\u0151l \u00e9rkezve \u2013 Kardosk\u00faton is otthonra tal\u00e1ltak.&#8221;<\/span> b\u0151vebben<\/a><\/p>\n","protected":false},"author":1,"featured_media":0,"comment_status":"closed","ping_status":"closed","sticky":false,"template":"","format":"standard","meta":{"footnotes":""},"categories":[1],"tags":[],"class_list":["post-8078","post","type-post","status-publish","format-standard","hentry","category-egyeb"],"_links":{"self":[{"href":"https:\/\/www.kardoskut.hu\/index.php?rest_route=\/wp\/v2\/posts\/8078","targetHints":{"allow":["GET"]}}],"collection":[{"href":"https:\/\/www.kardoskut.hu\/index.php?rest_route=\/wp\/v2\/posts"}],"about":[{"href":"https:\/\/www.kardoskut.hu\/index.php?rest_route=\/wp\/v2\/types\/post"}],"author":[{"embeddable":true,"href":"https:\/\/www.kardoskut.hu\/index.php?rest_route=\/wp\/v2\/users\/1"}],"replies":[{"embeddable":true,"href":"https:\/\/www.kardoskut.hu\/index.php?rest_route=%2Fwp%2Fv2%2Fcomments&post=8078"}],"version-history":[{"count":3,"href":"https:\/\/www.kardoskut.hu\/index.php?rest_route=\/wp\/v2\/posts\/8078\/revisions"}],"predecessor-version":[{"id":8082,"href":"https:\/\/www.kardoskut.hu\/index.php?rest_route=\/wp\/v2\/posts\/8078\/revisions\/8082"}],"wp:attachment":[{"href":"https:\/\/www.kardoskut.hu\/index.php?rest_route=%2Fwp%2Fv2%2Fmedia&parent=8078"}],"wp:term":[{"taxonomy":"category","embeddable":true,"href":"https:\/\/www.kardoskut.hu\/index.php?rest_route=%2Fwp%2Fv2%2Fcategories&post=8078"},{"taxonomy":"post_tag","embeddable":true,"href":"https:\/\/www.kardoskut.hu\/index.php?rest_route=%2Fwp%2Fv2%2Ftags&post=8078"}],"curies":[{"name":"wp","href":"https:\/\/api.w.org\/{rel}","templated":true}]}}