{"id":8011,"date":"2025-12-15T16:21:53","date_gmt":"2025-12-15T16:21:53","guid":{"rendered":"https:\/\/www.kardoskut.hu\/?p=8011"},"modified":"2025-12-15T16:21:53","modified_gmt":"2025-12-15T16:21:53","slug":"advent-harmadik-gyertyajanak-fenye-kardoskuton","status":"publish","type":"post","link":"https:\/\/www.kardoskut.hu\/?p=8011","title":{"rendered":"Advent harmadik gyerty\u00e1j\u00e1nak f\u00e9nye Kardosk\u00faton"},"content":{"rendered":"<p><a href=\"https:\/\/www.flickr.com\/photos\/kardoskuthu\/albums\/72177720330955389\"><img loading=\"lazy\" decoding=\"async\" class=\"alignnone size-large wp-image-8012\" src=\"https:\/\/www.kardoskut.hu\/wp-content\/uploads\/2025\/12\/20251214-kardoskut-19-1024x683.jpg\" alt=\"\" width=\"525\" height=\"350\" srcset=\"https:\/\/www.kardoskut.hu\/wp-content\/uploads\/2025\/12\/20251214-kardoskut-19-1024x683.jpg 1024w, https:\/\/www.kardoskut.hu\/wp-content\/uploads\/2025\/12\/20251214-kardoskut-19-300x200.jpg 300w, https:\/\/www.kardoskut.hu\/wp-content\/uploads\/2025\/12\/20251214-kardoskut-19-768x512.jpg 768w, https:\/\/www.kardoskut.hu\/wp-content\/uploads\/2025\/12\/20251214-kardoskut-19-100x67.jpg 100w, https:\/\/www.kardoskut.hu\/wp-content\/uploads\/2025\/12\/20251214-kardoskut-19-1536x1024.jpg 1536w, https:\/\/www.kardoskut.hu\/wp-content\/uploads\/2025\/12\/20251214-kardoskut-19-2048x1365.jpg 2048w\" sizes=\"auto, (max-width: 525px) 100vw, 525px\" \/><\/a><br \/>\nTov\u00e1bbi fot\u00f3k\u00e9rt k\u00e9rem kattintson a fenti k\u00e9pre. (Fot\u00f3k: \u0150zse P\u00e9ter)<\/p>\n<p data-start=\"52\" data-end=\"320\">Meghitt \u00fcnnepi hangulat lengte be Kardosk\u00fat k\u00f6zpontj\u00e1t advent harmadik vas\u00e1rnapj\u00e1n, amikor a k\u00f6zs\u00e9g lak\u00f3i \u00e9s vend\u00e9gei egy\u00fctt gy\u0171ltek \u00f6ssze az adventi koszor\u00fa k\u00f6r\u00fcl. A k\u00fclt\u00e9ri rendezv\u00e9nyen a v\u00e1rakoz\u00e1s, az elcsendesed\u00e9s \u00e9s az \u00f6sszetartoz\u00e1s gondolata \u00e1llt a k\u00f6z\u00e9ppontban.<\/p>\n<p data-start=\"322\" data-end=\"664\">Az \u00fcnnepi m\u0171sorral a F\u0151nix Kultur\u00e1lis Egyes\u00fclet k\u00e9sz\u00fclt, amely m\u00e9lt\u00f3 m\u00f3don j\u00e1rult hozz\u00e1 az adventi k\u00e9sz\u00fcl\u0151d\u00e9shez. A versek elhangz\u00e1s\u00e1t finom, \u00fcnnep\u00e9lyes furulyasz\u00f3 k\u00eds\u00e9rte, tov\u00e1bb er\u0151s\u00edtve az alkalom bens\u0151s\u00e9ges atmoszf\u00e9r\u00e1j\u00e1t. A zene \u00e9s az irodalom harmonikus egys\u00e9ge sokak sz\u00e1m\u00e1ra ny\u00fajtott lelki felt\u00f6lt\u0151d\u00e9st a kar\u00e1csonyt megel\u0151z\u0151 id\u0151szakban.<\/p>\n<p data-start=\"666\" data-end=\"991\">Az \u00fcnneps\u00e9g lelki r\u00e9sz\u00e9t P\u00e1pai Attila evang\u00e9likus lelk\u00e9sz szolg\u00e1lata tette teljess\u00e9. Gondolatai az advent \u00fczenet\u00e9re, a rem\u00e9nyre \u00e9s a f\u00e9ny k\u00f6zeledt\u00e9re ir\u00e1ny\u00edtott\u00e1k a figyelmet. Szolg\u00e1lat\u00e1t k\u00f6vet\u0151en \u0151 gy\u00fajtotta meg a k\u00f6zs\u00e9g adventi koszor\u00faj\u00e1nak harmadik gyerty\u00e1j\u00e1t, amely a szeretet l\u00e1ngjak\u00e9nt vil\u00e1g\u00edtott tov\u00e1bb a t\u00e9li est\u00e9ben.<\/p>\n<p data-start=\"993\" data-end=\"1298\" data-is-last-node=\"\" data-is-only-node=\"\">A rendezv\u00e9ny v\u00e9g\u00e9n a szervez\u0151k meleg te\u00e1val \u00e9s forralt borral vend\u00e9gelt\u00e9k meg az \u00e9rdekl\u0151d\u0151ket, az \u0150zse csal\u00e1d felaj\u00e1nl\u00e1s\u00e1nak k\u00f6sz\u00f6nhet\u0151en pedig friss, illatos kal\u00e1cs is ker\u00fclt az asztalokra.<\/p>\n","protected":false},"excerpt":{"rendered":"<p>Tov\u00e1bbi fot\u00f3k\u00e9rt k\u00e9rem kattintson a fenti k\u00e9pre. (Fot\u00f3k: \u0150zse P\u00e9ter) Meghitt \u00fcnnepi hangulat lengte be Kardosk\u00fat k\u00f6zpontj\u00e1t advent harmadik vas\u00e1rnapj\u00e1n, amikor a k\u00f6zs\u00e9g lak\u00f3i \u00e9s vend\u00e9gei egy\u00fctt gy\u0171ltek \u00f6ssze az adventi koszor\u00fa k\u00f6r\u00fcl. A k\u00fclt\u00e9ri rendezv\u00e9nyen a v\u00e1rakoz\u00e1s, az elcsendesed\u00e9s \u00e9s az \u00f6sszetartoz\u00e1s gondolata \u00e1llt a k\u00f6z\u00e9ppontban. Az \u00fcnnepi m\u0171sorral a F\u0151nix Kultur\u00e1lis Egyes\u00fclet k\u00e9sz\u00fclt, &hellip; <\/p>\n<p class=\"link-more\"><a href=\"https:\/\/www.kardoskut.hu\/?p=8011\" class=\"more-link\"><span class=\"screen-reader-text\">&#8222;Advent harmadik gyerty\u00e1j\u00e1nak f\u00e9nye Kardosk\u00faton&#8221;<\/span> b\u0151vebben<\/a><\/p>\n","protected":false},"author":1,"featured_media":0,"comment_status":"closed","ping_status":"closed","sticky":false,"template":"","format":"standard","meta":{"footnotes":""},"categories":[1],"tags":[],"class_list":["post-8011","post","type-post","status-publish","format-standard","hentry","category-egyeb"],"_links":{"self":[{"href":"https:\/\/www.kardoskut.hu\/index.php?rest_route=\/wp\/v2\/posts\/8011","targetHints":{"allow":["GET"]}}],"collection":[{"href":"https:\/\/www.kardoskut.hu\/index.php?rest_route=\/wp\/v2\/posts"}],"about":[{"href":"https:\/\/www.kardoskut.hu\/index.php?rest_route=\/wp\/v2\/types\/post"}],"author":[{"embeddable":true,"href":"https:\/\/www.kardoskut.hu\/index.php?rest_route=\/wp\/v2\/users\/1"}],"replies":[{"embeddable":true,"href":"https:\/\/www.kardoskut.hu\/index.php?rest_route=%2Fwp%2Fv2%2Fcomments&post=8011"}],"version-history":[{"count":1,"href":"https:\/\/www.kardoskut.hu\/index.php?rest_route=\/wp\/v2\/posts\/8011\/revisions"}],"predecessor-version":[{"id":8013,"href":"https:\/\/www.kardoskut.hu\/index.php?rest_route=\/wp\/v2\/posts\/8011\/revisions\/8013"}],"wp:attachment":[{"href":"https:\/\/www.kardoskut.hu\/index.php?rest_route=%2Fwp%2Fv2%2Fmedia&parent=8011"}],"wp:term":[{"taxonomy":"category","embeddable":true,"href":"https:\/\/www.kardoskut.hu\/index.php?rest_route=%2Fwp%2Fv2%2Fcategories&post=8011"},{"taxonomy":"post_tag","embeddable":true,"href":"https:\/\/www.kardoskut.hu\/index.php?rest_route=%2Fwp%2Fv2%2Ftags&post=8011"}],"curies":[{"name":"wp","href":"https:\/\/api.w.org\/{rel}","templated":true}]}}