{"id":7998,"date":"2025-12-08T17:19:44","date_gmt":"2025-12-08T17:19:44","guid":{"rendered":"https:\/\/www.kardoskut.hu\/?p=7998"},"modified":"2025-12-08T17:19:44","modified_gmt":"2025-12-08T17:19:44","slug":"adventi-feny-az-esoben-fellobbant-a-masodik-gyertya-kardoskuton","status":"publish","type":"post","link":"https:\/\/www.kardoskut.hu\/?p=7998","title":{"rendered":"Adventi f\u00e9ny az es\u0151ben \u2013 Fellobbant a m\u00e1sodik gyertya Kardosk\u00faton"},"content":{"rendered":"<p><a href=\"https:\/\/www.flickr.com\/photos\/kardoskuthu\/albums\/72177720330784752\"><img loading=\"lazy\" decoding=\"async\" class=\"alignnone size-large wp-image-7999\" src=\"https:\/\/www.kardoskut.hu\/wp-content\/uploads\/2025\/12\/20251207-kardoskut-20-1024x683.jpg\" alt=\"\" width=\"525\" height=\"350\" srcset=\"https:\/\/www.kardoskut.hu\/wp-content\/uploads\/2025\/12\/20251207-kardoskut-20-1024x683.jpg 1024w, https:\/\/www.kardoskut.hu\/wp-content\/uploads\/2025\/12\/20251207-kardoskut-20-300x200.jpg 300w, https:\/\/www.kardoskut.hu\/wp-content\/uploads\/2025\/12\/20251207-kardoskut-20-768x512.jpg 768w, https:\/\/www.kardoskut.hu\/wp-content\/uploads\/2025\/12\/20251207-kardoskut-20-100x67.jpg 100w, https:\/\/www.kardoskut.hu\/wp-content\/uploads\/2025\/12\/20251207-kardoskut-20-1536x1024.jpg 1536w, https:\/\/www.kardoskut.hu\/wp-content\/uploads\/2025\/12\/20251207-kardoskut-20-2048x1365.jpg 2048w\" sizes=\"auto, (max-width: 525px) 100vw, 525px\" \/><\/a><br \/>\nTov\u00e1bbi fot\u00f3k\u00e9rt k\u00e9rem kattintson a fenti k\u00e9pre. (Fot\u00f3k: \u0150zse P\u00e9ter)<\/p>\n<div class=\"x14z9mp xat24cr x1lziwak x1vvkbs xtlvy1s x126k92a\">\n<div dir=\"auto\">Az idei advent m\u00e1sodik vas\u00e1rnapja k\u00fcl\u00f6nleges hangulatot hozott Kardosk\u00fatra, m\u00e9g akkor is, ha az es\u0151 kiss\u00e9 \u00e1t\u00edrta az eredeti terveket. A csapad\u00e9k nagy sz\u00fcks\u00e9g a f\u00f6ldeknek, \u00e1ld\u00e1sk\u00e9nt \u00e9rkezik a hat\u00e1rra, \u00e1m a szabadt\u00e9ri \u00fcnneps\u00e9gnek most nem kedvezett. Ennek ellen\u00e9re azok, akik elj\u00f6ttek, meghitt k\u00f6z\u00f6ss\u00e9gi \u00e9lm\u00e9nyben r\u00e9szes\u00fcltek: egy\u00fctt \u00e9lt\u00e9k meg az adventv\u00e1r\u00e1s csendes \u00f6r\u00f6m\u00e9t \u00e9s a k\u00e9sz\u00fcl\u0151d\u00e9s bens\u0151s\u00e9ges pillanatait.<\/div>\n<div dir=\"auto\"><\/div>\n<\/div>\n<div class=\"x14z9mp xat24cr x1lziwak x1vvkbs xtlvy1s x126k92a\">\n<div dir=\"auto\">A programot a Radn\u00f3ti Mikl\u00f3s Nyugd\u00edjas Klub \u00fcnnepi m\u0171sora nyitotta meg. A klub tagjai zen\u00e9s \u00e9s \u00e9nekes \u00f6ssze\u00e1ll\u00edt\u00e1ssal k\u00e9sz\u00fcltek, amelybe sz\u00edvmelenget\u0151 versek is sz\u00f6v\u0151dtek. A verseket egym\u00e1s ut\u00e1n olvast\u00e1k fel, k\u00fcl\u00f6n-k\u00fcl\u00f6n hangon, m\u00e9gis egym\u00e1st er\u0151s\u00edtve, majd k\u00f6z\u00f6s \u00e9nekl\u00e9sbe kezdtek, amely m\u00e9lt\u00f3 lez\u00e1r\u00e1sa volt ennek a szeretettel \u00f6ssze\u00e1ll\u00edtott m\u0171sornak. A jelenl\u00e9v\u0151k arc\u00e1n l\u00e1tszott: a kar\u00e1csonyv\u00e1r\u00e1s \u00e9rz\u00e9se ilyenkor m\u00e9g er\u0151sebben jelenik meg.<\/div>\n<\/div>\n<div class=\"x14z9mp xat24cr x1lziwak x1vvkbs xtlvy1s x126k92a\">\n<div dir=\"auto\">Nagy Zolt\u00e1n reform\u00e1tus lelk\u00e9sz szolg\u00e1lata csendes elm\u00e9ly\u00fcl\u00e9st hozott. A lelki \u00fatraval\u00f3 ut\u00e1n ker\u00fclt sor a gyertya meggy\u00fajt\u00e1s\u00e1ra, amelyet a megszokott k\u00fclt\u00e9ri adventi koszor\u00fa helyett most kiv\u00e9telesen a meleg el\u0151t\u00e9rben v\u00e9geztek el, alkalmazkodva az es\u0151s id\u0151j\u00e1r\u00e1shoz. A lobban\u00f3 l\u00e1ng \u00edgy is ugyanazt jelentette: f\u00e9nyt, rem\u00e9nyt \u00e9s a k\u00f6zelg\u0151 \u00fcnnep b\u00e9k\u00e9j\u00e9t.<\/div>\n<div dir=\"auto\"><\/div>\n<\/div>\n<div class=\"x14z9mp xat24cr x1lziwak x1vvkbs xtlvy1s x126k92a\">\n<div dir=\"auto\">A rendezv\u00e9nyt k\u00f6tetlen, bar\u00e1ti besz\u00e9lget\u00e9s z\u00e1rta. A r\u00e9sztvev\u0151k forralt bor mellett meleg te\u00e1t is kortyolgathattak, \u00e9s a hagyom\u00e1nyos zs\u00edroskeny\u00e9r sem maradt el. Az advent val\u00f3di \u00e9rt\u00e9ke ott sz\u00fcletik meg, ahol az emberek egy\u00fctt gy\u00fajtanak f\u00e9nyt \u2013 ak\u00e1r odakint, ak\u00e1r egy meleg el\u0151t\u00e9rben.<\/div>\n<\/div>\n","protected":false},"excerpt":{"rendered":"<p>Tov\u00e1bbi fot\u00f3k\u00e9rt k\u00e9rem kattintson a fenti k\u00e9pre. (Fot\u00f3k: \u0150zse P\u00e9ter) Az idei advent m\u00e1sodik vas\u00e1rnapja k\u00fcl\u00f6nleges hangulatot hozott Kardosk\u00fatra, m\u00e9g akkor is, ha az es\u0151 kiss\u00e9 \u00e1t\u00edrta az eredeti terveket. A csapad\u00e9k nagy sz\u00fcks\u00e9g a f\u00f6ldeknek, \u00e1ld\u00e1sk\u00e9nt \u00e9rkezik a hat\u00e1rra, \u00e1m a szabadt\u00e9ri \u00fcnneps\u00e9gnek most nem kedvezett. Ennek ellen\u00e9re azok, akik elj\u00f6ttek, meghitt k\u00f6z\u00f6ss\u00e9gi \u00e9lm\u00e9nyben &hellip; <\/p>\n<p class=\"link-more\"><a href=\"https:\/\/www.kardoskut.hu\/?p=7998\" class=\"more-link\"><span class=\"screen-reader-text\">&#8222;Adventi f\u00e9ny az es\u0151ben \u2013 Fellobbant a m\u00e1sodik gyertya Kardosk\u00faton&#8221;<\/span> b\u0151vebben<\/a><\/p>\n","protected":false},"author":1,"featured_media":0,"comment_status":"closed","ping_status":"closed","sticky":false,"template":"","format":"standard","meta":{"footnotes":""},"categories":[1],"tags":[],"class_list":["post-7998","post","type-post","status-publish","format-standard","hentry","category-egyeb"],"_links":{"self":[{"href":"https:\/\/www.kardoskut.hu\/index.php?rest_route=\/wp\/v2\/posts\/7998","targetHints":{"allow":["GET"]}}],"collection":[{"href":"https:\/\/www.kardoskut.hu\/index.php?rest_route=\/wp\/v2\/posts"}],"about":[{"href":"https:\/\/www.kardoskut.hu\/index.php?rest_route=\/wp\/v2\/types\/post"}],"author":[{"embeddable":true,"href":"https:\/\/www.kardoskut.hu\/index.php?rest_route=\/wp\/v2\/users\/1"}],"replies":[{"embeddable":true,"href":"https:\/\/www.kardoskut.hu\/index.php?rest_route=%2Fwp%2Fv2%2Fcomments&post=7998"}],"version-history":[{"count":1,"href":"https:\/\/www.kardoskut.hu\/index.php?rest_route=\/wp\/v2\/posts\/7998\/revisions"}],"predecessor-version":[{"id":8000,"href":"https:\/\/www.kardoskut.hu\/index.php?rest_route=\/wp\/v2\/posts\/7998\/revisions\/8000"}],"wp:attachment":[{"href":"https:\/\/www.kardoskut.hu\/index.php?rest_route=%2Fwp%2Fv2%2Fmedia&parent=7998"}],"wp:term":[{"taxonomy":"category","embeddable":true,"href":"https:\/\/www.kardoskut.hu\/index.php?rest_route=%2Fwp%2Fv2%2Fcategories&post=7998"},{"taxonomy":"post_tag","embeddable":true,"href":"https:\/\/www.kardoskut.hu\/index.php?rest_route=%2Fwp%2Fv2%2Ftags&post=7998"}],"curies":[{"name":"wp","href":"https:\/\/api.w.org\/{rel}","templated":true}]}}