{"id":7980,"date":"2025-12-06T20:28:37","date_gmt":"2025-12-06T20:28:37","guid":{"rendered":"https:\/\/www.kardoskut.hu\/?p=7980"},"modified":"2025-12-06T20:28:59","modified_gmt":"2025-12-06T20:28:59","slug":"7980","status":"publish","type":"post","link":"https:\/\/www.kardoskut.hu\/?p=7980","title":{"rendered":"Volt zs\u00e1kj\u00e1ban minden j\u00f3"},"content":{"rendered":"<p><a href=\"https:\/\/www.flickr.com\/photos\/kardoskuthu\/albums\/72177720330743455\"><img loading=\"lazy\" decoding=\"async\" class=\"alignnone size-large wp-image-7981\" src=\"https:\/\/www.kardoskut.hu\/wp-content\/uploads\/2025\/12\/20251205-kardoskut-057-1024x683.jpg\" alt=\"\" width=\"525\" height=\"350\" srcset=\"https:\/\/www.kardoskut.hu\/wp-content\/uploads\/2025\/12\/20251205-kardoskut-057-1024x683.jpg 1024w, https:\/\/www.kardoskut.hu\/wp-content\/uploads\/2025\/12\/20251205-kardoskut-057-300x200.jpg 300w, https:\/\/www.kardoskut.hu\/wp-content\/uploads\/2025\/12\/20251205-kardoskut-057-768x512.jpg 768w, https:\/\/www.kardoskut.hu\/wp-content\/uploads\/2025\/12\/20251205-kardoskut-057-100x67.jpg 100w, https:\/\/www.kardoskut.hu\/wp-content\/uploads\/2025\/12\/20251205-kardoskut-057.jpg 1500w\" sizes=\"auto, (max-width: 525px) 100vw, 525px\" \/><\/a><br \/>\nTov\u00e1bbi fot\u00f3k\u00e9rt k\u00e9rem kattintson a fenti k\u00e9pre. (Fot\u00f3k: \u0150zse P\u00e9ter)<\/p>\n<p>Kardosk\u00fatra id\u00e9n is meg\u00e9rkezett a Mikul\u00e1s, \u00e9s remek hangulatt\u00f3l volt hangos a m\u0171vel\u0151d\u00e9si h\u00e1z nagyterme! M\u00e1r j\u00f3val a kezd\u00e9s el\u0151tt megtelt a terem izgatott gyerekekkel, k\u00edv\u00e1ncsi nagyobbakkal, mosolyg\u00f3s sz\u00fcl\u0151kkel, nagysz\u00fcl\u0151kkel \u00e9s testv\u00e9rekkel. Mindenki arra v\u00e1rt, hogy v\u00e9gre felbukkanjon a nagy piros kab\u00e1tos, \u00e9s elhozza a kar\u00e1csony els\u0151 igazi var\u00e1zs\u00e1t.<\/p>\n<p>Ahogy m\u00e1r t\u00f6bb mint m\u00e1sf\u00e9l \u00e9vtizede, id\u00e9n is a Magyar F\u00f6ldg\u00e1zt\u00e1rol\u00f3 Zrt. t\u00e1mogat\u00e1s\u00e1val \u00e9rkeztek a Mikul\u00e1s-csomagok, amelyekben minden gyermek tal\u00e1lt valami apr\u00f3 csod\u00e1t. A gyerekek b\u00fcszk\u00e9n szorongatt\u00e1k az aj\u00e1nd\u00e9kokat, \u00e9s m\u00e1r bontogat\u00e1s k\u00f6zben arr\u00f3l besz\u00e9lgettek, melyik meglepet\u00e9s lett a kedvenc\u00fck.<\/p>\n<p>A kora este azonban nem csak az aj\u00e1nd\u00e9kokr\u00f3l sz\u00f3lt. A L\u00e9ghaj\u00f3 Sz\u00ednh\u00e1z zen\u00e9s m\u0171sora el\u0151tt m\u00e1r pezsg\u0151 \u00e9let volt a nagyteremben: az Andr\u00e9k\u00f3 testv\u00e9rek szuper kar\u00e1csonyi k\u00e9zm\u0171ves foglalkoz\u00e1ssal k\u00e9sz\u00fcltek. A saj\u00e1t k\u00e9sz\u00edt\u00e9s\u0171 kis aj\u00e1nd\u00e9kok \u00e9s rengeteg nevet\u00e9s t\u00f6lt\u00f6tte be a helyet. A gyerekek lelkesen ragasztottak, v\u00e1gtak \u00e9s alkottak \u2013 k\u00f6zben pedig egyre ink\u00e1bb r\u00e1hangol\u00f3dtak az \u00fcnnepekre.<\/p>\n<p>Amikor a Mikul\u00e1s v\u00e9gre meg\u00e9rkezett, a gyerekek hatalmas ov\u00e1ci\u00f3val fogadt\u00e1k. \u00c9nekekkel, versekkel \u00e9s csillog\u00f3 szemekkel k\u00f6sz\u00f6nt\u00f6tt\u00e9k, \u0151 pedig mindenkit megaj\u00e1nd\u00e9kozott egy kedves sz\u00f3val is. A pillanat t\u00e9nyleg var\u00e1zslatos volt: mindenki \u00e9rezte, hogy elindult a kar\u00e1csony igazi, sz\u00edvmelenget\u0151 id\u0151szaka.<\/p>\n<p>A rendezv\u00e9ny id\u00e9n is j\u00f3kedvvel \u00e9s rengeteg \u00e9lm\u00e9nnyel t\u00f6lt\u00f6tte meg a falut \u2013 pont \u00fagy, ahogy azt a Mikul\u00e1st\u00f3l v\u00e1rjuk.<\/p>\n","protected":false},"excerpt":{"rendered":"<p>Tov\u00e1bbi fot\u00f3k\u00e9rt k\u00e9rem kattintson a fenti k\u00e9pre. (Fot\u00f3k: \u0150zse P\u00e9ter) Kardosk\u00fatra id\u00e9n is meg\u00e9rkezett a Mikul\u00e1s, \u00e9s remek hangulatt\u00f3l volt hangos a m\u0171vel\u0151d\u00e9si h\u00e1z nagyterme! M\u00e1r j\u00f3val a kezd\u00e9s el\u0151tt megtelt a terem izgatott gyerekekkel, k\u00edv\u00e1ncsi nagyobbakkal, mosolyg\u00f3s sz\u00fcl\u0151kkel, nagysz\u00fcl\u0151kkel \u00e9s testv\u00e9rekkel. Mindenki arra v\u00e1rt, hogy v\u00e9gre felbukkanjon a nagy piros kab\u00e1tos, \u00e9s elhozza a &hellip; <\/p>\n<p class=\"link-more\"><a href=\"https:\/\/www.kardoskut.hu\/?p=7980\" class=\"more-link\"><span class=\"screen-reader-text\">&#8222;Volt zs\u00e1kj\u00e1ban minden j\u00f3&#8221;<\/span> b\u0151vebben<\/a><\/p>\n","protected":false},"author":1,"featured_media":0,"comment_status":"closed","ping_status":"closed","sticky":false,"template":"","format":"standard","meta":{"footnotes":""},"categories":[1],"tags":[],"class_list":["post-7980","post","type-post","status-publish","format-standard","hentry","category-egyeb"],"_links":{"self":[{"href":"https:\/\/www.kardoskut.hu\/index.php?rest_route=\/wp\/v2\/posts\/7980","targetHints":{"allow":["GET"]}}],"collection":[{"href":"https:\/\/www.kardoskut.hu\/index.php?rest_route=\/wp\/v2\/posts"}],"about":[{"href":"https:\/\/www.kardoskut.hu\/index.php?rest_route=\/wp\/v2\/types\/post"}],"author":[{"embeddable":true,"href":"https:\/\/www.kardoskut.hu\/index.php?rest_route=\/wp\/v2\/users\/1"}],"replies":[{"embeddable":true,"href":"https:\/\/www.kardoskut.hu\/index.php?rest_route=%2Fwp%2Fv2%2Fcomments&post=7980"}],"version-history":[{"count":2,"href":"https:\/\/www.kardoskut.hu\/index.php?rest_route=\/wp\/v2\/posts\/7980\/revisions"}],"predecessor-version":[{"id":7983,"href":"https:\/\/www.kardoskut.hu\/index.php?rest_route=\/wp\/v2\/posts\/7980\/revisions\/7983"}],"wp:attachment":[{"href":"https:\/\/www.kardoskut.hu\/index.php?rest_route=%2Fwp%2Fv2%2Fmedia&parent=7980"}],"wp:term":[{"taxonomy":"category","embeddable":true,"href":"https:\/\/www.kardoskut.hu\/index.php?rest_route=%2Fwp%2Fv2%2Fcategories&post=7980"},{"taxonomy":"post_tag","embeddable":true,"href":"https:\/\/www.kardoskut.hu\/index.php?rest_route=%2Fwp%2Fv2%2Ftags&post=7980"}],"curies":[{"name":"wp","href":"https:\/\/api.w.org\/{rel}","templated":true}]}}