{"id":7971,"date":"2025-12-01T18:03:30","date_gmt":"2025-12-01T18:03:30","guid":{"rendered":"https:\/\/www.kardoskut.hu\/?p=7971"},"modified":"2025-12-01T19:06:49","modified_gmt":"2025-12-01T19:06:49","slug":"kardoskut-ismet-bizonyitott-nagy-siker-volt-a-ii-andras-napi-jarasi-kolbaszgyuro-verseny","status":"publish","type":"post","link":"https:\/\/www.kardoskut.hu\/?p=7971","title":{"rendered":"Kardosk\u00fat ism\u00e9t bizony\u00edtott \u2013 nagy siker volt a II. Andr\u00e1s-napi j\u00e1r\u00e1si kolb\u00e1szgy\u00far\u00f3 verseny"},"content":{"rendered":"<p><a href=\"https:\/\/www.flickr.com\/photos\/kardoskuthu\/albums\/72177720330646332\/with\/54957500360\"><img loading=\"lazy\" decoding=\"async\" class=\"alignnone size-large wp-image-7972\" src=\"https:\/\/www.kardoskut.hu\/wp-content\/uploads\/2025\/12\/54957197626_c159134695_o-1024x683.jpg\" alt=\"\" width=\"525\" height=\"350\" srcset=\"https:\/\/www.kardoskut.hu\/wp-content\/uploads\/2025\/12\/54957197626_c159134695_o-1024x683.jpg 1024w, https:\/\/www.kardoskut.hu\/wp-content\/uploads\/2025\/12\/54957197626_c159134695_o-300x200.jpg 300w, https:\/\/www.kardoskut.hu\/wp-content\/uploads\/2025\/12\/54957197626_c159134695_o-768x512.jpg 768w, https:\/\/www.kardoskut.hu\/wp-content\/uploads\/2025\/12\/54957197626_c159134695_o-100x67.jpg 100w, https:\/\/www.kardoskut.hu\/wp-content\/uploads\/2025\/12\/54957197626_c159134695_o.jpg 1500w\" sizes=\"auto, (max-width: 525px) 100vw, 525px\" \/><\/a><br \/>\nTov\u00e1bbi fot\u00f3k\u00e9rt k\u00e9rem kattintson a fenti k\u00e9pre. (Fot\u00f3k: \u0150zse P\u00e9ter)<\/p>\n<p>Az elm\u00falt \u00e9v tapasztalata egy\u00e9rtelm\u0171v\u00e9 tette: a rendezv\u00e9ny kin\u0151tte kor\u00e1bbi kereteit. Id\u00e9n ez\u00e9rt m\u00e1r egy j\u00f3val nagyobb rendezv\u00e9nys\u00e1tor v\u00e1rta a II. Andr\u00e1s-napi j\u00e1r\u00e1si kolb\u00e1szgy\u00far\u00f3 verseny r\u00e9sztvev\u0151it \u00e9s vend\u00e9geit.<\/p>\n<p>A megnyit\u00f3n Varga P\u00e1l polg\u00e1rmester mosolyogva jegyezte meg, hogy b\u00e1r az es\u0151 esik, ez nem t\u00e1ntor\u00edtotta el a r\u00e9sztvev\u0151ket. B\u00e1tran mertek nagyot \u00e1lmodni, a t\u00f6meg l\u00e1tt\u00e1n m\u00e9g ez a s\u00e1tor is kicsinek bizonyult. A lelkes \u00e9rdekl\u0151d\u00e9s pedig nem v\u00e9letlen: a t\u00e9rs\u00e9g egyik kedvelt gasztron\u00f3miai \u00e9s k\u00f6z\u00f6ss\u00e9gi esem\u00e9nye imm\u00e1r biztos pontja a k\u00f6rny\u00e9k \u0151szi programk\u00edn\u00e1lat\u00e1nak.<\/p>\n<p data-start=\"754\" data-end=\"1427\">A tavalyi rendezv\u00e9ny m\u00e1r megteremtette azt a hagyom\u00e1nyt, amelyre id\u00e9n a szervez\u0151k tov\u00e1bb \u00e9p\u00edtettek. A szombati napon \u00f6sszesen h\u00fasz csapat \u00e1llt rajthoz, hogy bizony\u00edtsa tud\u00e1s\u00e1t a kolb\u00e1szk\u00e9sz\u00edt\u00e9sben. A r\u00e9szv\u00e9teli kedv mag\u00e1\u00e9rt besz\u00e9lt: a kardosk\u00fati csapatok mellett az orosh\u00e1zi j\u00e1r\u00e1s szinte minden telep\u00fcl\u00e9s\u00e9r\u0151l \u00e9rkeztek csapatok. A hangulat m\u00e1r a reggeli \u00f3r\u00e1kban is fesztelen \u00e9s \u00e9letvid\u00e1m volt, a p\u00e1linkak\u00edn\u00e1l\u00e1s, a helyi sz\u00e1razkolb\u00e1szok k\u00f6rbej\u00e1r\u00e1sa pedig elmaradhatatlan r\u00e9sze lett a napnak \u2013 ki-ki saj\u00e1t specialit\u00e1s\u00e1t mutatta be, \u00e9s sz\u00edvesen k\u00f3stolta m\u00e1sok\u00e9t is.<\/p>\n<p data-start=\"1429\" data-end=\"1702\">A vid\u00e1m t\u00e1rsalg\u00e1sok \u00e9s nagy nevet\u00e9sek gyakran megszak\u00edtott\u00e1k a kolb\u00e1szt\u00f6lt\u00e9s folyamat\u00e1t, de \u00e9ppen ez teszi k\u00fcl\u00f6nlegess\u00e9 ezt a rendezv\u00e9nyt: az egy\u00fctt t\u00f6lt\u00f6tt id\u0151, a bar\u00e1ts\u00e1gos verseng\u00e9s \u00e9s a j\u00f3\u00edz\u0171 besz\u00e9lget\u00e9sek \u00e9pp\u00fagy hozz\u00e1tartoznak, mint maga a gasztron\u00f3miai megm\u00e9rettet\u00e9s.<\/p>\n<p data-start=\"1756\" data-end=\"1963\">Varga P\u00e1l polg\u00e1rmester k\u00f6sz\u00f6nt\u0151j\u00e9ben kiemelte, hogy id\u00e9n \u00f6sszesen nyolc telep\u00fcl\u00e9s tisztelte meg jelenl\u00e9t\u00e9vel a rendezv\u00e9nyt: B\u00e9k\u00e9ss\u00e1mson, Csan\u00e1dap\u00e1ca, Pusztaf\u00f6ldv\u00e1r, G\u00e1doros, T\u00f3tkoml\u00f3s, Nagysz\u00e9n\u00e1s, Kaszaper \u00e9s Kardosk\u00fat.<\/p>\n<p data-start=\"1965\" data-end=\"2152\">A polg\u00e1rmester hangs\u00falyozta, hogy e telep\u00fcl\u00e9sek nemcsak a tud\u00e1sukat \u00e9s hagyom\u00e1nyaikat hozt\u00e1k magukkal, hanem azt a szellemis\u00e9get is, amely a t\u00e9rs\u00e9gi egy\u00fcttm\u0171k\u00f6d\u00e9st er\u0151s\u00edti. Mint mondta: \u2013 Amikor a hivatalos t\u00e1rgyal\u00e1sokb\u00f3l fesz\u00fclten fel\u00e1llunk, az emberi kapcsolataink \u00e9s bar\u00e1ts\u00e1gaink seg\u00edtenek t\u00fallend\u00fclni a neh\u00e9z pillanatokon. Egy ilyen nap pedig megmutatja, hogy a j\u00e1r\u00e1son bel\u00fcli egy\u00fcttm\u0171k\u00f6d\u00e9s val\u00f3ban \u00e9rt\u00e9ket teremt.<\/p>\n<p data-start=\"2388\" data-end=\"2515\">P\u00e9ldak\u00e9nt eml\u00edtette a Versenyk\u00e9pes J\u00e1r\u00e1sok Programot, amelyben a t\u00e9rs\u00e9g telep\u00fcl\u00e9sei k\u00f6z\u00f6sen dolgoznak a fejl\u0151d\u00e9s \u00e9rdek\u00e9ben. Az idei rendezv\u00e9ny d\u00edszvend\u00e9ge Kaszaper volt, a szomsz\u00e9dos mez\u0151kov\u00e1csh\u00e1zi j\u00e1r\u00e1sb\u00f3l \u00e9rkezve, tov\u00e1bb er\u0151s\u00edtve a t\u00e9rs\u00e9gek k\u00f6zti kapcsolatokat.<\/p>\n<p data-start=\"2694\" data-end=\"3035\">A hivatalos megnyit\u00f3 ut\u00e1n a csapatok hozz\u00e1l\u00e1ttak a kiosztott h\u00fas feldolgoz\u00e1s\u00e1hoz, mik\u00f6zben a zs\u0171ri \u2013 \u00e9l\u00e9n Seres P\u00e9terrel, a B\u00e9k\u00e9s V\u00e1rmegyei \u00d6nkorm\u00e1nyzat tagj\u00e1val \u2013 neki\u00e1llt \u00e9rt\u00e9kelni a hozz\u00e1juk beny\u00fajtott savany\u00fas\u00e1g- \u00e9s pog\u00e1csamint\u00e1kat.<\/p>\n<p data-start=\"3037\" data-end=\"3226\">A gyerekek \u00e9s a csal\u00e1dok sem maradtak program n\u00e9lk\u00fcl: a B\u00e1bika j\u00e1tsz\u00f3h\u00e1zban adventi d\u00edszeket k\u00e9sz\u00edthettek, \u00e9s Andr\u00e1s-napi, illetve p\u00e1link\u00e1s tot\u00f3n is pr\u00f3b\u00e1ra tehett\u00e9k tud\u00e1sukat a r\u00e9sztvev\u0151k.<\/p>\n<p data-start=\"3696\" data-end=\"3899\">G\u0151z\u00f6lg\u00f6tt a toros k\u00e1poszta, s\u00fcltek a kolb\u00e1szok, a vend\u00e9gek pedig \u00e9lvezettel fogyasztott\u00e1k a frissen k\u00e9sz\u00fclt \u00e9tkeket. A j\u00f3 hangulatr\u00f3l a s\u00e1torban, majd a f\u0171t\u00f6tt nagyteremben a Viharsarki Silver Zenekar gondoskodott.<\/p>\n<p data-start=\"3955\" data-end=\"4142\">A nap egyik legizgalmasabb r\u00e9sze k\u00e9ts\u00e9gtelen\u00fcl a telep\u00fcl\u00e9sek k\u00f6z\u00f6tti kolb\u00e1szgy\u00far\u00f3 verseny eredm\u00e9nyhirdet\u00e9se volt. A zs\u0171ri id\u00e9n is neh\u00e9z feladat el\u0151tt \u00e1llt, de v\u00e9g\u00fcl megsz\u00fcletett a d\u00f6nt\u00e9s:<\/p>\n<p data-start=\"4147\" data-end=\"4164\"><strong data-start=\"4147\" data-end=\"4162\">1. Csan\u00e1dap\u00e1ca<br \/>\n2. Kardosk\u00fat<br \/>\n3. Kaszaper<\/strong><\/p>\n<p data-start=\"4201\" data-end=\"4339\">A dobog\u00f3s helyez\u00e9sek m\u00f6g\u00f6tt szoros verseny \u00e1llt, minden csapat komoly munk\u00e1t \u00e9s odafigyel\u00e9st tett bele a saj\u00e1t receptj\u00e9be \u00e9s technik\u00e1j\u00e1ba.<\/p>\n<p data-start=\"4383\" data-end=\"4473\">A helyi k\u00f6z\u00f6ss\u00e9gek k\u00fcl\u00f6n megm\u00e9rettet\u00e9sben vettek r\u00e9szt, \u00e9s a k\u00f6vetkez\u0151 sorrend alakult ki:<\/p>\n<p data-start=\"4478\" data-end=\"4493\"><strong data-start=\"4478\" data-end=\"4491\">1. Maca-Laca<br \/>\n2. K\u00f6m\u00e9nymag<br \/>\n3. Kolb\u00e1sz Kommand\u00f3<\/strong><\/p>\n<p data-start=\"4538\" data-end=\"4672\">Mindh\u00e1rom csapat kreat\u00edv hozz\u00e1\u00e1ll\u00e1ssal \u00e9s remek \u00edzekkel bizony\u00edtotta, hogy Kardosk\u00fat gasztron\u00f3miai ereje tov\u00e1bbra is soksz\u00edn\u0171 \u00e9s er\u0151s.<\/p>\n<p data-start=\"4750\" data-end=\"4816\">A nap v\u00e9g\u00e9n a zs\u0171ri kihirdette a t\u00f6bbi versenysz\u00e1m eredm\u00e9nyeit is.<\/p>\n<p data-start=\"4750\" data-end=\"4816\"><strong data-start=\"4822\" data-end=\"4844\">Savany\u00fas\u00e1gverseny:<\/strong><\/p>\n<p data-start=\"4848\" data-end=\"4877\"><strong data-start=\"4848\" data-end=\"4875\">1. Sass Istv\u00e1nn\u00e9 (G\u00e1doros)<br \/>\n2. <\/strong><strong data-start=\"4881\" data-end=\"4897\">\u0150zse Zolt\u00e1n<br \/>\n3. Cs\u00e1ki Imr\u00e9n\u00e9<\/strong><\/p>\n<p data-start=\"4848\" data-end=\"4877\"><strong data-start=\"4928\" data-end=\"4947\">Pog\u00e1csaverseny:<\/strong><\/p>\n<p data-start=\"4951\" data-end=\"4972\"><strong data-start=\"4951\" data-end=\"4970\">1. Zsigovics Erika<br \/>\n2. Szemenyein\u00e9 Libor Roz\u00e1lia<\/strong> (megosztva) <strong data-start=\"5023\" data-end=\"5052\">Rajkin\u00e9 Szula Magdoln\u00e1val<\/strong><\/p>\n<p data-start=\"5054\" data-end=\"5193\">A d\u00edjazottak mindannyian saj\u00e1t, \u00e9vtizedek alatt t\u00f6k\u00e9letes\u00edtett receptjeiket hozt\u00e1k, amelyek m\u00e9lt\u00e1n nyert\u00e9k el a szak\u00e9rt\u0151 zs\u0171ri elismer\u00e9s\u00e9t.<\/p>\n<p data-start=\"5218\" data-end=\"5609\">A II. Andr\u00e1s-napi j\u00e1r\u00e1si kolb\u00e1szgy\u00far\u00f3 verseny ism\u00e9t bebizony\u00edtotta, hogy Kardosk\u00fat nemcsak a hagyom\u00e1nyok \u0151rz\u0151je, hanem a k\u00f6z\u00f6ss\u00e9gi \u00f6sszefog\u00e1s otthona is. A nagy s\u00e1tor megtelt, a hangulat remek volt, a csapatok lelkesed\u00e9se pedig \u00e1tragadt minden r\u00e9sztvev\u0151re. Az esem\u00e9ny egyszerre sz\u00f3lt a gasztron\u00f3mi\u00e1r\u00f3l, az emberi kapcsolatok erej\u00e9r\u0151l, a helyi identit\u00e1sr\u00f3l \u00e9s a j\u00f6v\u0151be tekint\u0151 gondolkod\u00e1sr\u00f3l.<\/p>\n<p data-start=\"5611\" data-end=\"5876\">A r\u00e9sztvev\u0151k m\u00e1r most abban b\u00edznak, hogy j\u00f6v\u0151re ism\u00e9t tal\u00e1lkoznak \u2013 tal\u00e1n m\u00e9g nagyobb s\u00e1torban, m\u00e9g t\u00f6bb csapattal, de ugyanilyen j\u00f3kedvvel \u00e9s \u00f6sszetart\u00e1ssal. Kardosk\u00fat pedig ism\u00e9t bebizony\u00edtotta: ha k\u00f6z\u00f6ss\u00e9gr\u0151l \u00e9s hagyom\u00e1nyr\u00f3l van sz\u00f3, mindig k\u00e9pes nagyot alkotni.<\/p>\n<p data-start=\"5611\" data-end=\"5876\">H\u00e1l\u00e1s k\u00f6sz\u00f6net minden seg\u00edt\u0151nek, aki hozz\u00e1j\u00e1rult a nap sikeres megval\u00f3s\u00edt\u00e1s\u00e1hoz.<\/p>\n<p data-start=\"5611\" data-end=\"5876\">F\u0151 t\u00e1mogat\u00f3k:<\/p>\n<p data-start=\"5611\" data-end=\"5876\">Kardosk\u00fat K\u00f6zs\u00e9g \u00d6nkorm\u00e1nyzata<br \/>\nKardosk\u00fati Motoros- \u00e9s Veter\u00e1ng\u00e9pj\u00e1rm\u0171vesek Bar\u00e1ti Egyes\u00fclete<br \/>\nKardosk\u00fati Gasztro P\u00e1linka Egyes\u00fclet<\/p>\n","protected":false},"excerpt":{"rendered":"<p>Tov\u00e1bbi fot\u00f3k\u00e9rt k\u00e9rem kattintson a fenti k\u00e9pre. (Fot\u00f3k: \u0150zse P\u00e9ter) Az elm\u00falt \u00e9v tapasztalata egy\u00e9rtelm\u0171v\u00e9 tette: a rendezv\u00e9ny kin\u0151tte kor\u00e1bbi kereteit. Id\u00e9n ez\u00e9rt m\u00e1r egy j\u00f3val nagyobb rendezv\u00e9nys\u00e1tor v\u00e1rta a II. Andr\u00e1s-napi j\u00e1r\u00e1si kolb\u00e1szgy\u00far\u00f3 verseny r\u00e9sztvev\u0151it \u00e9s vend\u00e9geit. A megnyit\u00f3n Varga P\u00e1l polg\u00e1rmester mosolyogva jegyezte meg, hogy b\u00e1r az es\u0151 esik, ez nem t\u00e1ntor\u00edtotta el &hellip; <\/p>\n<p class=\"link-more\"><a href=\"https:\/\/www.kardoskut.hu\/?p=7971\" class=\"more-link\"><span class=\"screen-reader-text\">&#8222;Kardosk\u00fat ism\u00e9t bizony\u00edtott \u2013 nagy siker volt a II. Andr\u00e1s-napi j\u00e1r\u00e1si kolb\u00e1szgy\u00far\u00f3 verseny&#8221;<\/span> b\u0151vebben<\/a><\/p>\n","protected":false},"author":1,"featured_media":0,"comment_status":"closed","ping_status":"closed","sticky":false,"template":"","format":"standard","meta":{"footnotes":""},"categories":[1],"tags":[],"class_list":["post-7971","post","type-post","status-publish","format-standard","hentry","category-egyeb"],"_links":{"self":[{"href":"https:\/\/www.kardoskut.hu\/index.php?rest_route=\/wp\/v2\/posts\/7971","targetHints":{"allow":["GET"]}}],"collection":[{"href":"https:\/\/www.kardoskut.hu\/index.php?rest_route=\/wp\/v2\/posts"}],"about":[{"href":"https:\/\/www.kardoskut.hu\/index.php?rest_route=\/wp\/v2\/types\/post"}],"author":[{"embeddable":true,"href":"https:\/\/www.kardoskut.hu\/index.php?rest_route=\/wp\/v2\/users\/1"}],"replies":[{"embeddable":true,"href":"https:\/\/www.kardoskut.hu\/index.php?rest_route=%2Fwp%2Fv2%2Fcomments&post=7971"}],"version-history":[{"count":6,"href":"https:\/\/www.kardoskut.hu\/index.php?rest_route=\/wp\/v2\/posts\/7971\/revisions"}],"predecessor-version":[{"id":7978,"href":"https:\/\/www.kardoskut.hu\/index.php?rest_route=\/wp\/v2\/posts\/7971\/revisions\/7978"}],"wp:attachment":[{"href":"https:\/\/www.kardoskut.hu\/index.php?rest_route=%2Fwp%2Fv2%2Fmedia&parent=7971"}],"wp:term":[{"taxonomy":"category","embeddable":true,"href":"https:\/\/www.kardoskut.hu\/index.php?rest_route=%2Fwp%2Fv2%2Fcategories&post=7971"},{"taxonomy":"post_tag","embeddable":true,"href":"https:\/\/www.kardoskut.hu\/index.php?rest_route=%2Fwp%2Fv2%2Ftags&post=7971"}],"curies":[{"name":"wp","href":"https:\/\/api.w.org\/{rel}","templated":true}]}}