{"id":7967,"date":"2025-12-01T16:54:19","date_gmt":"2025-12-01T16:54:19","guid":{"rendered":"https:\/\/www.kardoskut.hu\/?p=7967"},"modified":"2025-12-01T17:22:42","modified_gmt":"2025-12-01T17:22:42","slug":"idokapszulat-helyeztek-el-kardoskuton-a-telepules-fennallasanak-75-esztendejeben","status":"publish","type":"post","link":"https:\/\/www.kardoskut.hu\/?p=7967","title":{"rendered":"Id\u0151kapszul\u00e1t helyeztek el Kardosk\u00faton a telep\u00fcl\u00e9s fenn\u00e1ll\u00e1s\u00e1nak 75. esztendej\u00e9ben"},"content":{"rendered":"<p><iframe loading=\"lazy\" title=\"\u00dczenet a j\u00f6v\u0151be - Id\u0151kapszul\u00e1t helyezt\u00fcnk el 2025. november 29-\u00e9n, Kardosk\u00faton.\" width=\"525\" height=\"295\" src=\"https:\/\/www.youtube.com\/embed\/pKoXqH2XiOc?feature=oembed\" frameborder=\"0\" allow=\"accelerometer; autoplay; clipboard-write; encrypted-media; gyroscope; picture-in-picture; web-share\" referrerpolicy=\"strict-origin-when-cross-origin\" allowfullscreen><\/iframe><\/p>\n<p>A vide\u00f3t k\u00e9sz\u00edtette: \u0150zse P\u00e9ter<\/p>\n<p><span class=\"yt-core-attributed-string yt-core-attributed-string--white-space-pre-wrap\" dir=\"auto\" role=\"text\"><span class=\"yt-core-attributed-string--link-inherit-color\" dir=\"auto\">Kardosk\u00fat t\u00f6rt\u00e9net\u00e9nek egyik k\u00fcl\u00f6nleges, szimbolikus pillanat\u00e1ra ker\u00fclt sor a 75. jubileumi esztend\u0151ben: a falu k\u00f6z\u00f6ss\u00e9ge id\u0151kapszul\u00e1t helyezett el, amelyet 2050-ben kell felnyitni. <\/span><\/span><span class=\"yt-core-attributed-string yt-core-attributed-string--white-space-pre-wrap\" dir=\"auto\" role=\"text\"><span class=\"yt-core-attributed-string--link-inherit-color\" dir=\"auto\">A gesztus egyszerre hordozza a m\u00falt tisztelet\u00e9t, a jelen meg\u00f6r\u00f6k\u00edt\u00e9s\u00e9t \u00e9s a j\u00f6v\u0151 fel\u00e9 val\u00f3 rem\u00e9nyteljes \u00fczenetk\u00fcld\u00e9st. <\/span><\/span><\/p>\n<p><span class=\"yt-core-attributed-string yt-core-attributed-string--white-space-pre-wrap\" dir=\"auto\" role=\"text\"><span class=\"yt-core-attributed-string--link-inherit-color\" dir=\"auto\">A kapszula \u00f6sszesen 38 levelet \u00e9s egy adathordoz\u00f3t tartalmaz \u2013 ezekben kardosk\u00fati lakosok, a telep\u00fcl\u00e9s legr\u00e9gebb \u00f3ta m\u0171k\u00f6d\u0151 k\u00f6z\u00f6ss\u00e9ge, a Radn\u00f3ti Mikl\u00f3s Nyugd\u00edjas Klub \u00e9s a Kardosk\u00fat K\u00f6zs\u00e9g\u00e9rt K\u00f6zalap\u00edtv\u00e1ny fogalmazt\u00e1k meg gondolataikat, j\u00f3k\u00edv\u00e1ns\u00e1gaikat \u00e9s \u00fczeneteiket a j\u00f6v\u0151 gener\u00e1ci\u00f3i sz\u00e1m\u00e1ra. A kapszula sz\u00edv\u00e9ben \u0151rzi tov\u00e1bb\u00e1 azt a k\u00f6zel 100.000 fot\u00f3t \u00e9s vide\u00f3t, amely a telep\u00fcl\u00e9s esem\u00e9nyeir\u0151l lettek meg\u00f6r\u00f6k\u00edtve. <\/span><\/span><\/p>\n<p><span class=\"yt-core-attributed-string yt-core-attributed-string--white-space-pre-wrap\" dir=\"auto\" role=\"text\"><span class=\"yt-core-attributed-string--link-inherit-color\" dir=\"auto\">Az id\u0151kapszula elhelyez\u00e9s\u00e9nek \u00fcnnep\u00e9lyes pillanat\u00e1ra a falu legfontosabb k\u00f6z\u00f6ss\u00e9gi esem\u00e9nyeinek egyik\u00e9n ker\u00fclt sor. Az \u00f6sszegy\u0171lt \u00e9rdekl\u0151d\u0151ket a telep\u00fcl\u00e9s vezet\u0151je, Varga P\u00e1l k\u00f6sz\u00f6nt\u00f6tte. Kardosk\u00fat 75 \u00e9v\u00e9nek t\u00f6rt\u00e9nete nem csup\u00e1n \u00e9vsz\u00e1mok, \u00e9p\u00fcletek \u00e9s esem\u00e9nyek sorozata, hanem az itt \u00e9l\u0151 emberek\u00e9, akik munk\u00e1jukkal, \u00f6sszefog\u00e1sukkal \u00e9s hit\u00fckkel form\u00e1lt\u00e1k a falut. A 2050-es felnyit\u00e1s gondolata k\u00fcl\u00f6n\u00f6s izgalmat hordoz. A mostani fiatalok addigra k\u00f6z\u00e9pkor\u00fa feln\u0151ttek lesznek, akik tal\u00e1n saj\u00e1t gyermekeikkel vagy unok\u00e1ikkal egy\u00fctt olvashatj\u00e1k majd el az \u00fczeneteket. Mire az id\u0151kapszula felt\u00e1rul, a vil\u00e1g \u00e9s vele egy\u00fctt Kardosk\u00fat is sokat v\u00e1ltozik majd \u2013 \u00e9ppen ez\u00e9rt lesz k\u00fcl\u00f6n\u00f6sen \u00e9rt\u00e9kes bepillantani abba, mit tartottak fontosnak a 75. \u00e9vfordul\u00f3 kardosk\u00fati lakosai. <\/span><\/span><\/p>\n<p><span class=\"yt-core-attributed-string yt-core-attributed-string--white-space-pre-wrap\" dir=\"auto\" role=\"text\"><span class=\"yt-core-attributed-string--link-inherit-color\" dir=\"auto\">A<\/span><\/span><span class=\"yt-core-attributed-string yt-core-attributed-string--white-space-pre-wrap\" dir=\"auto\" role=\"text\"><span class=\"yt-core-attributed-string--link-inherit-color\" dir=\"auto\">z id\u0151kapszula elhelyez\u00e9se \u00edgy nem csup\u00e1n egy \u00fcnnepi program r\u00e9sze volt, hanem egy k\u00f6z\u00f6ss\u00e9gi v\u00e1llal\u00e1s is: a jelen meg\u0151rz\u00e9se a j\u00f6v\u0151 sz\u00e1m\u00e1ra. Az id\u0151kapszula elhelyez\u00e9se eml\u00e9keztet arra, hogy a m\u00falt, a jelen \u00e9s a j\u00f6v\u0151 szorosan \u00f6sszekapcsol\u00f3dik.<\/span><\/span><\/p>\n","protected":false},"excerpt":{"rendered":"<p>A vide\u00f3t k\u00e9sz\u00edtette: \u0150zse P\u00e9ter Kardosk\u00fat t\u00f6rt\u00e9net\u00e9nek egyik k\u00fcl\u00f6nleges, szimbolikus pillanat\u00e1ra ker\u00fclt sor a 75. jubileumi esztend\u0151ben: a falu k\u00f6z\u00f6ss\u00e9ge id\u0151kapszul\u00e1t helyezett el, amelyet 2050-ben kell felnyitni. A gesztus egyszerre hordozza a m\u00falt tisztelet\u00e9t, a jelen meg\u00f6r\u00f6k\u00edt\u00e9s\u00e9t \u00e9s a j\u00f6v\u0151 fel\u00e9 val\u00f3 rem\u00e9nyteljes \u00fczenetk\u00fcld\u00e9st. A kapszula \u00f6sszesen 38 levelet \u00e9s egy adathordoz\u00f3t tartalmaz \u2013 ezekben &hellip; <\/p>\n<p class=\"link-more\"><a href=\"https:\/\/www.kardoskut.hu\/?p=7967\" class=\"more-link\"><span class=\"screen-reader-text\">&#8222;Id\u0151kapszul\u00e1t helyeztek el Kardosk\u00faton a telep\u00fcl\u00e9s fenn\u00e1ll\u00e1s\u00e1nak 75. esztendej\u00e9ben&#8221;<\/span> b\u0151vebben<\/a><\/p>\n","protected":false},"author":1,"featured_media":0,"comment_status":"closed","ping_status":"closed","sticky":false,"template":"","format":"standard","meta":{"footnotes":""},"categories":[1],"tags":[],"class_list":["post-7967","post","type-post","status-publish","format-standard","hentry","category-egyeb"],"_links":{"self":[{"href":"https:\/\/www.kardoskut.hu\/index.php?rest_route=\/wp\/v2\/posts\/7967","targetHints":{"allow":["GET"]}}],"collection":[{"href":"https:\/\/www.kardoskut.hu\/index.php?rest_route=\/wp\/v2\/posts"}],"about":[{"href":"https:\/\/www.kardoskut.hu\/index.php?rest_route=\/wp\/v2\/types\/post"}],"author":[{"embeddable":true,"href":"https:\/\/www.kardoskut.hu\/index.php?rest_route=\/wp\/v2\/users\/1"}],"replies":[{"embeddable":true,"href":"https:\/\/www.kardoskut.hu\/index.php?rest_route=%2Fwp%2Fv2%2Fcomments&post=7967"}],"version-history":[{"count":3,"href":"https:\/\/www.kardoskut.hu\/index.php?rest_route=\/wp\/v2\/posts\/7967\/revisions"}],"predecessor-version":[{"id":7970,"href":"https:\/\/www.kardoskut.hu\/index.php?rest_route=\/wp\/v2\/posts\/7967\/revisions\/7970"}],"wp:attachment":[{"href":"https:\/\/www.kardoskut.hu\/index.php?rest_route=%2Fwp%2Fv2%2Fmedia&parent=7967"}],"wp:term":[{"taxonomy":"category","embeddable":true,"href":"https:\/\/www.kardoskut.hu\/index.php?rest_route=%2Fwp%2Fv2%2Fcategories&post=7967"},{"taxonomy":"post_tag","embeddable":true,"href":"https:\/\/www.kardoskut.hu\/index.php?rest_route=%2Fwp%2Fv2%2Ftags&post=7967"}],"curies":[{"name":"wp","href":"https:\/\/api.w.org\/{rel}","templated":true}]}}