{"id":7959,"date":"2025-12-01T14:30:47","date_gmt":"2025-12-01T14:30:47","guid":{"rendered":"https:\/\/www.kardoskut.hu\/?p=7959"},"modified":"2025-12-01T14:32:48","modified_gmt":"2025-12-01T14:32:48","slug":"az-elso-adventi-gyertyalang-ragyogta-be-a-kardoskuti-estet","status":"publish","type":"post","link":"https:\/\/www.kardoskut.hu\/?p=7959","title":{"rendered":"Az els\u0151 adventi gyertyal\u00e1ng beragyogta a kardosk\u00fati est\u00e9t"},"content":{"rendered":"<p><a href=\"https:\/\/www.flickr.com\/photos\/kardoskuthu\/albums\/72177720330646877\"><img loading=\"lazy\" decoding=\"async\" class=\"alignnone size-large wp-image-7961\" src=\"https:\/\/www.kardoskut.hu\/wp-content\/uploads\/2025\/12\/20251130-kardoskut-04-1024x683.jpg\" alt=\"\" width=\"525\" height=\"350\" srcset=\"https:\/\/www.kardoskut.hu\/wp-content\/uploads\/2025\/12\/20251130-kardoskut-04-1024x683.jpg 1024w, https:\/\/www.kardoskut.hu\/wp-content\/uploads\/2025\/12\/20251130-kardoskut-04-300x200.jpg 300w, https:\/\/www.kardoskut.hu\/wp-content\/uploads\/2025\/12\/20251130-kardoskut-04-768x512.jpg 768w, https:\/\/www.kardoskut.hu\/wp-content\/uploads\/2025\/12\/20251130-kardoskut-04-100x67.jpg 100w, https:\/\/www.kardoskut.hu\/wp-content\/uploads\/2025\/12\/20251130-kardoskut-04.jpg 1500w\" sizes=\"auto, (max-width: 525px) 100vw, 525px\" \/><\/a><br \/>\nTov\u00e1bbi fot\u00f3k\u00e9rt k\u00e9rem kattintson a fenti k\u00e9pre. (Fot\u00f3k: \u0150zse P\u00e9ter)<\/p>\n<p data-start=\"48\" data-end=\"397\">November utols\u00f3, hideg est\u00e9j\u00e9n k\u00fcl\u00f6nleges, szinte tapinthat\u00f3 csend \u00e9s v\u00e1rakoz\u00e1s lengte be kardosk\u00fati adventi koszor\u00fa k\u00f6rny\u00e9k\u00e9t. A falu lak\u00f3i \u00e9s az \u00e9rdekl\u0151d\u0151k lassan gy\u00fclekeztek az adventi koszor\u00fa k\u00f6r\u00fcl, hiszen mindannyian ugyanarra a pillanatra v\u00e1rtak. Arra, hogy fellobbanjon az advent els\u0151 gyertyal\u00e1ngja, \u00e9s ezzel kezdet\u00e9t vegye a l\u00e9lekben val\u00f3 felk\u00e9sz\u00fcl\u00e9s id\u0151szaka.<\/p>\n<p data-start=\"399\" data-end=\"736\">A meghitt \u00fcnneps\u00e9get Varga P\u00e1l polg\u00e1rmester szavai nyitott\u00e1k meg. R\u00f6vid, sz\u00edvb\u0151l j\u00f6v\u0151 k\u00f6sz\u00f6nt\u0151j\u00e9ben az advent csendes sz\u00e9ps\u00e9g\u00e9r\u0151l \u00e9s a k\u00f6z\u00f6ss\u00e9g megtart\u00f3 erej\u00e9r\u0151l besz\u00e9lt. Arra h\u00edvta fel a figyelmet, hogy ezekben a napokban k\u00fcl\u00f6n\u00f6sen fontos meg\u00e1llni egy pillanatra, elengedni a h\u00e9tk\u00f6znapok zaj\u00e1t, \u00e9s megnyitni a sz\u00edv\u00fcnket egym\u00e1s fel\u00e9.<\/p>\n<p data-start=\"738\" data-end=\"1000\">A polg\u00e1rmesteri k\u00f6sz\u00f6nt\u0151 ut\u00e1n az \u00f6nkorm\u00e1nyzat \u00e9s int\u00e9zm\u00e9nyeinek koll\u00e9g\u00e1i k\u00e9sz\u00fcltek egy \u00fcnnepi m\u0171sorral. A halk dallamok, a felcsend\u00fcl\u0151 versek \u00e9s a szel\u00edd f\u00e9nyek egy\u00fctt olyan l\u00e9gk\u00f6rt teremtettek, mintha a falu egyetlen nagy csal\u00e1dd\u00e1 v\u00e1lt volna erre a r\u00f6vid id\u0151re.<\/p>\n<p data-start=\"1002\" data-end=\"1346\">Az els\u0151 gyerty\u00e1t Tracsek Oszk\u00e1r r\u00f3mai katolikus pl\u00e9b\u00e1niai korm\u00e1nyz\u00f3 gy\u00fajtotta meg szolg\u00e1lata ut\u00e1n. Miel\u0151tt a l\u00e1ng fellobbant volna, n\u00e9h\u00e1ny egyszer\u0171, m\u00e9gis m\u00e9ly gondolatot osztott meg a b\u00e9kess\u00e9gr\u0151l \u00e9s a l\u00e9lek csendj\u00e9r\u0151l. Amikor a gyertya f\u00e9nye v\u00e9g\u00fcl felragyogott, sokan \u00e9rezt\u00e9k \u00fagy: valami elkezd\u0151d\u00f6tt, valami, ami t\u00falmutat a t\u00e9l s\u00f6t\u00e9ts\u00e9g\u00e9n.<\/p>\n<p data-start=\"1348\" data-end=\"1706\" data-is-last-node=\"\" data-is-only-node=\"\">A gyertyagy\u00fajt\u00e1st k\u00f6vet\u0151en a k\u00f6zel sz\u00e1z megjelent vend\u00e9get zs\u00edros keny\u00e9rrel, forralt borral \u00e9s meleg te\u00e1val k\u00edn\u00e1lt\u00e1k. A g\u0151z\u00f6lg\u0151 italok \u00e9s a bar\u00e1ts\u00e1gos besz\u00e9lget\u00e9sek tov\u00e1bb er\u0151s\u00edtett\u00e9k a meghitts\u00e9get. Mindenki egy kicsit lassabban, egy kicsit b\u00e9k\u00e9sebben t\u00e9rt haza \u2013 mag\u00e1val v\u00edve a fellobban\u00f3 gyertya csendes \u00fczenet\u00e9t: adventben a f\u00e9ny benn\u00fcnk is megsz\u00fclethet.<\/p>\n","protected":false},"excerpt":{"rendered":"<p>Tov\u00e1bbi fot\u00f3k\u00e9rt k\u00e9rem kattintson a fenti k\u00e9pre. (Fot\u00f3k: \u0150zse P\u00e9ter) November utols\u00f3, hideg est\u00e9j\u00e9n k\u00fcl\u00f6nleges, szinte tapinthat\u00f3 csend \u00e9s v\u00e1rakoz\u00e1s lengte be kardosk\u00fati adventi koszor\u00fa k\u00f6rny\u00e9k\u00e9t. A falu lak\u00f3i \u00e9s az \u00e9rdekl\u0151d\u0151k lassan gy\u00fclekeztek az adventi koszor\u00fa k\u00f6r\u00fcl, hiszen mindannyian ugyanarra a pillanatra v\u00e1rtak. Arra, hogy fellobbanjon az advent els\u0151 gyertyal\u00e1ngja, \u00e9s ezzel kezdet\u00e9t vegye &hellip; <\/p>\n<p class=\"link-more\"><a href=\"https:\/\/www.kardoskut.hu\/?p=7959\" class=\"more-link\"><span class=\"screen-reader-text\">&#8222;Az els\u0151 adventi gyertyal\u00e1ng beragyogta a kardosk\u00fati est\u00e9t&#8221;<\/span> b\u0151vebben<\/a><\/p>\n","protected":false},"author":1,"featured_media":0,"comment_status":"closed","ping_status":"closed","sticky":false,"template":"","format":"standard","meta":{"footnotes":""},"categories":[1],"tags":[],"class_list":["post-7959","post","type-post","status-publish","format-standard","hentry","category-egyeb"],"_links":{"self":[{"href":"https:\/\/www.kardoskut.hu\/index.php?rest_route=\/wp\/v2\/posts\/7959","targetHints":{"allow":["GET"]}}],"collection":[{"href":"https:\/\/www.kardoskut.hu\/index.php?rest_route=\/wp\/v2\/posts"}],"about":[{"href":"https:\/\/www.kardoskut.hu\/index.php?rest_route=\/wp\/v2\/types\/post"}],"author":[{"embeddable":true,"href":"https:\/\/www.kardoskut.hu\/index.php?rest_route=\/wp\/v2\/users\/1"}],"replies":[{"embeddable":true,"href":"https:\/\/www.kardoskut.hu\/index.php?rest_route=%2Fwp%2Fv2%2Fcomments&post=7959"}],"version-history":[{"count":4,"href":"https:\/\/www.kardoskut.hu\/index.php?rest_route=\/wp\/v2\/posts\/7959\/revisions"}],"predecessor-version":[{"id":7965,"href":"https:\/\/www.kardoskut.hu\/index.php?rest_route=\/wp\/v2\/posts\/7959\/revisions\/7965"}],"wp:attachment":[{"href":"https:\/\/www.kardoskut.hu\/index.php?rest_route=%2Fwp%2Fv2%2Fmedia&parent=7959"}],"wp:term":[{"taxonomy":"category","embeddable":true,"href":"https:\/\/www.kardoskut.hu\/index.php?rest_route=%2Fwp%2Fv2%2Fcategories&post=7959"},{"taxonomy":"post_tag","embeddable":true,"href":"https:\/\/www.kardoskut.hu\/index.php?rest_route=%2Fwp%2Fv2%2Ftags&post=7959"}],"curies":[{"name":"wp","href":"https:\/\/api.w.org\/{rel}","templated":true}]}}