{"id":790,"date":"2008-01-26T16:02:29","date_gmt":"2008-01-26T16:02:29","guid":{"rendered":"http:\/\/new.kardoskut.hu\/?p=790"},"modified":"2017-11-20T16:05:43","modified_gmt":"2017-11-20T16:05:43","slug":"hangok-a-muvelodesi-hazban-ejjel-nappal","status":"publish","type":"post","link":"https:\/\/www.kardoskut.hu\/?p=790","title":{"rendered":"Hangok a m\u0171vel\u0151d\u00e9si h\u00e1zban \u00e9jjel-nappal"},"content":{"rendered":"<figure id=\"attachment_791\" aria-describedby=\"caption-attachment-791\" style=\"width: 794px\" class=\"wp-caption alignnone\"><a href=\"https:\/\/www.flickr.com\/photos\/kardoskuthu\/albums\/72157659366646541\"><img loading=\"lazy\" decoding=\"async\" class=\"size-full wp-image-791\" src=\"http:\/\/new.kardoskut.hu\/wp-content\/uploads\/2017\/11\/rf_fokep.jpg\" alt=\"\" width=\"794\" height=\"495\" srcset=\"https:\/\/www.kardoskut.hu\/wp-content\/uploads\/2017\/11\/rf_fokep.jpg 794w, https:\/\/www.kardoskut.hu\/wp-content\/uploads\/2017\/11\/rf_fokep-300x187.jpg 300w, https:\/\/www.kardoskut.hu\/wp-content\/uploads\/2017\/11\/rf_fokep-768x479.jpg 768w\" sizes=\"auto, (max-width: 767px) 89vw, (max-width: 1000px) 54vw, (max-width: 1071px) 543px, 580px\" \/><\/a><figcaption id=\"caption-attachment-791\" class=\"wp-caption-text\">Tov\u00e1bbi fot\u00f3k\u00e9rt k\u00e9rem, kattintson a fenti k\u00e9pre. (Fot\u00f3k: VP)<\/figcaption><\/figure>\n<p>Mozgalmas szombat van a M\u00f3ra Ferenc M\u0171vel\u0151d\u00e9si H\u00e1z m\u00f6g\u00f6tt. A k\u00e9retlen \u00e9jszakai l\u00e1togat\u00f3k ut\u00e1n &#8211; bet\u00f6rtek ugyanis a h\u00e1z irod\u00e1j\u00e1ba \u00e9s jelent\u0151s anyagi k\u00e1rt okoztak &#8211; d\u00e9lel\u0151tt \u00e9s d\u00e9lut\u00e1n a zeneiskol\u00e1sok k\u00fcrt \u00e9s furulya hangjai sz\u0171r\u0151dtek ki az int\u00e9zm\u00e9ny falai m\u00f6g\u00fcl. A k\u00e9zm\u0171ves szakk\u00f6r is megkezdte idei \u00fcgyesked\u00e9s\u00e9t ezen a napon. Este egy v\u00e1s\u00e1rhelyi rock banda sz\u00f3rakoztatta a nem csup\u00e1n helyi \u00e9s nem csak fiatalokb\u00f3l \u00e1ll\u00f3 n\u00e9z\u0151k\u00f6z\u00f6ns\u00e9g\u00e9t hazai \u00e9s k\u00fclf\u00f6ldi sz\u00e1mokat felvonultat\u00f3 m\u0171sorukban.<\/p>\n","protected":false},"excerpt":{"rendered":"<p>Mozgalmas szombat van a M\u00f3ra Ferenc M\u0171vel\u0151d\u00e9si H\u00e1z m\u00f6g\u00f6tt. A k\u00e9retlen \u00e9jszakai l\u00e1togat\u00f3k ut\u00e1n &#8211; bet\u00f6rtek ugyanis a h\u00e1z irod\u00e1j\u00e1ba \u00e9s jelent\u0151s anyagi k\u00e1rt okoztak &#8211; d\u00e9lel\u0151tt \u00e9s d\u00e9lut\u00e1n a zeneiskol\u00e1sok k\u00fcrt \u00e9s furulya hangjai sz\u0171r\u0151dtek ki az int\u00e9zm\u00e9ny falai m\u00f6g\u00fcl. A k\u00e9zm\u0171ves szakk\u00f6r is megkezdte idei \u00fcgyesked\u00e9s\u00e9t ezen a napon. Este egy v\u00e1s\u00e1rhelyi rock &hellip; <\/p>\n<p class=\"link-more\"><a href=\"https:\/\/www.kardoskut.hu\/?p=790\" class=\"more-link\"><span class=\"screen-reader-text\">&#8222;Hangok a m\u0171vel\u0151d\u00e9si h\u00e1zban \u00e9jjel-nappal&#8221;<\/span> b\u0151vebben<\/a><\/p>\n","protected":false},"author":1,"featured_media":0,"comment_status":"closed","ping_status":"closed","sticky":false,"template":"","format":"standard","meta":{"footnotes":""},"categories":[10],"tags":[],"class_list":["post-790","post","type-post","status-publish","format-standard","hentry","category-10"],"_links":{"self":[{"href":"https:\/\/www.kardoskut.hu\/index.php?rest_route=\/wp\/v2\/posts\/790","targetHints":{"allow":["GET"]}}],"collection":[{"href":"https:\/\/www.kardoskut.hu\/index.php?rest_route=\/wp\/v2\/posts"}],"about":[{"href":"https:\/\/www.kardoskut.hu\/index.php?rest_route=\/wp\/v2\/types\/post"}],"author":[{"embeddable":true,"href":"https:\/\/www.kardoskut.hu\/index.php?rest_route=\/wp\/v2\/users\/1"}],"replies":[{"embeddable":true,"href":"https:\/\/www.kardoskut.hu\/index.php?rest_route=%2Fwp%2Fv2%2Fcomments&post=790"}],"version-history":[{"count":1,"href":"https:\/\/www.kardoskut.hu\/index.php?rest_route=\/wp\/v2\/posts\/790\/revisions"}],"predecessor-version":[{"id":792,"href":"https:\/\/www.kardoskut.hu\/index.php?rest_route=\/wp\/v2\/posts\/790\/revisions\/792"}],"wp:attachment":[{"href":"https:\/\/www.kardoskut.hu\/index.php?rest_route=%2Fwp%2Fv2%2Fmedia&parent=790"}],"wp:term":[{"taxonomy":"category","embeddable":true,"href":"https:\/\/www.kardoskut.hu\/index.php?rest_route=%2Fwp%2Fv2%2Fcategories&post=790"},{"taxonomy":"post_tag","embeddable":true,"href":"https:\/\/www.kardoskut.hu\/index.php?rest_route=%2Fwp%2Fv2%2Ftags&post=790"}],"curies":[{"name":"wp","href":"https:\/\/api.w.org\/{rel}","templated":true}]}}