{"id":7879,"date":"2025-10-24T08:46:28","date_gmt":"2025-10-24T08:46:28","guid":{"rendered":"https:\/\/www.kardoskut.hu\/?p=7879"},"modified":"2025-10-24T08:53:15","modified_gmt":"2025-10-24T08:53:15","slug":"7879","status":"publish","type":"post","link":"https:\/\/www.kardoskut.hu\/?p=7879","title":{"rendered":"A forradalom eszm\u00e9je ma is \u00e9l a k\u00f6z\u00f6ss\u00e9gek sz\u00edv\u00e9ben"},"content":{"rendered":"<p><a href=\"https:\/\/www.flickr.com\/photos\/kardoskuthu\/albums\/72177720329860325\/\"><img loading=\"lazy\" decoding=\"async\" class=\"alignnone size-large wp-image-7880\" src=\"https:\/\/www.kardoskut.hu\/wp-content\/uploads\/2025\/10\/20251022-kardoskut-26-1024x683.jpg\" alt=\"\" width=\"525\" height=\"350\" srcset=\"https:\/\/www.kardoskut.hu\/wp-content\/uploads\/2025\/10\/20251022-kardoskut-26-1024x683.jpg 1024w, https:\/\/www.kardoskut.hu\/wp-content\/uploads\/2025\/10\/20251022-kardoskut-26-300x200.jpg 300w, https:\/\/www.kardoskut.hu\/wp-content\/uploads\/2025\/10\/20251022-kardoskut-26-768x512.jpg 768w, https:\/\/www.kardoskut.hu\/wp-content\/uploads\/2025\/10\/20251022-kardoskut-26-100x67.jpg 100w, https:\/\/www.kardoskut.hu\/wp-content\/uploads\/2025\/10\/20251022-kardoskut-26.jpg 1500w\" sizes=\"auto, (max-width: 525px) 100vw, 525px\" \/><\/a><br \/>\nTov\u00e1bbi fot\u00f3k\u00e9rt k\u00e9rem kattintson a fenti k\u00e9pre. (Fot\u00f3k: \u0150zse P\u00e9ter)<\/p>\n<p><span class=\"html-span xdj266r x14z9mp xat24cr x1lziwak xexx8yu xyri2b x18d9i69 x1c1uobl x1hl2dhg x16tdsg8 x1vvkbs x4k7w5x x1h91t0o x1h9r5lt x1jfb8zj xv2umb2 x1beo9mf xaigb6o x12ejxvf x3igimt xarpa2k xedcshv x1lytzrv x1t2pt76 x7ja8zs x1qrby5j\"><span class=\"x193iq5w xeuugli x13faqbe x1vvkbs x1xmvt09 x1lliihq x1s928wv xhkezso x1gmr53x x1cpjm7i x1fgarty x1943h6x xudqn12 x3x7a5m x6prxxf xvq8zen xo1l8bm x14ctfv\" dir=\"auto\">Okt\u00f3ber 22-\u00e9n este, a kardosk\u00fati m\u0171vel\u0151d\u00e9si h\u00e1z nagyterm\u00e9ben tartott\u00e1k az 1956-os forradalom \u00e9s szabads\u00e1gharc eml\u00e9k\u00e9re rendezett \u00fcnneps\u00e9get. <\/span><\/span><\/p>\n<p><span class=\"html-span xdj266r x14z9mp xat24cr x1lziwak xexx8yu xyri2b x18d9i69 x1c1uobl x1hl2dhg x16tdsg8 x1vvkbs x4k7w5x x1h91t0o x1h9r5lt x1jfb8zj xv2umb2 x1beo9mf xaigb6o x12ejxvf x3igimt xarpa2k xedcshv x1lytzrv x1t2pt76 x7ja8zs x1qrby5j\"><span class=\"x193iq5w xeuugli x13faqbe x1vvkbs x1xmvt09 x1lliihq x1s928wv xhkezso x1gmr53x x1cpjm7i x1fgarty x1943h6x xudqn12 x3x7a5m x6prxxf xvq8zen xo1l8bm x14ctfv\" dir=\"auto\">A megeml\u00e9kez\u00e9s a Himnusz hangjaival kezd\u0151d\u00f6tt, majd az orosh\u00e1zi T\u00e1ncsics Mih\u00e1ly Gimn\u00e1zium tanul\u00f3i adtak m\u0171sort. A di\u00e1kok szavalatokkal, zen\u00e9vel \u00e9s t\u00f6rt\u00e9nelmi visszatekint\u00e9ssel id\u00e9zt\u00e9k fel a forradalom esem\u00e9nyeit. Felk\u00e9sz\u00edt\u0151 pedag\u00f3gusuk Menyh\u00e1rt Krisztina tan\u00e1rn\u0151, telep\u00fcl\u00e9si k\u00e9pvisel\u0151 volt. <\/span><\/span><\/p>\n<p><span class=\"html-span xdj266r x14z9mp xat24cr x1lziwak xexx8yu xyri2b x18d9i69 x1c1uobl x1hl2dhg x16tdsg8 x1vvkbs x4k7w5x x1h91t0o x1h9r5lt x1jfb8zj xv2umb2 x1beo9mf xaigb6o x12ejxvf x3igimt xarpa2k xedcshv x1lytzrv x1t2pt76 x7ja8zs x1qrby5j\"><span class=\"x193iq5w xeuugli x13faqbe x1vvkbs x1xmvt09 x1lliihq x1s928wv xhkezso x1gmr53x x1cpjm7i x1fgarty x1943h6x xudqn12 x3x7a5m x6prxxf xvq8zen xo1l8bm x14ctfv\" dir=\"auto\">Az \u00fcnnepi besz\u00e9det &#8211; Kardosk\u00fat K\u00f6zs\u00e9g \u00d6nkorm\u00e1nyzata K\u00e9pvisel\u0151-test\u00fclet\u00e9nek felk\u00e9r\u00e9s\u00e9re &#8211;\u00a0 Barna Imre L\u00e1szl\u00f3, Kardosk\u00fat d\u00edszpolg\u00e1ra mondta el. Gondolataiban a szabads\u00e1g, a b\u00e1tors\u00e1g \u00e9s a nemzeti \u00f6sszetartoz\u00e1s jelent\u0151s\u00e9g\u00e9t emelte ki, belesz\u0151ve kardosk\u00fati k\u00f6t\u0151d\u00e9s\u0171 visszaeml\u00e9kez\u00e9s\u00e9t<\/span><\/span><span class=\"html-span xdj266r x14z9mp xat24cr x1lziwak xexx8yu xyri2b x18d9i69 x1c1uobl x1hl2dhg x16tdsg8 x1vvkbs x4k7w5x x1h91t0o x1h9r5lt x1jfb8zj xv2umb2 x1beo9mf xaigb6o x12ejxvf x3igimt xarpa2k xedcshv x1lytzrv x1t2pt76 x7ja8zs x1qrby5j\"><span class=\"x193iq5w xeuugli x13faqbe x1vvkbs x1xmvt09 x1lliihq x1s928wv xhkezso x1gmr53x x1cpjm7i x1fgarty x1943h6x xudqn12 x3x7a5m x6prxxf xvq8zen xo1l8bm x14ctfv\" dir=\"auto\">. <\/span><\/span><\/p>\n<p><span class=\"html-span xdj266r x14z9mp xat24cr x1lziwak xexx8yu xyri2b x18d9i69 x1c1uobl x1hl2dhg x16tdsg8 x1vvkbs x4k7w5x x1h91t0o x1h9r5lt x1jfb8zj xv2umb2 x1beo9mf xaigb6o x12ejxvf x3igimt xarpa2k xedcshv x1lytzrv x1t2pt76 x7ja8zs x1qrby5j\"><span class=\"x193iq5w xeuugli x13faqbe x1vvkbs x1xmvt09 x1lliihq x1s928wv xhkezso x1gmr53x x1cpjm7i x1fgarty x1943h6x xudqn12 x3x7a5m x6prxxf xvq8zen xo1l8bm x14ctfv\" dir=\"auto\">A besz\u00e9det k\u00f6vet\u0151en a jelenl\u00e9v\u0151k k\u00f6z\u00f6sen el\u00e9nekelt\u00e9k a Sz\u00f3zatot. Ezut\u00e1n f\u00e1kly\u00e1s menet indult az utc\u00e1kon \u00e1t a falu k\u00f6zpontj\u00e1ba, a H\u0151s\u00f6k eml\u00e9km\u0171v\u00e9hez, ahol az \u00f6nkorm\u00e1nyzat \u00e9s a helyi civil szervezetek megjelent k\u00e9pvisel\u0151i, illetve az eml\u00e9kez\u0151k helyezt\u00e9k el a koszor\u00fat \u00e9s a m\u00e9cseseket. <\/span><\/span><\/p>\n<p><span class=\"html-span xdj266r x14z9mp xat24cr x1lziwak xexx8yu xyri2b x18d9i69 x1c1uobl x1hl2dhg x16tdsg8 x1vvkbs x4k7w5x x1h91t0o x1h9r5lt x1jfb8zj xv2umb2 x1beo9mf xaigb6o x12ejxvf x3igimt xarpa2k xedcshv x1lytzrv x1t2pt76 x7ja8zs x1qrby5j\"><span class=\"x193iq5w xeuugli x13faqbe x1vvkbs x1xmvt09 x1lliihq x1s928wv xhkezso x1gmr53x x1cpjm7i x1fgarty x1943h6x xudqn12 x3x7a5m x6prxxf xvq8zen xo1l8bm x14ctfv\" dir=\"auto\">A lobog\u00f3 f\u00e1kly\u00e1k \u00e9s gyerty\u00e1k f\u00e9nye m\u00e9lt\u00f3s\u00e1gteljes hangulatot adott az est\u00e9nek, jelezve, hogy a forradalom eszm\u00e9je ma is \u00e9l a k\u00f6z\u00f6ss\u00e9g sz\u00edv\u00e9ben. A kardosk\u00fati megeml\u00e9kez\u00e9s id\u00e9n is csendes, meghitt m\u00f3don tisztelgett az 1956-os h\u0151s\u00f6k el\u0151tt, er\u0151s\u00edtve a m\u00falt ir\u00e1nti tiszteletet \u00e9s a nemzeti \u00f6sszetartoz\u00e1s \u00e9rz\u00e9s\u00e9t.<\/span><\/span><\/p>\n","protected":false},"excerpt":{"rendered":"<p>Tov\u00e1bbi fot\u00f3k\u00e9rt k\u00e9rem kattintson a fenti k\u00e9pre. (Fot\u00f3k: \u0150zse P\u00e9ter) Okt\u00f3ber 22-\u00e9n este, a kardosk\u00fati m\u0171vel\u0151d\u00e9si h\u00e1z nagyterm\u00e9ben tartott\u00e1k az 1956-os forradalom \u00e9s szabads\u00e1gharc eml\u00e9k\u00e9re rendezett \u00fcnneps\u00e9get. A megeml\u00e9kez\u00e9s a Himnusz hangjaival kezd\u0151d\u00f6tt, majd az orosh\u00e1zi T\u00e1ncsics Mih\u00e1ly Gimn\u00e1zium tanul\u00f3i adtak m\u0171sort. A di\u00e1kok szavalatokkal, zen\u00e9vel \u00e9s t\u00f6rt\u00e9nelmi visszatekint\u00e9ssel id\u00e9zt\u00e9k fel a forradalom esem\u00e9nyeit. Felk\u00e9sz\u00edt\u0151 &hellip; <\/p>\n<p class=\"link-more\"><a href=\"https:\/\/www.kardoskut.hu\/?p=7879\" class=\"more-link\"><span class=\"screen-reader-text\">&#8222;A forradalom eszm\u00e9je ma is \u00e9l a k\u00f6z\u00f6ss\u00e9gek sz\u00edv\u00e9ben&#8221;<\/span> b\u0151vebben<\/a><\/p>\n","protected":false},"author":1,"featured_media":0,"comment_status":"closed","ping_status":"closed","sticky":false,"template":"","format":"standard","meta":{"footnotes":""},"categories":[1],"tags":[],"class_list":["post-7879","post","type-post","status-publish","format-standard","hentry","category-egyeb"],"_links":{"self":[{"href":"https:\/\/www.kardoskut.hu\/index.php?rest_route=\/wp\/v2\/posts\/7879","targetHints":{"allow":["GET"]}}],"collection":[{"href":"https:\/\/www.kardoskut.hu\/index.php?rest_route=\/wp\/v2\/posts"}],"about":[{"href":"https:\/\/www.kardoskut.hu\/index.php?rest_route=\/wp\/v2\/types\/post"}],"author":[{"embeddable":true,"href":"https:\/\/www.kardoskut.hu\/index.php?rest_route=\/wp\/v2\/users\/1"}],"replies":[{"embeddable":true,"href":"https:\/\/www.kardoskut.hu\/index.php?rest_route=%2Fwp%2Fv2%2Fcomments&post=7879"}],"version-history":[{"count":3,"href":"https:\/\/www.kardoskut.hu\/index.php?rest_route=\/wp\/v2\/posts\/7879\/revisions"}],"predecessor-version":[{"id":7883,"href":"https:\/\/www.kardoskut.hu\/index.php?rest_route=\/wp\/v2\/posts\/7879\/revisions\/7883"}],"wp:attachment":[{"href":"https:\/\/www.kardoskut.hu\/index.php?rest_route=%2Fwp%2Fv2%2Fmedia&parent=7879"}],"wp:term":[{"taxonomy":"category","embeddable":true,"href":"https:\/\/www.kardoskut.hu\/index.php?rest_route=%2Fwp%2Fv2%2Fcategories&post=7879"},{"taxonomy":"post_tag","embeddable":true,"href":"https:\/\/www.kardoskut.hu\/index.php?rest_route=%2Fwp%2Fv2%2Ftags&post=7879"}],"curies":[{"name":"wp","href":"https:\/\/api.w.org\/{rel}","templated":true}]}}