{"id":777,"date":"2007-12-06T14:38:46","date_gmt":"2007-12-06T14:38:46","guid":{"rendered":"http:\/\/new.kardoskut.hu\/?p=777"},"modified":"2017-11-20T14:42:08","modified_gmt":"2017-11-20T14:42:08","slug":"az-e-on-mikulas-ajandekai","status":"publish","type":"post","link":"https:\/\/www.kardoskut.hu\/?p=777","title":{"rendered":"Az E.ON mikul\u00e1s aj\u00e1nd\u00e9kai"},"content":{"rendered":"<figure id=\"attachment_778\" aria-describedby=\"caption-attachment-778\" style=\"width: 640px\" class=\"wp-caption alignnone\"><a href=\"http:\/\/new.kardoskut.hu\/wp-content\/uploads\/2017\/11\/21256592544_433212f454_z.jpg\"><img loading=\"lazy\" decoding=\"async\" class=\"size-full wp-image-778\" src=\"http:\/\/new.kardoskut.hu\/wp-content\/uploads\/2017\/11\/21256592544_433212f454_z.jpg\" alt=\"\" width=\"640\" height=\"480\" srcset=\"https:\/\/www.kardoskut.hu\/wp-content\/uploads\/2017\/11\/21256592544_433212f454_z.jpg 640w, https:\/\/www.kardoskut.hu\/wp-content\/uploads\/2017\/11\/21256592544_433212f454_z-300x225.jpg 300w\" sizes=\"auto, (max-width: 640px) 100vw, 640px\" \/><\/a><figcaption id=\"caption-attachment-778\" class=\"wp-caption-text\">Tov\u00e1bbi fot\u00f3k\u00e9rt k\u00e9rem, kattintson a fenti k\u00e9pre. (Fot\u00f3:VP)<\/figcaption><\/figure>\n<p>December 6. Mikl\u00f3s. Gyereknyelven Mikul\u00e1s. Hossz\u00fa \u00e9vek \u00f3ta hagyom\u00e1ny n\u00e1lunk, hogy az \u00e1ltal\u00e1nos iskol\u00e1sok m\u0171sorral k\u00f6sz\u00f6ntik az \u00f3vod\u00e1sokat. A mostani m\u0171sornak a negyedikesek \u00e9s az \u00f6t\u00f6dikesek voltak a szerepl\u0151i. Don\u00e1szi Magda: A k\u00edv\u00e1ncsi bocs c. mesej\u00e1t\u00e9k\u00e1t adt\u00e1k el\u0151, Jutka n\u00e9ni \u00e9s Krisztina tan\u00e1rn\u0151 seg\u00edts\u00e9g\u00e9vel. A c\u00edmszerepl\u0151 T\u00e9ren Gerg\u0151 volt, aki kit\u0171n\u0151en alak\u00edtotta a kis oktondi bocs figur\u00e1j\u00e1t. Csak egyszer t\u00e9vesztett, amikor is, elfelejtett hangosan horkantani, ami jelz\u00e9s lett volna a T\u00e9lap\u00f3 sz\u00e1m\u00e1ra. M\u00f3ga Robit (T\u00e9lap\u00f3) a m\u00e9lyen alv\u00f3 kis bocs nem zavarta meg, zavartalanul alak\u00edtotta tov\u00e1bb a szerep\u00e9t. A T\u00e9lap\u00f3 seg\u00edt\u0151je a Cica volt Miszlai Laura szem\u00e9ly\u00e9ben. A mes\u00e9ben k\u00e9t tollpehely is szerepelt, akik magukat h\u00f3pehelynek \u00e1lc\u00e1zt\u00e1k. (Arany Betti, G\u00e1l Szili). A Szelek Anyja (Nagy Klaudia) seg\u00edtette a T\u00e9lap\u00f3t eljutni a kis bocshoz. A legt\u00f6bb sz\u00f6veget a k\u00e9t mes\u00e9l\u0151nek kellett megtanulnia. (M\u00f3ga Szilvi, Nemes M\u00f3nika) \u0150k is nagyon \u00fcgyesek voltak. Az \u00f3vod\u00e1sok n\u00e9ma csendben figyelt\u00e9k a m\u0171sort, de \u0151k is bekapcsol\u00f3dtak az \u00e9nekl\u00e9sbe amivel a T\u00e9lap\u00f3t h\u00edvogatt\u00e1k. A mesej\u00e1t\u00e9k v\u00e9g\u00e9n verset szavalt: Gyetyin\u00e1s Peti \u00e9s Pali, Lencse M\u00e1rti \u00e9s D\u00e9nes \u00c9va is. Az iskola ifj\u00fa zen\u00e9sz pal\u00e1nt\u00e1i is fell\u00e9ptek. M\u00f3ga Szilvi \u00e9s \u0150zse Peti zongor\u00e1zott, Kocs\u00e1ny Kitti furuly\u00e1zott. A k\u00f6zs\u00e9gi T\u00e9lap\u00f3 \u00fcnneps\u00e9gen m\u00e9g egyszer el\u0151adj\u00e1k a k\u00edv\u00e1ncsi bocs mes\u00e9j\u00e9t. Az iskol\u00e1sok m\u0171sora ut\u00e1n igazi motoros Mikul\u00e1s \u00e9rkezett az \u00f3vod\u00e1ba. (K. G\u00e1bor) Hasznos intelmek \u00e9s j\u00f3 tan\u00e1csok k\u00eds\u00e9ret\u00e9ben adta \u00e1t a Mikul\u00e1scsomagokat. Ezzel m\u00e9g nem volt v\u00e9ge a rendezv\u00e9nynek, mert az E-ON F\u00f6ldg\u00e1z Zrt munkat\u00e1rsai c\u00e9g\u00fck k\u00e9pviselet\u00e9ben a t\u00e1rsadalmi felel\u0151ss\u00e9gv\u00e1llal\u00e1s jegy\u00e9ben m\u0171k\u00f6d\u00e9si ter\u00fclet\u00fckh\u00f6z tartoz\u00f3 telep\u00fcl\u00e9sek \u00f3vod\u00e1iba \u00e9s iskol\u00e1iba j\u00e1r\u00f3 gyerekeknek aj\u00e1nd\u00e9kot hoztak. Az id\u00e9n sorra ker\u00fcltek a kardosk\u00fati gyerekek is. Mindenki egy ig\u00e9nyesen \u00f6ssze\u00e1ll\u00edtott Mikul\u00e1s csomagnak \u00f6r\u00fclhetett. Az \u00f3vod\u00e1sok ezen k\u00edv\u00fcl azonnal birtokba vett\u00e9k az \u00faj boltos j\u00e1t\u00e9kokat. Az iskol\u00e1ban hagyom\u00e1ny, hogy az oszt\u00e1lyt\u00e1rsak egym\u00e1snak kedveskednek Mikul\u00e1s csomaggal. Az, hogy ki kinek k\u00e9sz\u00edt csomagot meglepet\u00e9s lenne, de mostan\u00e1ban m\u00e1r ezt nem siker\u00fcl titokban tartani. Viszont siker\u00fclt titokban tartani az E-ON aj\u00e1nd\u00e9k\u00e1t, pedig m\u00e1r egy hete az iskol\u00e1ban voltak azok az asztali focik, amelyeket azonnal ki is pr\u00f3b\u00e1ltak a gyerekek. Mi feln\u0151ttek m\u00e1r tudjuk, hogy adni jobb mint kapni. Amit mi kaptunk az se kev\u00e9s: az \u00f6nfeledt gyermeki mosoly, a boldogs\u00e1gt\u00f3l ragyog\u00f3 arcocsk\u00e1k.<\/p>\n","protected":false},"excerpt":{"rendered":"<p>December 6. Mikl\u00f3s. Gyereknyelven Mikul\u00e1s. Hossz\u00fa \u00e9vek \u00f3ta hagyom\u00e1ny n\u00e1lunk, hogy az \u00e1ltal\u00e1nos iskol\u00e1sok m\u0171sorral k\u00f6sz\u00f6ntik az \u00f3vod\u00e1sokat. A mostani m\u0171sornak a negyedikesek \u00e9s az \u00f6t\u00f6dikesek voltak a szerepl\u0151i. Don\u00e1szi Magda: A k\u00edv\u00e1ncsi bocs c. mesej\u00e1t\u00e9k\u00e1t adt\u00e1k el\u0151, Jutka n\u00e9ni \u00e9s Krisztina tan\u00e1rn\u0151 seg\u00edts\u00e9g\u00e9vel. A c\u00edmszerepl\u0151 T\u00e9ren Gerg\u0151 volt, aki kit\u0171n\u0151en alak\u00edtotta a kis oktondi &hellip; <\/p>\n<p class=\"link-more\"><a href=\"https:\/\/www.kardoskut.hu\/?p=777\" class=\"more-link\"><span class=\"screen-reader-text\">&#8222;Az E.ON mikul\u00e1s aj\u00e1nd\u00e9kai&#8221;<\/span> b\u0151vebben<\/a><\/p>\n","protected":false},"author":1,"featured_media":0,"comment_status":"closed","ping_status":"closed","sticky":false,"template":"","format":"standard","meta":{"footnotes":""},"categories":[9],"tags":[],"class_list":["post-777","post","type-post","status-publish","format-standard","hentry","category-9"],"_links":{"self":[{"href":"https:\/\/www.kardoskut.hu\/index.php?rest_route=\/wp\/v2\/posts\/777","targetHints":{"allow":["GET"]}}],"collection":[{"href":"https:\/\/www.kardoskut.hu\/index.php?rest_route=\/wp\/v2\/posts"}],"about":[{"href":"https:\/\/www.kardoskut.hu\/index.php?rest_route=\/wp\/v2\/types\/post"}],"author":[{"embeddable":true,"href":"https:\/\/www.kardoskut.hu\/index.php?rest_route=\/wp\/v2\/users\/1"}],"replies":[{"embeddable":true,"href":"https:\/\/www.kardoskut.hu\/index.php?rest_route=%2Fwp%2Fv2%2Fcomments&post=777"}],"version-history":[{"count":1,"href":"https:\/\/www.kardoskut.hu\/index.php?rest_route=\/wp\/v2\/posts\/777\/revisions"}],"predecessor-version":[{"id":779,"href":"https:\/\/www.kardoskut.hu\/index.php?rest_route=\/wp\/v2\/posts\/777\/revisions\/779"}],"wp:attachment":[{"href":"https:\/\/www.kardoskut.hu\/index.php?rest_route=%2Fwp%2Fv2%2Fmedia&parent=777"}],"wp:term":[{"taxonomy":"category","embeddable":true,"href":"https:\/\/www.kardoskut.hu\/index.php?rest_route=%2Fwp%2Fv2%2Fcategories&post=777"},{"taxonomy":"post_tag","embeddable":true,"href":"https:\/\/www.kardoskut.hu\/index.php?rest_route=%2Fwp%2Fv2%2Ftags&post=777"}],"curies":[{"name":"wp","href":"https:\/\/api.w.org\/{rel}","templated":true}]}}