{"id":7669,"date":"2025-06-02T16:47:10","date_gmt":"2025-06-02T16:47:10","guid":{"rendered":"https:\/\/www.kardoskut.hu\/?p=7669"},"modified":"2025-06-02T16:47:10","modified_gmt":"2025-06-02T16:47:10","slug":"gyermeknap-ahol-minden-mosoly-mogott-egy-segito-kez-allt","status":"publish","type":"post","link":"https:\/\/www.kardoskut.hu\/?p=7669","title":{"rendered":"Gyermeknap: ahol minden mosoly m\u00f6g\u00f6tt egy seg\u00edt\u0151 k\u00e9z \u00e1llt"},"content":{"rendered":"<p><a href=\"https:\/\/www.flickr.com\/photos\/kardoskuthu\/albums\/72177720326585869\"><img loading=\"lazy\" decoding=\"async\" class=\"alignnone size-full wp-image-7670\" src=\"https:\/\/www.kardoskut.hu\/wp-content\/uploads\/2025\/06\/54563371920_3803412eb1_c.jpg\" alt=\"\" width=\"799\" height=\"533\" srcset=\"https:\/\/www.kardoskut.hu\/wp-content\/uploads\/2025\/06\/54563371920_3803412eb1_c.jpg 799w, https:\/\/www.kardoskut.hu\/wp-content\/uploads\/2025\/06\/54563371920_3803412eb1_c-300x200.jpg 300w, https:\/\/www.kardoskut.hu\/wp-content\/uploads\/2025\/06\/54563371920_3803412eb1_c-768x512.jpg 768w\" sizes=\"auto, (max-width: 767px) 89vw, (max-width: 1000px) 54vw, (max-width: 1071px) 543px, 580px\" \/><\/a><br \/>\nTov\u00e1bbi fot\u00f3k\u00e9rt k\u00e9rem kattintson a fenti k\u00e9pre. (Fot\u00f3k: \u0150zse P\u00e9ter)<\/p>\n<p data-start=\"250\" data-end=\"569\">Vid\u00e1m gyerekzsivajt\u00f3l volt hangos Kardosk\u00fat, ahol m\u00e1jus utols\u00f3 napj\u00e1n megtartott\u00e1k a k\u00f6zs\u00e9gi gyermeknapot. A rendezv\u00e9ny sikeres lebonyol\u00edt\u00e1sa sokak \u00f6sszefog\u00e1s\u00e1nak k\u00f6sz\u00f6nhet\u0151: a Kardosk\u00fat K\u00f6zs\u00e9g\u00e9rt K\u00f6zalap\u00edtv\u00e1ny szervez\u0151munk\u00e1j\u00e1t sz\u00e1mos \u00f6nk\u00e9ntes t\u00e1mogatta, hogy a gyermekek sz\u00e1m\u00e1ra felejthetetlen \u00e9lm\u00e9nyeket ny\u00fajtsanak.<\/p>\n<p data-start=\"571\" data-end=\"858\">A d\u00e9lut\u00e1ni \u00f3r\u00e1kban a m\u0171vel\u0151d\u00e9si h\u00e1z konyh\u00e1ja \u00e9s a rendezv\u00e9nyt\u00e9r alatti s\u00e1trak\u00a0 igazi palacsinta- \u00e9s gofri\u00fczemm\u00e9 alakultak, hogy minden gyermek frissen, ingyenesen kapja meg a finoms\u00e1gokat. Emellett vattacukor, fagyi, \u00fcd\u00edt\u0151 \u00e9s \u2013 a legkitart\u00f3bbaknak \u2013 pizzaszelet is v\u00e1rta aj\u00e1nd\u00e9kk\u00e9nt.<\/p>\n<p data-start=\"860\" data-end=\"1268\">A j\u00f3 id\u0151j\u00e1r\u00e1snak h\u00e1la, a szabadt\u00e9ri programok is nagy sikert arattak. Volt lovagoltat\u00e1s, lovaskocsik\u00e1z\u00e1s, ugr\u00e1l\u00f3v\u00e1r \u2013 mindegyik nagy n\u00e9pszer\u0171s\u00e9gnek \u00f6rvendett. A k\u00e9zm\u0171ves sarokn\u00e1l Andr\u00e9k\u00f3 M\u00f3nika seg\u00edtette\u00a0a kreat\u00edvkodni v\u00e1gy\u00f3kat, mik\u00f6zben Lejla k\u00fcl\u00f6nf\u00e9le hajfon\u00e1sokkal var\u00e1zsolta szebb\u00e9 a l\u00e1nyok frizur\u00e1j\u00e1t. Az arc- \u00e9s csill\u00e1mtetov\u00e1l\u00e1s is nagyon n\u00e9pszer\u0171 volt \u2013 sokan sz\u00ednes mint\u00e1kkal d\u00edsz\u00edtett\u00e9k magukat.<\/p>\n<p data-start=\"860\" data-end=\"1268\">A D.R.PAW Kutyakik\u00e9pz\u0151 csapata vid\u00e1m perceket hozott a programra. A kutyusok \u00e9s gazd\u00e1ik bemutatt\u00e1k azt a tud\u00e1st, amelyet Gyalai Edina kik\u00e9pz\u0151t\u0151l saj\u00e1t\u00edthattak el.<\/p>\n<p data-start=\"1270\" data-end=\"1501\">A \u201el\u00f3er\u0151k\u201d t\u00f6bbf\u00e9le form\u00e1ban is jelen voltak: Geiszt L\u00e1szl\u00f3 lovasfogata t\u00f6bbsz\u00f6r v\u00e9gigvonult a telep\u00fcl\u00e9s utc\u00e1in, m\u00edg a Kardosk\u00fati Motorosok- \u00e9s Veter\u00e1ng\u00e9pj\u00e1rm\u0171vesek Bar\u00e1ti Egyes\u00fclete tagjai l\u00e1tv\u00e1nyos j\u00e1rg\u00e1nyaikkal r\u00f3tt\u00e1k a k\u00f6r\u00f6ket.<\/p>\n<p data-start=\"1503\" data-end=\"1658\">A hangulatr\u00f3l S\u00fcle Imre gondoskodott, v\u00e1ltozatos zenei v\u00e1logat\u00e1s\u00e1val, a nap f\u00e9nypontjak\u00e9nt pedig a Kacag\u00f3 B\u00e1bsz\u00ednh\u00e1z zen\u00e9s el\u0151ad\u00e1s\u00e1t \u00e9lvezhette a k\u00f6z\u00f6ns\u00e9g.<\/p>\n<p data-start=\"1660\" data-end=\"1764\">A gyermeknapi rajzverseny gy\u0151ztese Fazekas Natasa 1. oszt\u00e1lyos tanul\u00f3 lett \u2013 ez\u00faton is gratul\u00e1lunk neki!<\/p>\n<p data-start=\"1766\" data-end=\"2123\">A nap sor\u00e1n nemcsak a gyerekek kaptak figyelmet: a feln\u0151ttek sz\u00e1m\u00e1ra eg\u00e9szs\u00e9g\u00fcgyi sz\u0171r\u0151vizsg\u00e1latok is el\u00e9rhet\u0151k voltak. Emellett sor ker\u00fclt egy fontos esem\u00e9nyre: P\u00e1sztor Imre, a helyi IMCO ABC tulajdonosa egy automata defibrill\u00e1tort adom\u00e1nyozott a k\u00f6zs\u00e9gnek. Az eszk\u00f6z hivatalos \u00e1tad\u00e1s\u00e1n\u00e1l K\u00e1r\u00e1sz L\u00e1szl\u00f3 ment\u0151tiszt mutatta be annak m\u0171k\u00f6d\u00e9s\u00e9t \u00e9s haszn\u00e1lat\u00e1t.<\/p>\n<p data-start=\"2125\" data-end=\"2474\">A rendezv\u00e9nyt megtisztelte jelenl\u00e9t\u00e9vel Erd\u0151s Norbert orsz\u00e1ggy\u0171l\u00e9si k\u00e9pvisel\u0151 is, aki \u00fcnnep\u00e9lyesen \u00e1tadta a Kardosk\u00fati Motoros Egyes\u00fclet r\u00e9sz\u00e9re a Magyar Falu Program keret\u00e9ben elnyert 7 milli\u00f3 forintos t\u00e1mogat\u00e1s hivatalos t\u00e1bl\u00e1j\u00e1t. A t\u00e1mogat\u00e1st a Polg\u00e1rv\u00e9delmi B\u00e1zis r\u00e9szleges fel\u00faj\u00edt\u00e1s\u00e1ra, benne ki\u00e1ll\u00edt\u00f3t\u00e9r \u00e9s sz\u00e1ll\u00e1shely kialak\u00edt\u00e1s\u00e1ra ford\u00edtj\u00e1k.<\/p>\n<p data-start=\"2476\" data-end=\"2671\">A nap v\u00e9g\u00e9re majdnem sz\u00e1z regisztr\u00e1lt gyermek, valamint sok \u00e9rdekl\u0151d\u0151 feln\u0151tt t\u00e9rhetett haza sz\u00ednes \u00e9lm\u00e9nyekkel gazdagodva \u2013 a program bebizony\u00edtotta, milyen er\u0151s k\u00f6z\u00f6ss\u00e9g form\u00e1l\u00f3dik Kardosk\u00faton.<\/p>\n<p data-start=\"2673\" data-end=\"2710\"><strong data-start=\"2673\" data-end=\"2710\">A 2025. \u00e9vi Gyermeknap t\u00e1mogat\u00f3i:<\/strong><\/p>\n<ul data-start=\"2711\" data-end=\"3137\">\n<li data-start=\"2711\" data-end=\"2748\">\n<p data-start=\"2713\" data-end=\"2748\">Kardosk\u00fat K\u00f6zs\u00e9g\u00e9rt K\u00f6zalap\u00edtv\u00e1ny<\/p>\n<\/li>\n<li data-start=\"2749\" data-end=\"2783\">\n<p data-start=\"2751\" data-end=\"2783\">Kardosk\u00fat K\u00f6zs\u00e9g \u00d6nkorm\u00e1nyzata<\/p>\n<\/li>\n<li data-start=\"2784\" data-end=\"2851\">\n<p data-start=\"2786\" data-end=\"2851\">Kardosk\u00fati Motorosok- \u00e9s Veter\u00e1ng\u00e9pj\u00e1rm\u0171vesek Bar\u00e1ti Egyes\u00fclete<\/p>\n<\/li>\n<li data-start=\"2784\" data-end=\"2851\">D.R.PAW Kutyakik\u00e9pz\u0151<\/li>\n<li data-start=\"2852\" data-end=\"2879\">\n<p data-start=\"2854\" data-end=\"2879\">Orsz\u00e1gos Ment\u0151szolg\u00e1lat<\/p>\n<\/li>\n<li data-start=\"2880\" data-end=\"2909\">\n<p data-start=\"2882\" data-end=\"2909\">Geiszt L\u00e1szl\u00f3 \u00e9s csal\u00e1dja<\/p>\n<\/li>\n<li data-start=\"2910\" data-end=\"3009\">\n<p data-start=\"2912\" data-end=\"3009\">Eg\u00e9szs\u00e9g\u00fcgyi sz\u0171r\u00e9sek: Tib\u00e1n\u00e9 Hamvasi Zsuzsanna v\u00e9d\u0151n\u0151, Dr. Kom\u00e1romi \u00c9va h\u00e1ziorvos, P\u00e1pai Erika<\/p>\n<\/li>\n<li data-start=\"3010\" data-end=\"3052\">\n<p data-start=\"3012\" data-end=\"3052\">Kardosk\u00fati F\u0151z\u0151csapat \u00e9s csal\u00e1dtagjaik<\/p>\n<\/li>\n<li data-start=\"3053\" data-end=\"3101\">\n<p data-start=\"3055\" data-end=\"3101\">Mellis Csaba (pizza), Krist\u00f3 Istv\u00e1n (\u00fcd\u00edt\u0151k)<\/p>\n<\/li>\n<li data-start=\"3102\" data-end=\"3137\">\n<p data-start=\"3104\" data-end=\"3137\">valamint minden \u00f6nk\u00e9ntes seg\u00edt\u0151<\/p>\n<\/li>\n<\/ul>\n","protected":false},"excerpt":{"rendered":"<p>Tov\u00e1bbi fot\u00f3k\u00e9rt k\u00e9rem kattintson a fenti k\u00e9pre. (Fot\u00f3k: \u0150zse P\u00e9ter) Vid\u00e1m gyerekzsivajt\u00f3l volt hangos Kardosk\u00fat, ahol m\u00e1jus utols\u00f3 napj\u00e1n megtartott\u00e1k a k\u00f6zs\u00e9gi gyermeknapot. A rendezv\u00e9ny sikeres lebonyol\u00edt\u00e1sa sokak \u00f6sszefog\u00e1s\u00e1nak k\u00f6sz\u00f6nhet\u0151: a Kardosk\u00fat K\u00f6zs\u00e9g\u00e9rt K\u00f6zalap\u00edtv\u00e1ny szervez\u0151munk\u00e1j\u00e1t sz\u00e1mos \u00f6nk\u00e9ntes t\u00e1mogatta, hogy a gyermekek sz\u00e1m\u00e1ra felejthetetlen \u00e9lm\u00e9nyeket ny\u00fajtsanak. A d\u00e9lut\u00e1ni \u00f3r\u00e1kban a m\u0171vel\u0151d\u00e9si h\u00e1z konyh\u00e1ja \u00e9s a rendezv\u00e9nyt\u00e9r &hellip; <\/p>\n<p class=\"link-more\"><a href=\"https:\/\/www.kardoskut.hu\/?p=7669\" class=\"more-link\"><span class=\"screen-reader-text\">&#8222;Gyermeknap: ahol minden mosoly m\u00f6g\u00f6tt egy seg\u00edt\u0151 k\u00e9z \u00e1llt&#8221;<\/span> b\u0151vebben<\/a><\/p>\n","protected":false},"author":1,"featured_media":0,"comment_status":"closed","ping_status":"closed","sticky":false,"template":"","format":"standard","meta":{"footnotes":""},"categories":[1],"tags":[],"class_list":["post-7669","post","type-post","status-publish","format-standard","hentry","category-egyeb"],"_links":{"self":[{"href":"https:\/\/www.kardoskut.hu\/index.php?rest_route=\/wp\/v2\/posts\/7669","targetHints":{"allow":["GET"]}}],"collection":[{"href":"https:\/\/www.kardoskut.hu\/index.php?rest_route=\/wp\/v2\/posts"}],"about":[{"href":"https:\/\/www.kardoskut.hu\/index.php?rest_route=\/wp\/v2\/types\/post"}],"author":[{"embeddable":true,"href":"https:\/\/www.kardoskut.hu\/index.php?rest_route=\/wp\/v2\/users\/1"}],"replies":[{"embeddable":true,"href":"https:\/\/www.kardoskut.hu\/index.php?rest_route=%2Fwp%2Fv2%2Fcomments&post=7669"}],"version-history":[{"count":1,"href":"https:\/\/www.kardoskut.hu\/index.php?rest_route=\/wp\/v2\/posts\/7669\/revisions"}],"predecessor-version":[{"id":7671,"href":"https:\/\/www.kardoskut.hu\/index.php?rest_route=\/wp\/v2\/posts\/7669\/revisions\/7671"}],"wp:attachment":[{"href":"https:\/\/www.kardoskut.hu\/index.php?rest_route=%2Fwp%2Fv2%2Fmedia&parent=7669"}],"wp:term":[{"taxonomy":"category","embeddable":true,"href":"https:\/\/www.kardoskut.hu\/index.php?rest_route=%2Fwp%2Fv2%2Fcategories&post=7669"},{"taxonomy":"post_tag","embeddable":true,"href":"https:\/\/www.kardoskut.hu\/index.php?rest_route=%2Fwp%2Fv2%2Ftags&post=7669"}],"curies":[{"name":"wp","href":"https:\/\/api.w.org\/{rel}","templated":true}]}}