{"id":7666,"date":"2025-06-02T16:28:46","date_gmt":"2025-06-02T16:28:46","guid":{"rendered":"https:\/\/www.kardoskut.hu\/?p=7666"},"modified":"2025-06-02T16:28:46","modified_gmt":"2025-06-02T16:28:46","slug":"orizzuk-az-emleket-hosok-napja-kardoskuton","status":"publish","type":"post","link":"https:\/\/www.kardoskut.hu\/?p=7666","title":{"rendered":"\u0150rizz\u00fck az eml\u00e9ket \u2013 H\u0151s\u00f6k napja Kardosk\u00faton."},"content":{"rendered":"<p><a href=\"https:\/\/www.flickr.com\/photos\/kardoskuthu\/albums\/72177720326583648\"><img loading=\"lazy\" decoding=\"async\" class=\"alignnone size-large wp-image-7667\" src=\"https:\/\/www.kardoskut.hu\/wp-content\/uploads\/2025\/06\/8-1024x768.jpg\" alt=\"\" width=\"525\" height=\"394\" srcset=\"https:\/\/www.kardoskut.hu\/wp-content\/uploads\/2025\/06\/8-1024x768.jpg 1024w, https:\/\/www.kardoskut.hu\/wp-content\/uploads\/2025\/06\/8-300x225.jpg 300w, https:\/\/www.kardoskut.hu\/wp-content\/uploads\/2025\/06\/8-768x576.jpg 768w, https:\/\/www.kardoskut.hu\/wp-content\/uploads\/2025\/06\/8-1536x1152.jpg 1536w, https:\/\/www.kardoskut.hu\/wp-content\/uploads\/2025\/06\/8.jpg 2048w\" sizes=\"auto, (max-width: 525px) 100vw, 525px\" \/><\/a><br \/>\nFot\u00f3k: Benk\u0151n\u00e9 Barna Katalin, Szverle Istv\u00e1n<\/p>\n<p data-start=\"253\" data-end=\"481\">J\u00fanius els\u0151 vas\u00e1rnapj\u00e1n k\u00f6z\u00f6sen eml\u00e9kezett Kardosk\u00fat lakoss\u00e1ga a h\u00e1bor\u00fak h\u0151si halottaira. Az \u00f6nkorm\u00e1nyzat \u00e9s a t\u00f6rt\u00e9nelmi egyh\u00e1zak szervez\u00e9s\u00e9ben megtartott H\u0151s\u00f6k napi megeml\u00e9kez\u00e9s m\u00e9lt\u00f3 tisztelg\u00e9s volt az \u00e1ldozatok eml\u00e9ke el\u0151tt.<\/p>\n<p data-start=\"483\" data-end=\"784\">Az evang\u00e9likus le\u00e1nygy\u00fclekezet k\u00fcl\u00f6n\u00f6s izgalommal k\u00e9sz\u00fclt az esem\u00e9nyre: megh\u00edvott vend\u00e9gk\u00e9nt k\u00f6sz\u00f6nthett\u00e9k Gy\u0151ri G\u00e1bor nyugalmazott evang\u00e9likus esperest, aki k\u00f6zel 11 \u00e9ven \u00e1t szolg\u00e1lt a telep\u00fcl\u00e9sen. \u0150 volt az, aki 1990. m\u00e1jus 5-\u00e9n a templomkertben felavatott H\u0151s\u00f6k eml\u00e9km\u0171v\u00e9n\u00e9l a gy\u00fclekezet \u00e9l\u00e9n \u00e1llt.<\/p>\n<p data-start=\"786\" data-end=\"1169\">Az idei megeml\u00e9kez\u00e9s \u00f6kumenikus istentisztelettel kezd\u0151d\u00f6tt, amelyen Gy\u0151ri G\u00e1bor mellett Laczki J\u00e1nos evang\u00e9likus lelk\u00e9sz, Tracsek Oszk\u00e1r katolikus pl\u00e9b\u00e1nos \u00e9s Nagy Zolt\u00e1n reform\u00e1tus lelk\u00e9sz is szolg\u00e1lt. Az Istentiszteleten a kardosk\u00fati Farkas Bernadett Di\u00e1na \u00e9neke is elhangzott az olt\u00e1r el\u0151tt. A szertart\u00e1s meghat\u00f3 mozzanata volt, amikor Lauk\u00f3 M\u00e1ty\u00e1s gondnok saj\u00e1t k\u00e9sz\u00edt\u00e9s\u0171 keresztel\u0151 kutat aj\u00e1nd\u00e9kozott a templomnak \u2013 az \u00faj kegyt\u00e1rgyat \u00fcnnep\u00e9lyesen le is leplezt\u00e9k.<\/p>\n<p data-start=\"1171\" data-end=\"1621\">A templomkertben tartott k\u00f6zs\u00e9gi megeml\u00e9kez\u00e9sen Varga P\u00e1l polg\u00e1rmester mondott \u00fcnnepi besz\u00e9det. Visszatekintett a 35 \u00e9vvel ezel\u0151tti k\u00f6z\u00f6ss\u00e9gi \u00f6sszefog\u00e1sra, amelynek eredm\u00e9nyek\u00e9nt l\u00e9trej\u00f6tt a II. vil\u00e1gh\u00e1bor\u00fas eml\u00e9km\u0171 \u2013 Gombk\u00f6t\u0151 Mih\u00e1ly, egykori levente \u00e9s k\u00e9s\u0151bbi gondnok kezdem\u00e9nyez\u00e9s\u00e9re. A polg\u00e1rmester felid\u00e9zte a n\u00e9hai Gombk\u00f6t\u0151 Misa b\u00e1csi megrend\u00edt\u0151 szavait:<br data-start=\"1531\" data-end=\"1534\" \/>\u201eT\u00fal\u00e9ltem, de a bar\u00e1taim nem. Nekik eml\u00e9ket kellett \u00e1ll\u00edtani \u2013 ez volt a k\u00f6teless\u00e9gem.\u201d<\/p>\n<p data-start=\"1623\" data-end=\"1943\">Az eml\u00e9km\u0171 48 h\u0151s katona \u00e9s 10 levente nev\u00e9t \u0151rzi. Az \u00fcnneps\u00e9gen a jelenl\u00e9v\u0151k fejet hajtottak el\u0151tt\u00fck \u00e9s mindazok el\u0151tt, akik \u00e9let\u00fcket \u00e1ldozt\u00e1k haz\u00e1juk\u00e9rt. \u201e\u0150rizz\u00fck egy\u00fctt ezt az \u00f6r\u00f6ks\u00e9get. \u00c9s am\u00edg ez az eml\u00e9km\u0171 itt \u00e1ll, addig biztosak lehet\u00fcnk benne: a h\u0151s\u00f6k nem haltak meg hi\u00e1ba\u201d \u2013 z\u00e1rta gondolatait a telep\u00fcl\u00e9svezet\u0151.<\/p>\n<p data-start=\"1945\" data-end=\"2162\">Az esem\u00e9nyen d\u00edszsorban \u00e1lltak az orosh\u00e1zi Sz\u00e9k\u00e1cs evang\u00e9likus iskola kad\u00e9t n\u00f6vend\u00e9kei is. A megeml\u00e9kez\u00e9s meghat\u00f3 pillanatait emelte Csongr\u00e1di Imre 11. oszt\u00e1lyos di\u00e1k \u00e9s a kardosk\u00fati Moln\u00e1r Zs\u00f3fia Bernadett szavalata.<\/p>\n<p data-start=\"2164\" data-end=\"2491\">A r\u00e9sztvev\u0151k kegyelettel helyezt\u00e9k el koszor\u00faikat \u00e9s vir\u00e1gaikat az eml\u00e9km\u0171 talapzat\u00e1n \u2013 k\u00f6zt\u00fck az \u00f6nkorm\u00e1nyzat, az egyh\u00e1zak \u00e9s civil szervezetek k\u00e9pvisel\u0151i. Ezt k\u00f6vet\u0151en a temet\u0151kben is folytat\u00f3dott a megeml\u00e9kez\u00e9s: el\u0151bb a k\u00f6zs\u00e9gi s\u00edrkertben, majd a Pusztak\u00f6zponti r\u00e9gi temet\u0151ben r\u00f3tt\u00e1k le tisztelet\u00fcket az elesett h\u0151s\u00f6k el\u0151tt.<\/p>\n<p data-start=\"2493\" data-end=\"2622\">Az \u00fcnneps\u00e9g v\u00e9g\u00fcl szeretetvend\u00e9gs\u00e9ggel z\u00e1rult, ahol a k\u00f6z\u00f6ss\u00e9g tagjai egy\u00fctt id\u00e9zt\u00e9k fel eml\u00e9keiket \u00e9s tisztelegtek a m\u00falt el\u0151tt.<\/p>\n","protected":false},"excerpt":{"rendered":"<p>Fot\u00f3k: Benk\u0151n\u00e9 Barna Katalin, Szverle Istv\u00e1n J\u00fanius els\u0151 vas\u00e1rnapj\u00e1n k\u00f6z\u00f6sen eml\u00e9kezett Kardosk\u00fat lakoss\u00e1ga a h\u00e1bor\u00fak h\u0151si halottaira. Az \u00f6nkorm\u00e1nyzat \u00e9s a t\u00f6rt\u00e9nelmi egyh\u00e1zak szervez\u00e9s\u00e9ben megtartott H\u0151s\u00f6k napi megeml\u00e9kez\u00e9s m\u00e9lt\u00f3 tisztelg\u00e9s volt az \u00e1ldozatok eml\u00e9ke el\u0151tt. Az evang\u00e9likus le\u00e1nygy\u00fclekezet k\u00fcl\u00f6n\u00f6s izgalommal k\u00e9sz\u00fclt az esem\u00e9nyre: megh\u00edvott vend\u00e9gk\u00e9nt k\u00f6sz\u00f6nthett\u00e9k Gy\u0151ri G\u00e1bor nyugalmazott evang\u00e9likus esperest, aki k\u00f6zel 11 \u00e9ven &hellip; <\/p>\n<p class=\"link-more\"><a href=\"https:\/\/www.kardoskut.hu\/?p=7666\" class=\"more-link\"><span class=\"screen-reader-text\">&#8222;\u0150rizz\u00fck az eml\u00e9ket \u2013 H\u0151s\u00f6k napja Kardosk\u00faton.&#8221;<\/span> b\u0151vebben<\/a><\/p>\n","protected":false},"author":1,"featured_media":0,"comment_status":"closed","ping_status":"closed","sticky":false,"template":"","format":"standard","meta":{"footnotes":""},"categories":[1],"tags":[],"class_list":["post-7666","post","type-post","status-publish","format-standard","hentry","category-egyeb"],"_links":{"self":[{"href":"https:\/\/www.kardoskut.hu\/index.php?rest_route=\/wp\/v2\/posts\/7666","targetHints":{"allow":["GET"]}}],"collection":[{"href":"https:\/\/www.kardoskut.hu\/index.php?rest_route=\/wp\/v2\/posts"}],"about":[{"href":"https:\/\/www.kardoskut.hu\/index.php?rest_route=\/wp\/v2\/types\/post"}],"author":[{"embeddable":true,"href":"https:\/\/www.kardoskut.hu\/index.php?rest_route=\/wp\/v2\/users\/1"}],"replies":[{"embeddable":true,"href":"https:\/\/www.kardoskut.hu\/index.php?rest_route=%2Fwp%2Fv2%2Fcomments&post=7666"}],"version-history":[{"count":1,"href":"https:\/\/www.kardoskut.hu\/index.php?rest_route=\/wp\/v2\/posts\/7666\/revisions"}],"predecessor-version":[{"id":7668,"href":"https:\/\/www.kardoskut.hu\/index.php?rest_route=\/wp\/v2\/posts\/7666\/revisions\/7668"}],"wp:attachment":[{"href":"https:\/\/www.kardoskut.hu\/index.php?rest_route=%2Fwp%2Fv2%2Fmedia&parent=7666"}],"wp:term":[{"taxonomy":"category","embeddable":true,"href":"https:\/\/www.kardoskut.hu\/index.php?rest_route=%2Fwp%2Fv2%2Fcategories&post=7666"},{"taxonomy":"post_tag","embeddable":true,"href":"https:\/\/www.kardoskut.hu\/index.php?rest_route=%2Fwp%2Fv2%2Ftags&post=7666"}],"curies":[{"name":"wp","href":"https:\/\/api.w.org\/{rel}","templated":true}]}}