{"id":758,"date":"2007-10-12T13:36:57","date_gmt":"2007-10-12T13:36:57","guid":{"rendered":"http:\/\/new.kardoskut.hu\/?p=758"},"modified":"2017-11-20T13:39:15","modified_gmt":"2017-11-20T13:39:15","slug":"magyar-zaszloval-pekingbe","status":"publish","type":"post","link":"https:\/\/www.kardoskut.hu\/?p=758","title":{"rendered":"Magyar z\u00e1szl\u00f3val Pekingbe"},"content":{"rendered":"<figure id=\"attachment_759\" aria-describedby=\"caption-attachment-759\" style=\"width: 912px\" class=\"wp-caption alignnone\"><a href=\"https:\/\/www.flickr.com\/photos\/kardoskuthu\/albums\/72157659334170752\"><img loading=\"lazy\" decoding=\"async\" class=\"size-full wp-image-759\" src=\"http:\/\/new.kardoskut.hu\/wp-content\/uploads\/2017\/11\/lena_2007_okt-3.jpg\" alt=\"\" width=\"912\" height=\"684\" srcset=\"https:\/\/www.kardoskut.hu\/wp-content\/uploads\/2017\/11\/lena_2007_okt-3.jpg 912w, https:\/\/www.kardoskut.hu\/wp-content\/uploads\/2017\/11\/lena_2007_okt-3-300x225.jpg 300w, https:\/\/www.kardoskut.hu\/wp-content\/uploads\/2017\/11\/lena_2007_okt-3-768x576.jpg 768w\" sizes=\"auto, (max-width: 767px) 89vw, (max-width: 1000px) 54vw, (max-width: 1071px) 543px, 580px\" \/><\/a><figcaption id=\"caption-attachment-759\" class=\"wp-caption-text\">Tov\u00e1bbi fot\u00f3k\u00e9rt k\u00e9rem, kattintson a fenti k\u00e9pre. (Fot\u00f3:VP)<\/figcaption><\/figure>\n<p>L\u00e9n\u00e1rt L\u00e9na Ferenc szinte napra pontosan egy \u00e9ve tartott \u00e9lm\u00e9nybesz\u00e1mol\u00f3t a M\u00f3ra Ferenc M\u0171vel\u0151d\u00e9si H\u00e1zban az Eur\u00f3p\u00e1t \u00e1t\u00f6lel\u0151 ker\u00e9kp\u00e1ros \u00fatj\u00e1r\u00f3l. Akkor m\u00e9g egy v\u00e1gatlan, 12dvd-b\u0151l \u00e1ll\u00f3 nyersanyagb\u00f3l szemezgetett. Az eltelt egy \u00e9v alatt elk\u00e9sz\u00fclt a &#8222;Ped\u00e1lblues&#8221; c\u00edm\u0171 nagysiker\u0171 k\u00f6nyve, amelyet dedik\u00e1lt a helysz\u00ednen. L\u00e9na &#8211; k\u00f6sz\u00f6nt\u0151je ut\u00e1n- \u00e1tny\u00fajtott egy tiszteletp\u00e9ld\u00e1nyt a K\u00f6zs\u00e9gi K\u00f6nyvt\u00e1rnak \u00e9s Ramasz Imre polg\u00e1rmesternek. A k\u00f6nyvben mell\u00e9kletk\u00e9nt tal\u00e1lhat\u00f3 egy 65 perces DVD is az \u00fatr\u00f3l.\u00a0 Az \u00e9rdekl\u0151d\u0151k ezt a filmet tekinthett\u00e9k meg a moziv\u00e1sznon. M\u00e9g a szerz\u0151 is el\u00e1mult, amikor megl\u00e1tta saj\u00e1t filmj\u00e9t ebben az \u00f3ri\u00e1si m\u00e9retben. A gy\u00f6ny\u00f6r\u0171 t\u00e1jakr\u00f3l egy igaz\u00e1n ig\u00e9nyesen \u00f6ssze\u00e1ll\u00edtott filmet n\u00e9zhett\u00fcnk v\u00e9gig. Ahol a film nem tartalmazott sz\u00f6vegi r\u00e9szt, ott L\u00e9na f\u0171z\u00f6tt hozz\u00e1 \u00e9rdekess\u00e9geket.<\/p>\n<p>A vet\u00edt\u00e9s v\u00e9g\u00e9n L\u00e9na v\u00e1laszolt a k\u00e9rd\u00e9sekre majd besz\u00e1molt k\u00f6vetkez\u0151 \u00fatj\u00e1nak terveir\u0151l. T\u00e1rs\u00e1val a Pekingi Olimpi\u00e1ra k\u00e9sz\u00fcl k\u00e9t ker\u00e9ken. El\u00e1rulta, hogy \u00f3ri\u00e1si megtiszteltet\u00e9s \u00e9rte \u0151ket a napokban. A Magyar Olimpiai Bizotts\u00e1g \u0151ket k\u00e9rte fel hivatalosan, hogy vigy\u00e9k ki Pekingbe a Magyar z\u00e1szl\u00f3t.<\/p>\n<p>Az er\u0151t \u00e9s kitart\u00e1st k\u00f6vetel\u0151 \u00fathoz sok szerencs\u00e9t k\u00edv\u00e1nunk!<\/p>\n","protected":false},"excerpt":{"rendered":"<p>L\u00e9n\u00e1rt L\u00e9na Ferenc szinte napra pontosan egy \u00e9ve tartott \u00e9lm\u00e9nybesz\u00e1mol\u00f3t a M\u00f3ra Ferenc M\u0171vel\u0151d\u00e9si H\u00e1zban az Eur\u00f3p\u00e1t \u00e1t\u00f6lel\u0151 ker\u00e9kp\u00e1ros \u00fatj\u00e1r\u00f3l. Akkor m\u00e9g egy v\u00e1gatlan, 12dvd-b\u0151l \u00e1ll\u00f3 nyersanyagb\u00f3l szemezgetett. Az eltelt egy \u00e9v alatt elk\u00e9sz\u00fclt a &#8222;Ped\u00e1lblues&#8221; c\u00edm\u0171 nagysiker\u0171 k\u00f6nyve, amelyet dedik\u00e1lt a helysz\u00ednen. L\u00e9na &#8211; k\u00f6sz\u00f6nt\u0151je ut\u00e1n- \u00e1tny\u00fajtott egy tiszteletp\u00e9ld\u00e1nyt a K\u00f6zs\u00e9gi K\u00f6nyvt\u00e1rnak \u00e9s Ramasz &hellip; <\/p>\n<p class=\"link-more\"><a href=\"https:\/\/www.kardoskut.hu\/?p=758\" class=\"more-link\"><span class=\"screen-reader-text\">&#8222;Magyar z\u00e1szl\u00f3val Pekingbe&#8221;<\/span> b\u0151vebben<\/a><\/p>\n","protected":false},"author":1,"featured_media":0,"comment_status":"closed","ping_status":"closed","sticky":false,"template":"","format":"standard","meta":{"footnotes":""},"categories":[9],"tags":[],"class_list":["post-758","post","type-post","status-publish","format-standard","hentry","category-9"],"_links":{"self":[{"href":"https:\/\/www.kardoskut.hu\/index.php?rest_route=\/wp\/v2\/posts\/758","targetHints":{"allow":["GET"]}}],"collection":[{"href":"https:\/\/www.kardoskut.hu\/index.php?rest_route=\/wp\/v2\/posts"}],"about":[{"href":"https:\/\/www.kardoskut.hu\/index.php?rest_route=\/wp\/v2\/types\/post"}],"author":[{"embeddable":true,"href":"https:\/\/www.kardoskut.hu\/index.php?rest_route=\/wp\/v2\/users\/1"}],"replies":[{"embeddable":true,"href":"https:\/\/www.kardoskut.hu\/index.php?rest_route=%2Fwp%2Fv2%2Fcomments&post=758"}],"version-history":[{"count":1,"href":"https:\/\/www.kardoskut.hu\/index.php?rest_route=\/wp\/v2\/posts\/758\/revisions"}],"predecessor-version":[{"id":760,"href":"https:\/\/www.kardoskut.hu\/index.php?rest_route=\/wp\/v2\/posts\/758\/revisions\/760"}],"wp:attachment":[{"href":"https:\/\/www.kardoskut.hu\/index.php?rest_route=%2Fwp%2Fv2%2Fmedia&parent=758"}],"wp:term":[{"taxonomy":"category","embeddable":true,"href":"https:\/\/www.kardoskut.hu\/index.php?rest_route=%2Fwp%2Fv2%2Fcategories&post=758"},{"taxonomy":"post_tag","embeddable":true,"href":"https:\/\/www.kardoskut.hu\/index.php?rest_route=%2Fwp%2Fv2%2Ftags&post=758"}],"curies":[{"name":"wp","href":"https:\/\/api.w.org\/{rel}","templated":true}]}}