{"id":7547,"date":"2025-03-31T19:04:41","date_gmt":"2025-03-31T19:04:41","guid":{"rendered":"https:\/\/www.kardoskut.hu\/?p=7547"},"modified":"2025-03-31T19:04:41","modified_gmt":"2025-03-31T19:04:41","slug":"negyven-ev-nagy-ido-unnepelt-a-nyugdijas-klub","status":"publish","type":"post","link":"https:\/\/www.kardoskut.hu\/?p=7547","title":{"rendered":"Negyven \u00e9v, nagy id\u0151 &#8211; \u00fcnnepelt a nyugd\u00edjas klub"},"content":{"rendered":"<p><a href=\"https:\/\/www.flickr.com\/photos\/kardoskuthu\/albums\/72177720324771615\/with\/54421653716\"><img loading=\"lazy\" decoding=\"async\" class=\"alignnone size-full wp-image-7548\" src=\"https:\/\/www.kardoskut.hu\/wp-content\/uploads\/2025\/03\/54421847629_e620934e8d_c.jpg\" alt=\"\" width=\"799\" height=\"533\" srcset=\"https:\/\/www.kardoskut.hu\/wp-content\/uploads\/2025\/03\/54421847629_e620934e8d_c.jpg 799w, https:\/\/www.kardoskut.hu\/wp-content\/uploads\/2025\/03\/54421847629_e620934e8d_c-300x200.jpg 300w, https:\/\/www.kardoskut.hu\/wp-content\/uploads\/2025\/03\/54421847629_e620934e8d_c-768x512.jpg 768w\" sizes=\"auto, (max-width: 767px) 89vw, (max-width: 1000px) 54vw, (max-width: 1071px) 543px, 580px\" \/><\/a><br \/>\n<a href=\"https:\/\/www.flickr.com\/photos\/kardoskuthu\/albums\/72177720324771615\/with\/54421653716\"><img loading=\"lazy\" decoding=\"async\" class=\"alignnone size-full wp-image-7549\" src=\"https:\/\/www.kardoskut.hu\/wp-content\/uploads\/2025\/03\/54422038430_5f0b7368b5_c.jpg\" alt=\"\" width=\"799\" height=\"533\" srcset=\"https:\/\/www.kardoskut.hu\/wp-content\/uploads\/2025\/03\/54422038430_5f0b7368b5_c.jpg 799w, https:\/\/www.kardoskut.hu\/wp-content\/uploads\/2025\/03\/54422038430_5f0b7368b5_c-300x200.jpg 300w, https:\/\/www.kardoskut.hu\/wp-content\/uploads\/2025\/03\/54422038430_5f0b7368b5_c-768x512.jpg 768w\" sizes=\"auto, (max-width: 767px) 89vw, (max-width: 1000px) 54vw, (max-width: 1071px) 543px, 580px\" \/><\/a><br \/>\nTov\u00e1bbi fot\u00f3k\u00e9rt k\u00e9rem kattintson a fenti k\u00e9pekre. (Fot\u00f3k: \u0150zse P\u00e9ter)<\/p>\n<p>2025. m\u00e1rcius 29-\u00e9n meghitt \u00e9s \u00fcnnep\u00e9lyes esem\u00e9nyre ker\u00fclt sor a kardosk\u00fati M\u00f3ra Ferenc K\u00f6z\u00f6ss\u00e9gi Sz\u00ednt\u00e9rben. A helyi Radn\u00f3ti Mikl\u00f3s Nyugd\u00edjas Klub fenn\u00e1ll\u00e1s\u00e1nak 40. \u00e9vfordul\u00f3j\u00e1t \u00fcnnepelte, amelyre 200 vend\u00e9g tette tisztelet\u00e9t. Az esem\u00e9ny nemcsak a klub tagjai sz\u00e1m\u00e1ra volt kiemelked\u0151 jelent\u0151s\u00e9g\u0171, hanem az eg\u00e9sz k\u00f6z\u00f6ss\u00e9g sz\u00e1m\u00e1ra is, hiszen a klub n\u00e9gy \u00e9vtizede akt\u00edv r\u00e9szese a helyi kultur\u00e1lis \u00e9s t\u00e1rsadalmi \u00e9letnek.<\/p>\n<p>Az \u00fcnneps\u00e9gre \u00e9rkezett a j\u00e1r\u00e1s \u00f6sszes polg\u00e1rmestere, valamint t\u00f6bb mint egy tucat k\u00f6rny\u00e9kbeli nyugd\u00edjas klub vezet\u0151i \u00e9s tagjai, akik mind az\u00e9rt gy\u0171ltek \u00f6ssze, hogy m\u00e9lt\u00f3k\u00e9ppen meg\u00fcnnepelj\u00e9k ezt a jeles \u00e9vfordul\u00f3t. Az esem\u00e9nyre sz\u00f3l\u00f3 megh\u00edv\u00e1snak\u00a0 \u00f6r\u00f6mmel \u00a0tett eleget Erd\u0151s Norbert orsz\u00e1ggy\u0171l\u00e9si k\u00e9pvisel\u0151 is, aki k\u00f6sz\u00f6nt\u0151t mondott a jelenl\u00e9v\u0151knek, m\u00e9ltatva a nyugd\u00edjas klub szerep\u00e9t a helyi k\u00f6z\u00f6ss\u00e9g \u00e9let\u00e9ben. Kiemelte, hogy az ilyen k\u00f6z\u00f6ss\u00e9gi szervezetek n\u00e9lk\u00fcl\u00f6zhetetlenek egy telep\u00fcl\u00e9s kultur\u00e1lis \u00e9s t\u00e1rsadalmi fejl\u0151d\u00e9se szempontj\u00e1b\u00f3l.<\/p>\n<p>A rendezv\u00e9ny kezdet\u00e9n Varg\u00e1n\u00e9 Neller Borb\u00e1la, a klubot k\u00f6zel k\u00e9t \u00e9vtizede szervez\u0151 klubvezet\u0151 k\u00f6sz\u00f6nt\u00f6tte a vend\u00e9geket. Besz\u00e9d\u00e9ben visszatekintett a klub n\u00e9gy \u00e9vtizedes t\u00f6rt\u00e9net\u00e9re, annak kezdeti l\u00e9p\u00e9seire \u00e9s az el\u00e9rt sikerekre. Megeml\u00e9kezett Lengyel Gy\u00f6rgyn\u00e9r\u0151l, a kor\u00e1bbi m\u0171vel\u0151d\u00e9si h\u00e1z- \u00e9s klub vezet\u0151r\u0151l, aki t\u00f6bb mint egy \u00e9vtizedig vezette a klub\u00e9letet \u00e9s Terj\u00e9kn\u00e9 Kaposi Andre\u00e1r\u00f3l, aki m\u00e1sf\u00e9l \u00e9vig volt helyettes vezet\u0151je az int\u00e9zm\u00e9nynek.<\/p>\n<p>Kiemelte, hogy a Radn\u00f3ti Mikl\u00f3s Nyugd\u00edjas Klub egy \u00f6sszetart\u00f3 k\u00f6z\u00f6ss\u00e9g, amely bar\u00e1ts\u00e1gok, \u00e9lm\u00e9nyek \u00e9s k\u00f6z\u00f6s programok r\u00e9v\u00e9n gazdag\u00edtja tagjainak \u00e9let\u00e9t.<\/p>\n<p>Varga P\u00e1l, Kardosk\u00fat polg\u00e1rmestere is \u00fcdv\u00f6z\u00f6lte a megjelenteket. Besz\u00e9d\u00e9ben hangs\u00falyozta a nyugd\u00edjas klub jelent\u0151s\u00e9g\u00e9t, \u00e9s megk\u00f6sz\u00f6nte az alap\u00edt\u00f3knak, valamint a jelenlegi vezet\u0151s\u00e9gnek a f\u00e1radhatatlan munk\u00e1t, amelyet a k\u00f6z\u00f6ss\u00e9g\u00e9rt v\u00e9geztek \u00e9s v\u00e9geznek a mai napig.<\/p>\n<p>Az \u00fcnneps\u00e9g egyik kiemelked\u0151 pillanata volt, amikor elismer\u00e9sben r\u00e9szes\u00edtett\u00e9k a klub alap\u00edt\u00f3j\u00e1t. Nagy L\u00e1szl\u00f3n\u00e9, a klub alap\u00edt\u00f3ja, valamint a jelenlegi vezet\u0151, Varg\u00e1n\u00e9 Neller Borb\u00e1la is eml\u00e9klapot vehetett \u00e1t, ezzel is elismerve a k\u00f6z\u00f6ss\u00e9g\u00e9rt tett t\u00f6bb \u00e9vtizedes munk\u00e1jukat.<\/p>\n<p>Nagy L\u00e1szl\u00f3n\u00e9 Terike boldog meghat\u00f3dotts\u00e1ggal eml\u00e9kezett vissza a negyven \u00e9vvel ezel\u0151tti t\u00f6rt\u00e9n\u00e9sekre. B\u00e1r \u0151t m\u00e1s ir\u00e1nyba vitte a m\u0171vel\u0151d\u00e9si h\u00e1zt\u00f3l az \u00e9let, mindig sz\u00edv\u00e9n viselte a helyi t\u00f6rt\u00e9n\u00e9seket.<\/p>\n<p>A telep\u00fcl\u00e9s k\u00e9pvisel\u0151-test\u00fclete is k\u00e9sz\u00fclt egy k\u00fcl\u00f6nleges aj\u00e1nd\u00e9kkal: Ficsor Zolt\u00e1n B\u00e9k\u00e9s megyei Pr\u00edma-d\u00edjas aranykoszor\u00fas mestercukr\u00e1sz egy hatalmas, k\u00e9tsz\u00e1z szeletes tort\u00e1t k\u00e9sz\u00edtett az \u00fcnneps\u00e9gre. Ez a gesztus is azt bizony\u00edtotta, hogy a telep\u00fcl\u00e9svezet\u0151s\u00e9g nagyra \u00e9rt\u00e9keli a klub hozz\u00e1j\u00e1rul\u00e1s\u00e1t a k\u00f6zs\u00e9g \u00e9let\u00e9hez.<\/p>\n<p>A rendezv\u00e9ny nemcsak a besz\u00e9dekr\u0151l \u00e9s a hivatalos k\u00f6sz\u00f6nt\u0151kr\u0151l sz\u00f3lt, hanem a j\u00f3 hangulatr\u00f3l \u00e9s a k\u00f6z\u00f6s \u00fcnnepl\u00e9sr\u0151l is. A zenei al\u00e1fest\u00e9sr\u0151l a Mixer Du\u00f3 gondoskodott, amely vid\u00e1m dallamokkal j\u00e1rult hozz\u00e1 az esem\u00e9ny hangulat\u00e1hoz. A r\u00e9sztvev\u0151k k\u00f6z\u00f6sen \u00e9nekeltek \u00e9s t\u00e1ncoltak, ezzel is er\u0151s\u00edtve az \u00f6sszetartoz\u00e1s \u00e9rz\u00e9s\u00e9t.<\/p>\n<p>A finom eb\u00e9dr\u0151l a helyi Feh\u00e9rt\u00f3 \u00c9tterem gondoskodott, amely b\u0151s\u00e9ges \u00e9s \u00edzletes volt. Az \u00fcnnepi torta felszeletel\u00e9se pedig k\u00fcl\u00f6nleges pillanat volt, hiszen minden jelenl\u00e9v\u0151 r\u00e9szes\u00fclhetett bel\u0151le, szimboliz\u00e1lva a klub \u00e9s a k\u00f6z\u00f6ss\u00e9g \u00f6sszetart\u00e1s\u00e1t.<\/p>\n<p>A j\u00f3 hangulat eg\u00e9sz d\u00e9lut\u00e1n kitartott, \u00e9s a vend\u00e9gek \u00e9lvezt\u00e9k a bar\u00e1ti besz\u00e9lget\u00e9seket, mik\u00f6zben a zene tov\u00e1bb sz\u00f3lt. Az esem\u00e9ny z\u00e1r\u00e1sak\u00e9nt tombolasorsol\u00e1sra is sor ker\u00fclt, ahol a szerencs\u00e9s nyertesek k\u00fcl\u00f6nf\u00e9le aj\u00e1nd\u00e9kokat vihettek haza. A tal\u00e1lkoz\u00f3 v\u00e9g\u00fcl t\u00e1nccal \u00e9s vid\u00e1m egy\u00fcttl\u00e9ttel z\u00e1rult, m\u00e9lt\u00f3 befejez\u00e9st adva ennek a k\u00fcl\u00f6nleges napnak.<\/p>\n<p>A Radn\u00f3ti Mikl\u00f3s Nyugd\u00edjas Klub 40 \u00e9ves jubileumi \u00fcnneps\u00e9ge m\u00e9lt\u00f3 m\u00f3don eml\u00e9kezett meg a klub t\u00f6rt\u00e9net\u00e9r\u0151l, alap\u00edt\u00f3inak \u00e9s jelenlegi vezet\u0151j\u00e9nek munk\u00e1j\u00e1r\u00f3l. Az esem\u00e9ny nemcsak a m\u00falt tisztelet\u00e9r\u0151l sz\u00f3lt, hanem a j\u00f6v\u0151be vetett hitr\u0151l is, hiszen a klub c\u00e9lja tov\u00e1bbra is az, hogy akt\u00edv k\u00f6z\u00f6ss\u00e9gi \u00e9letet biztos\u00edtson tagjainak. A k\u00f6z\u00f6s \u00fcnnepl\u00e9s, a zene, az elismer\u00e9sek \u00e9s a finom \u00e9telek mind hozz\u00e1j\u00e1rultak ahhoz, hogy ez a nap felejthetetlen \u00e9lm\u00e9ny maradjon minden r\u00e9sztvev\u0151 sz\u00e1m\u00e1ra.<\/p>\n","protected":false},"excerpt":{"rendered":"<p>Tov\u00e1bbi fot\u00f3k\u00e9rt k\u00e9rem kattintson a fenti k\u00e9pekre. (Fot\u00f3k: \u0150zse P\u00e9ter) 2025. m\u00e1rcius 29-\u00e9n meghitt \u00e9s \u00fcnnep\u00e9lyes esem\u00e9nyre ker\u00fclt sor a kardosk\u00fati M\u00f3ra Ferenc K\u00f6z\u00f6ss\u00e9gi Sz\u00ednt\u00e9rben. A helyi Radn\u00f3ti Mikl\u00f3s Nyugd\u00edjas Klub fenn\u00e1ll\u00e1s\u00e1nak 40. \u00e9vfordul\u00f3j\u00e1t \u00fcnnepelte, amelyre 200 vend\u00e9g tette tisztelet\u00e9t. Az esem\u00e9ny nemcsak a klub tagjai sz\u00e1m\u00e1ra volt kiemelked\u0151 jelent\u0151s\u00e9g\u0171, hanem az eg\u00e9sz k\u00f6z\u00f6ss\u00e9g sz\u00e1m\u00e1ra &hellip; <\/p>\n<p class=\"link-more\"><a href=\"https:\/\/www.kardoskut.hu\/?p=7547\" class=\"more-link\"><span class=\"screen-reader-text\">&#8222;Negyven \u00e9v, nagy id\u0151 &#8211; \u00fcnnepelt a nyugd\u00edjas klub&#8221;<\/span> b\u0151vebben<\/a><\/p>\n","protected":false},"author":1,"featured_media":0,"comment_status":"closed","ping_status":"closed","sticky":false,"template":"","format":"standard","meta":{"footnotes":""},"categories":[1],"tags":[],"class_list":["post-7547","post","type-post","status-publish","format-standard","hentry","category-egyeb"],"_links":{"self":[{"href":"https:\/\/www.kardoskut.hu\/index.php?rest_route=\/wp\/v2\/posts\/7547","targetHints":{"allow":["GET"]}}],"collection":[{"href":"https:\/\/www.kardoskut.hu\/index.php?rest_route=\/wp\/v2\/posts"}],"about":[{"href":"https:\/\/www.kardoskut.hu\/index.php?rest_route=\/wp\/v2\/types\/post"}],"author":[{"embeddable":true,"href":"https:\/\/www.kardoskut.hu\/index.php?rest_route=\/wp\/v2\/users\/1"}],"replies":[{"embeddable":true,"href":"https:\/\/www.kardoskut.hu\/index.php?rest_route=%2Fwp%2Fv2%2Fcomments&post=7547"}],"version-history":[{"count":1,"href":"https:\/\/www.kardoskut.hu\/index.php?rest_route=\/wp\/v2\/posts\/7547\/revisions"}],"predecessor-version":[{"id":7550,"href":"https:\/\/www.kardoskut.hu\/index.php?rest_route=\/wp\/v2\/posts\/7547\/revisions\/7550"}],"wp:attachment":[{"href":"https:\/\/www.kardoskut.hu\/index.php?rest_route=%2Fwp%2Fv2%2Fmedia&parent=7547"}],"wp:term":[{"taxonomy":"category","embeddable":true,"href":"https:\/\/www.kardoskut.hu\/index.php?rest_route=%2Fwp%2Fv2%2Fcategories&post=7547"},{"taxonomy":"post_tag","embeddable":true,"href":"https:\/\/www.kardoskut.hu\/index.php?rest_route=%2Fwp%2Fv2%2Ftags&post=7547"}],"curies":[{"name":"wp","href":"https:\/\/api.w.org\/{rel}","templated":true}]}}