{"id":7416,"date":"2025-01-20T09:58:30","date_gmt":"2025-01-20T09:58:30","guid":{"rendered":"https:\/\/www.kardoskut.hu\/?p=7416"},"modified":"2025-01-20T10:15:15","modified_gmt":"2025-01-20T10:15:15","slug":"7416","status":"publish","type":"post","link":"https:\/\/www.kardoskut.hu\/?p=7416","title":{"rendered":"Tisztelet a Doni h\u0151si halottaknak."},"content":{"rendered":"<p><a href=\"https:\/\/www.flickr.com\/photos\/kardoskuthu\/albums\/72177720323301513\"><img loading=\"lazy\" decoding=\"async\" class=\"alignnone size-large wp-image-7417\" src=\"https:\/\/www.kardoskut.hu\/wp-content\/uploads\/2025\/01\/20250118-kardoskut-11-1024x683.jpg\" alt=\"\" width=\"525\" height=\"350\" srcset=\"https:\/\/www.kardoskut.hu\/wp-content\/uploads\/2025\/01\/20250118-kardoskut-11-1024x683.jpg 1024w, https:\/\/www.kardoskut.hu\/wp-content\/uploads\/2025\/01\/20250118-kardoskut-11-300x200.jpg 300w, https:\/\/www.kardoskut.hu\/wp-content\/uploads\/2025\/01\/20250118-kardoskut-11-768x512.jpg 768w, https:\/\/www.kardoskut.hu\/wp-content\/uploads\/2025\/01\/20250118-kardoskut-11-1536x1024.jpg 1536w, https:\/\/www.kardoskut.hu\/wp-content\/uploads\/2025\/01\/20250118-kardoskut-11-2048x1365.jpg 2048w\" sizes=\"auto, (max-width: 525px) 100vw, 525px\" \/><\/a><br \/>\nTov\u00e1bbi fot\u00f3k\u00e9rt k\u00e9rem kattintson a fenti k\u00e9pre. (Fot\u00f3k: \u0150zse P\u00e9ter)<\/p>\n<p><span class=\"x193iq5w xeuugli x13faqbe x1vvkbs x1xmvt09 x1lliihq x1s928wv xhkezso x1gmr53x x1cpjm7i x1fgarty x1943h6x xudqn12 x3x7a5m x6prxxf xvq8zen xo1l8bm xzsf02u x1yc453h\" dir=\"auto\">Az \u00e9vr\u0151l \u00e9vre megrendezett Doni Eml\u00e9kmenet c\u00e9lja, hogy tiszteletet adjon a h\u0151si halottaknak, akik \u00e9let\u00fcket adt\u00e1k a haz\u00e1juk\u00e9rt a Don-kanyarban. 2025 janu\u00e1rj\u00e1ban, B\u00e9k\u00e9s v\u00e1rmegy\u00e9ben t\u00f6bb helysz\u00ednen is megtartott\u00e1k ezt az esem\u00e9nyt, amely azoknak a katon\u00e1knak az eml\u00e9k\u00e9t \u00e1polja, akik a m\u00e1sodik vil\u00e1gh\u00e1bor\u00fa ezen tragikus csat\u00e1j\u00e1ban \u00e9let\u00fcket vesztett\u00e9k. Az idei eml\u00e9kmenet k\u00fcl\u00f6n\u00f6sen nagy \u00e9rdekl\u0151d\u00e9st v\u00e1ltott ki, hiszen a menetoszlop t\u00f6bb telep\u00fcl\u00e9sen \u00e1thaladt: Kaszaperr\u0151l indult, majd T\u00f3tkoml\u00f3s \u00e9rint\u00e9s\u00e9vel Kardosk\u00faton \u00e9rt c\u00e9lba.<\/span> Az esem\u00e9nyen sz\u00e1mos k\u00f6z\u00f6ss\u00e9g k\u00e9pviseltette mag\u00e1t, \u00edgy jelen voltak kad\u00e9tok Szeghalmr\u00f3l, Szarvasr\u00f3l, Orosh\u00e1z\u00e1r\u00f3l, Battony\u00e1r\u00f3l, B\u00e9k\u00e9scsab\u00e1r\u00f3l, valamint csan\u00e1dap\u00e1cai kisdi\u00e1kok is. A Magyar Honv\u00e9ds\u00e9g katon\u00e1i mellett civil k\u00f6z\u00f6ss\u00e9gek \u00e9s nemcsak magyar, hanem k\u00fclf\u00f6ldi deleg\u00e1ci\u00f3k is csatlakoztak az eml\u00e9kmenethez. A Bundeswehr bajororsz\u00e1gi tartal\u00e9kosait k\u00e9pvisel\u0151 Oberpfalz megyei deleg\u00e1ci\u00f3ja szint\u00e9n tisztelet\u00e9t tette, meger\u0151s\u00edtve a nemzetk\u00f6zi \u00f6sszefog\u00e1s \u00e9s a t\u00f6rt\u00e9nelmi eml\u00e9kek \u00e1pol\u00e1s\u00e1nak fontoss\u00e1g\u00e1t.<\/p>\n<p>A Doni Eml\u00e9kmenet nemcsak a magyar katon\u00e1k h\u0151siess\u00e9g\u00e9re eml\u00e9keztet, hanem arra is, hogy a trag\u00e9di\u00e1kb\u00f3l tanulni kell, hogy a h\u00e1bor\u00faval j\u00e1r\u00f3 f\u00e1jdalom ne ism\u00e9tl\u0151dhessen meg. Az eml\u00e9kez\u00e9s nem csup\u00e1n a m\u00faltr\u00f3l sz\u00f3l, hanem egy lehet\u0151s\u00e9g arra, hogy a j\u00f6v\u0151 gener\u00e1ci\u00f3i \u00e9rt\u00e9kelj\u00e9k a b\u00e9ke fontoss\u00e1g\u00e1t, \u00e9s mindent megtegyenek az\u00e9rt, hogy a h\u00e1bor\u00fa borzalmait elker\u00fclj\u00fck.<\/p>\n<p>A II. vil\u00e1gh\u00e1bor\u00fa egyik legtragikusabb \u00e9s legkegyetlenebb csat\u00e1ja zajlott 1943 janu\u00e1rj\u00e1ban a Don-kanyarban, amikor a II. magyar hadsereg a t\u00f6rt\u00e9nelem legnagyobb vesztes\u00e9geit szenvedte el \u00fctk\u00f6zetek sor\u00e1n. A Don-kanyarban t\u00f6rt\u00e9nt katasztr\u00f3fa nem csup\u00e1n katonai veres\u00e9g volt, hanem a magyar n\u00e9p t\u00f6rt\u00e9net\u00e9nek egyik legf\u00e1jdalmasabb eml\u00e9ke is, hiszen soha ekkora embervesztes\u00e9g nem s\u00fajtotta a magyar hadsereget egyetlen csat\u00e1ban sem.<\/p>\n<p>A magyar hadsereg a m\u00e1sodik vil\u00e1gh\u00e1bor\u00fa egyik legnagyobb \u00e9s legkegyetlenebb frontj\u00e1n, a Szovjetuni\u00f3 ter\u00fclet\u00e9n tal\u00e1lta mag\u00e1t, mik\u00f6zben a n\u00e9metekkel sz\u00f6vets\u00e9gben harcolt\u00e1k a h\u00e1bor\u00fat. A magyar II. hadsereg 1942 december\u00e9ben indult \u00fatnak, hogy r\u00e9szt vegyen a szovjet front elleni t\u00e1mad\u00e1sban. Az akkori katonai tervek szerint a magyar egys\u00e9gek a Don foly\u00f3n\u00e1l fekv\u0151 szovjet er\u0151ket igyekeztek megverni, de hamarosan kider\u00fclt, hogy a helyzet sokkal s\u00falyosabb, mint azt b\u00e1rki is elk\u00e9pzelte.<\/p>\n<p>A harcok a hideg, zord orosz t\u00e9lben zajlottak, \u00e9s a magyar hadsereg szembes\u00fclt a t\u00fal\u00e9lhet\u0151s\u00e9g hat\u00e1raival. Az alult\u00e1pl\u00e1lt, rosszul felszerelt, \u00e9s sz\u00e1mos neh\u00e9zs\u00e9ggel k\u00fczd\u0151 katon\u00e1k gyorsan el\u00e9rt\u00e9k a kitart\u00e1suk hat\u00e1rait. A szovjet ellen\u00e1ll\u00e1s er\u0151sebb volt, mint b\u00e1rki is v\u00e1rta, \u00e9s a magyar hadsereg s\u00falyos veres\u00e9get szenvedett el. Az eredm\u00e9ny: t\u00f6bb t\u00edzezer magyar katona vesztette \u00e9let\u00e9t, \u00e9s m\u00e9g t\u00f6bb t\u00edzezren estek hadifogs\u00e1gba. A Don-kanyarban t\u00f6rt\u00e9ntek a magyar hadt\u00f6rt\u00e9nelem egyik legs\u00falyosabb \u00e9s legtragikusabb pillanatai k\u00f6z\u00e9 tartoznak.<\/p>\n<p>A magyar hadsereg teljes \u00f6sszeoml\u00e1sa \u00e9s a Don-kanyarban szenvedett vesztes\u00e9gek s\u00falyos hat\u00e1ssal voltak az orsz\u00e1g mor\u00e1lj\u00e1ra \u00e9s politikai helyzet\u00e9re is. A csata k\u00f6vetkezm\u00e9nyek\u00e9nt Magyarorsz\u00e1g politikai vezet\u00e9se is k\u00e9nytelen volt szemben\u00e9zni a h\u00e1bor\u00fa val\u00f3s\u00e1g\u00e1val, amely egyre kil\u00e1t\u00e1stalanabb\u00e1 v\u00e1lt. A trag\u00e9dia nemcsak katonai, hanem t\u00e1rsadalmi \u00e9s csal\u00e1di szinten is \u00f3ri\u00e1si terhet r\u00f3tt a magyar n\u00e9pre, hiszen sok csal\u00e1d vesz\u00edtette el szeretett hozz\u00e1tartoz\u00f3it, \u00e9s a h\u00e1bor\u00fas vesztes\u00e9gek \u00f6r\u00f6kre belev\u00e9st\u00e9k magukat a nemzet kollekt\u00edv eml\u00e9kezet\u00e9be.<\/p>\n","protected":false},"excerpt":{"rendered":"<p>Tov\u00e1bbi fot\u00f3k\u00e9rt k\u00e9rem kattintson a fenti k\u00e9pre. (Fot\u00f3k: \u0150zse P\u00e9ter) Az \u00e9vr\u0151l \u00e9vre megrendezett Doni Eml\u00e9kmenet c\u00e9lja, hogy tiszteletet adjon a h\u0151si halottaknak, akik \u00e9let\u00fcket adt\u00e1k a haz\u00e1juk\u00e9rt a Don-kanyarban. 2025 janu\u00e1rj\u00e1ban, B\u00e9k\u00e9s v\u00e1rmegy\u00e9ben t\u00f6bb helysz\u00ednen is megtartott\u00e1k ezt az esem\u00e9nyt, amely azoknak a katon\u00e1knak az eml\u00e9k\u00e9t \u00e1polja, akik a m\u00e1sodik vil\u00e1gh\u00e1bor\u00fa ezen tragikus csat\u00e1j\u00e1ban &hellip; <\/p>\n<p class=\"link-more\"><a href=\"https:\/\/www.kardoskut.hu\/?p=7416\" class=\"more-link\"><span class=\"screen-reader-text\">&#8222;Tisztelet a Doni h\u0151si halottaknak.&#8221;<\/span> b\u0151vebben<\/a><\/p>\n","protected":false},"author":1,"featured_media":0,"comment_status":"closed","ping_status":"closed","sticky":false,"template":"","format":"standard","meta":{"footnotes":""},"categories":[1],"tags":[],"class_list":["post-7416","post","type-post","status-publish","format-standard","hentry","category-egyeb"],"_links":{"self":[{"href":"https:\/\/www.kardoskut.hu\/index.php?rest_route=\/wp\/v2\/posts\/7416","targetHints":{"allow":["GET"]}}],"collection":[{"href":"https:\/\/www.kardoskut.hu\/index.php?rest_route=\/wp\/v2\/posts"}],"about":[{"href":"https:\/\/www.kardoskut.hu\/index.php?rest_route=\/wp\/v2\/types\/post"}],"author":[{"embeddable":true,"href":"https:\/\/www.kardoskut.hu\/index.php?rest_route=\/wp\/v2\/users\/1"}],"replies":[{"embeddable":true,"href":"https:\/\/www.kardoskut.hu\/index.php?rest_route=%2Fwp%2Fv2%2Fcomments&post=7416"}],"version-history":[{"count":3,"href":"https:\/\/www.kardoskut.hu\/index.php?rest_route=\/wp\/v2\/posts\/7416\/revisions"}],"predecessor-version":[{"id":7420,"href":"https:\/\/www.kardoskut.hu\/index.php?rest_route=\/wp\/v2\/posts\/7416\/revisions\/7420"}],"wp:attachment":[{"href":"https:\/\/www.kardoskut.hu\/index.php?rest_route=%2Fwp%2Fv2%2Fmedia&parent=7416"}],"wp:term":[{"taxonomy":"category","embeddable":true,"href":"https:\/\/www.kardoskut.hu\/index.php?rest_route=%2Fwp%2Fv2%2Fcategories&post=7416"},{"taxonomy":"post_tag","embeddable":true,"href":"https:\/\/www.kardoskut.hu\/index.php?rest_route=%2Fwp%2Fv2%2Ftags&post=7416"}],"curies":[{"name":"wp","href":"https:\/\/api.w.org\/{rel}","templated":true}]}}