{"id":7368,"date":"2024-12-16T19:47:27","date_gmt":"2024-12-16T19:47:27","guid":{"rendered":"https:\/\/www.kardoskut.hu\/?p=7368"},"modified":"2024-12-16T19:47:27","modified_gmt":"2024-12-16T19:47:27","slug":"meghitt-unnep-a-3-adventi-gyertyagyujtas-kardoskuton","status":"publish","type":"post","link":"https:\/\/www.kardoskut.hu\/?p=7368","title":{"rendered":"Meghitt \u00fcnnep: a 3. adventi gyertyagy\u00fajt\u00e1s Kardosk\u00faton"},"content":{"rendered":"<p><a href=\"https:\/\/www.flickr.com\/photos\/kardoskuthu\/albums\/72177720322600401\"><img loading=\"lazy\" decoding=\"async\" class=\"alignnone size-full wp-image-7369\" src=\"https:\/\/www.kardoskut.hu\/wp-content\/uploads\/2024\/12\/54208464425_7d710457a7_c.jpg\" alt=\"\" width=\"799\" height=\"533\" srcset=\"https:\/\/www.kardoskut.hu\/wp-content\/uploads\/2024\/12\/54208464425_7d710457a7_c.jpg 799w, https:\/\/www.kardoskut.hu\/wp-content\/uploads\/2024\/12\/54208464425_7d710457a7_c-300x200.jpg 300w, https:\/\/www.kardoskut.hu\/wp-content\/uploads\/2024\/12\/54208464425_7d710457a7_c-768x512.jpg 768w\" sizes=\"auto, (max-width: 767px) 89vw, (max-width: 1000px) 54vw, (max-width: 1071px) 543px, 580px\" \/><\/a><br \/>\nTov\u00e1bbi fot\u00f3k\u00e9rt k\u00e9rem kattintson a fenti fot\u00f3ra. (Fot\u00f3k: \u0150zse P\u00e9ter)<\/p>\n<p>Advent harmadik vas\u00e1rnapj\u00e1n ism\u00e9t \u00f6sszegy\u0171lt Kardosk\u00fat k\u00f6z\u00f6ss\u00e9ge a k\u00f6zs\u00e9g f\u0151ter\u00e9n, hogy k\u00f6z\u00f6sen \u00fcnnepelj\u00e9k az adventi v\u00e1rakoz\u00e1s \u00f6r\u00f6m\u00e9t \u00e9s gy\u00fajts\u00e1k meg a harmadik gyerty\u00e1t a koszor\u00fan. Az esem\u00e9ny hangulat\u00e1t a helyi kultur\u00e1lis egyes\u00fclet \u00fcnnepi m\u0171sora tette k\u00fcl\u00f6nlegess\u00e9, amely versekkel \u00e9s \u00e9nekkel sz\u0151tte \u00e1t az est\u00e9t. A kultur\u00e1lis egyes\u00fclet tagjai \u00e1ltal el\u0151adott sz\u00edvhez sz\u00f3l\u00f3 versek minden jelenl\u00e9v\u0151t az adventi id\u0151szak meghitt \u00fczenet\u00e9re eml\u00e9keztettek: a v\u00e1rakoz\u00e1s, a hit \u00e9s a szeretet erej\u00e9re. A m\u0171sor v\u00e9g\u00e9n k\u00f6z\u00f6sen is el\u00e9nekeltek egy adventi \u00e9neket, amely m\u00e9g szorosabb\u00e1 kov\u00e1csolta a k\u00f6z\u00f6ss\u00e9g tagjait. A harmadik, az \u00f6r\u00f6m vas\u00e1rnapj\u00e1n a gyerty\u00e1t Tracsek Oszk\u00e1r r\u00f3mai katolikus pl\u00e9b\u00e1nos gy\u00fajtotta meg, aki az \u00fcnnepi pillanat el\u0151tt meghat\u00f3 gondolatokat osztott meg a jelenl\u00e9v\u0151kkel. Besz\u00e9d\u00e9ben hangs\u00falyozta az advent \u00f6r\u00f6m\u00fczenet\u00e9t, az elcsendesed\u00e9s \u00e9s a lelki felk\u00e9sz\u00fcl\u00e9s fontoss\u00e1g\u00e1t. Szavai arra eml\u00e9keztett\u00e9k a r\u00e9sztvev\u0151ket, hogy a kar\u00e1csony nemcsak k\u00fcls\u0151s\u00e9gekben, hanem a sz\u00edv\u00fcnkben is k\u00e9sz\u00fcl\u0151d\u00e9st ig\u00e9nyel. Az \u00fcnnepi esem\u00e9ny a szeretetvend\u00e9gs\u00e9ggel z\u00e1rult, ahol mindenki megoszthatta egym\u00e1ssal gondolatait \u00e9s \u00f6r\u00f6m\u00e9t egy finom falat \u00e9s forr\u00f3 ital mellett. Az asztalokon libazs\u00edros keny\u00e9r \u00e9s g\u0151z\u00f6lg\u0151 forralt bor, tea v\u00e1rta az \u00fcnnepl\u0151ket, amelyeket a szervez\u0151k nagy szeretettel k\u00edn\u00e1ltak. Az est egyik k\u00fcl\u00f6nlegess\u00e9ge az \u0150zse csal\u00e1d \u00e1ltal felaj\u00e1nlott kal\u00e1cs volt, amely nemcsak \u00edz\u00e9vel, hanem a m\u00f6g\u00f6tte \u00e1ll\u00f3 gesztussal is melegs\u00e9get hozott az esem\u00e9nyre. A k\u00f6z\u00f6s gyertyagy\u00fajt\u00e1s \u00e9s az azt k\u00f6vet\u0151 bar\u00e1ti besz\u00e9lget\u00e9sek j\u00f3les\u0151 \u00e9lm\u00e9nyt ny\u00fajtottak a r\u00e9sztvev\u0151knek. Az adventi koszor\u00fa harmadik gyerty\u00e1j\u00e1nak f\u00e9nye nemcsak az est\u00e9t, hanem a sz\u00edveket is beragyogta. A rendezv\u00e9ny ism\u00e9t megmutatta, milyen fontos szerepe van az ilyen k\u00f6z\u00f6ss\u00e9gi esem\u00e9nyeknek a telep\u00fcl\u00e9s lak\u00f3inak \u00e9let\u00e9ben, hiszen ezek \u00e1ltal er\u0151s\u00f6dnek a helyi kapcsolatok, \u00e9s egy\u00fctt k\u00e9sz\u00fclhet\u00fcnk az \u00fcnnepre. Az este v\u00e9g\u00e9n sokan m\u00e1r a k\u00f6zs\u00e9gi kar\u00e1csonyi \u00fcnneps\u00e9g \u00e9s gyertyagy\u00fajt\u00e1s v\u00e1rakoz\u00e1s\u00e1ban indultak haza, hiszen az adventi id\u0151szak minden egyes alkalma k\u00f6zelebb visz a kar\u00e1csony csod\u00e1j\u00e1hoz.<\/p>\n","protected":false},"excerpt":{"rendered":"<p>Tov\u00e1bbi fot\u00f3k\u00e9rt k\u00e9rem kattintson a fenti fot\u00f3ra. (Fot\u00f3k: \u0150zse P\u00e9ter) Advent harmadik vas\u00e1rnapj\u00e1n ism\u00e9t \u00f6sszegy\u0171lt Kardosk\u00fat k\u00f6z\u00f6ss\u00e9ge a k\u00f6zs\u00e9g f\u0151ter\u00e9n, hogy k\u00f6z\u00f6sen \u00fcnnepelj\u00e9k az adventi v\u00e1rakoz\u00e1s \u00f6r\u00f6m\u00e9t \u00e9s gy\u00fajts\u00e1k meg a harmadik gyerty\u00e1t a koszor\u00fan. Az esem\u00e9ny hangulat\u00e1t a helyi kultur\u00e1lis egyes\u00fclet \u00fcnnepi m\u0171sora tette k\u00fcl\u00f6nlegess\u00e9, amely versekkel \u00e9s \u00e9nekkel sz\u0151tte \u00e1t az est\u00e9t. A &hellip; <\/p>\n<p class=\"link-more\"><a href=\"https:\/\/www.kardoskut.hu\/?p=7368\" class=\"more-link\"><span class=\"screen-reader-text\">&#8222;Meghitt \u00fcnnep: a 3. adventi gyertyagy\u00fajt\u00e1s Kardosk\u00faton&#8221;<\/span> b\u0151vebben<\/a><\/p>\n","protected":false},"author":1,"featured_media":0,"comment_status":"closed","ping_status":"closed","sticky":false,"template":"","format":"standard","meta":{"footnotes":""},"categories":[1],"tags":[],"class_list":["post-7368","post","type-post","status-publish","format-standard","hentry","category-egyeb"],"_links":{"self":[{"href":"https:\/\/www.kardoskut.hu\/index.php?rest_route=\/wp\/v2\/posts\/7368","targetHints":{"allow":["GET"]}}],"collection":[{"href":"https:\/\/www.kardoskut.hu\/index.php?rest_route=\/wp\/v2\/posts"}],"about":[{"href":"https:\/\/www.kardoskut.hu\/index.php?rest_route=\/wp\/v2\/types\/post"}],"author":[{"embeddable":true,"href":"https:\/\/www.kardoskut.hu\/index.php?rest_route=\/wp\/v2\/users\/1"}],"replies":[{"embeddable":true,"href":"https:\/\/www.kardoskut.hu\/index.php?rest_route=%2Fwp%2Fv2%2Fcomments&post=7368"}],"version-history":[{"count":1,"href":"https:\/\/www.kardoskut.hu\/index.php?rest_route=\/wp\/v2\/posts\/7368\/revisions"}],"predecessor-version":[{"id":7370,"href":"https:\/\/www.kardoskut.hu\/index.php?rest_route=\/wp\/v2\/posts\/7368\/revisions\/7370"}],"wp:attachment":[{"href":"https:\/\/www.kardoskut.hu\/index.php?rest_route=%2Fwp%2Fv2%2Fmedia&parent=7368"}],"wp:term":[{"taxonomy":"category","embeddable":true,"href":"https:\/\/www.kardoskut.hu\/index.php?rest_route=%2Fwp%2Fv2%2Fcategories&post=7368"},{"taxonomy":"post_tag","embeddable":true,"href":"https:\/\/www.kardoskut.hu\/index.php?rest_route=%2Fwp%2Fv2%2Ftags&post=7368"}],"curies":[{"name":"wp","href":"https:\/\/api.w.org\/{rel}","templated":true}]}}