{"id":718,"date":"2007-07-21T12:42:13","date_gmt":"2007-07-21T12:42:13","guid":{"rendered":"http:\/\/new.kardoskut.hu\/?p=718"},"modified":"2017-11-20T12:45:09","modified_gmt":"2017-11-20T12:45:09","slug":"viii-falunap","status":"publish","type":"post","link":"https:\/\/www.kardoskut.hu\/?p=718","title":{"rendered":"VIII. Falunap"},"content":{"rendered":"<figure id=\"attachment_719\" aria-describedby=\"caption-attachment-719\" style=\"width: 912px\" class=\"wp-caption alignleft\"><a href=\"https:\/\/www.flickr.com\/photos\/kardoskuthu\/albums\/72157658938501600\"><img loading=\"lazy\" decoding=\"async\" class=\"size-full wp-image-719\" src=\"http:\/\/new.kardoskut.hu\/wp-content\/uploads\/2017\/11\/falunap2007_4.jpg\" alt=\"\" width=\"912\" height=\"684\" srcset=\"https:\/\/www.kardoskut.hu\/wp-content\/uploads\/2017\/11\/falunap2007_4.jpg 912w, https:\/\/www.kardoskut.hu\/wp-content\/uploads\/2017\/11\/falunap2007_4-300x225.jpg 300w, https:\/\/www.kardoskut.hu\/wp-content\/uploads\/2017\/11\/falunap2007_4-768x576.jpg 768w\" sizes=\"auto, (max-width: 767px) 89vw, (max-width: 1000px) 54vw, (max-width: 1071px) 543px, 580px\" \/><\/a><figcaption id=\"caption-attachment-719\" class=\"wp-caption-text\">Tov\u00e1bbi fot\u00f3k a fenti k\u00e9pre kattintva \u00e9rhet\u0151ek el. (Fot\u00f3k: VP)<\/figcaption><\/figure>\n<p>Igazi forr\u00f3 ny\u00e1ri meleggel k\u00f6sz\u00f6nt\u00f6tt r\u00e1nk az idei Falunap. A rendezv\u00e9ny b\u0151velkedett kultur\u00e1lis \u00e9s sportprogramokban, \u00edgy val\u00f3sz\u00edn\u0171leg minden koroszt\u00e1ly megtal\u00e1lhatta a sz\u00e1m\u00e1ra leg\u00e9rdekesebb programlehet\u0151s\u00e9get. A rekken\u0151 h\u0151s\u00e9g sem riasztotta el a focista fi\u00fakat, hogy megm\u00e9rettess\u00e9k \u00fcgyess\u00e9g\u00fcket a d\u00e9lel\u0151tti \u00f3r\u00e1kban a kisp\u00e1ly\u00e1s labdar\u00fag\u00f3 bajnoks\u00e1gon. Az id\u00e9n is \u00f6t csapat m\u00e9rte \u00f6ssze technikai tud\u00e1s\u00e1t az \u00e1ltal\u00e1nos iskola p\u00e1ly\u00e1j\u00e1n. Nagy \u00f6r\u00f6m volt a sz\u00e1munkra, hogy Nagy Gabi vezet\u00e9s\u00e9vel a Kardosk\u00fat csapata nyerte meg a bajnoks\u00e1got, megel\u0151zve a S\u00f6rpatika, az Anno S\u00f6r\u00f6z\u0151, a Somogyi Kft. \u00e9s az AKG csapat\u00e1t. Az id\u00e9n a h\u0171s\u00edt\u0151 s\u00f6r\u00f6n k\u00edv\u00fcl k\u00fcl\u00f6n fel\u00fcd\u00fcl\u00e9st jelentett fi\u00faknak az, hogy az id\u00e9n m\u00e9g l\u00e1nyok is r\u00fagt\u00e1k a labd\u00e1t: az Orosh\u00e1z\u00e1r\u00f3l \u00e9s Pusztaf\u00f6ldv\u00e1rr\u00f3l \u00e9rkezett k\u00e9t l\u00e1nycsapat egy bar\u00e1ts\u00e1gos meccset j\u00e1tszott egym\u00e1ssal. A m\u00e9rk\u0151z\u00e9sek k\u00f6zben a hagyom\u00e1nyoknak megfelel\u0151en a helyi \u00e9s az orosh\u00e1zi taekwoon-dos fiatalok mutatt\u00e1k be l\u00e1tv\u00e1nyos m\u0171sorukat. A m\u0171vel\u0151d\u00e9si h\u00e1zban is m\u00e1r ekkorra jav\u00e1ban zajlott az \u00e9let, hiszen nagy igyekezettel k\u00e9sz\u00fcltek a p\u00f6rk\u00f6ltf\u0151z\u0151 versenybe benevezettek a f\u0151z\u00e9shez. \u00d6tf\u00e9le h\u00fasb\u00f3l \u00e1llt \u00f6ssze az idei versenypaletta: a szok\u00e1sos marha- illetve birkap\u00f6rk\u00f6lt mellett \u0151z-, szarvas- \u00e9s kecskeh\u00fasb\u00f3l is k\u00e9sz\u00fclt p\u00f6rk\u00f6lt. Nagy sikere volt mindegyiknek, hiszen hamar elfogytak a bogr\u00e1csokb\u00f3l a finom falatok. A d\u00e9lel\u0151tt folyam\u00e1n az Orosh\u00e1za-Kardosk\u00fat Sz\u00e9chenyi Zsigmond Vad\u00e1szt\u00e1rsas\u00e1g nem csak a f\u0151z\u00e9sben jeleskedett, hiszen tagjaik sz\u00e9p vad\u00e1szati \u00e9s tr\u00f3feaki\u00e1ll\u00edt\u00e1st var\u00e1zsoltak a m\u0171vel\u0151d\u00e9si h\u00e1z klubterm\u00e9be. A ki\u00e1ll\u00edt\u00e1st Gabnai J\u00f3zsef, a t\u00e1rsas\u00e1g hivat\u00e1sos vad\u00e1sza nyitotta meg. Ismertet\u0151j\u00e9b\u0151l sok \u00e9rdekess\u00e9get is megtudhattunk a ki\u00e1ll\u00edtott gy\u0171jtem\u00e9nyr\u0151l. K\u00f6zben egy sz\u00fcrkemarha szarv\u00e1b\u00f3l saj\u00e1t kez\u0171leg faragott k\u00fcrtj\u00e9t is megsz\u00f3laltatta el\u0151ad\u00f3nk a hallgat\u00f3s\u00e1g nem kis \u00f6r\u00f6m\u00e9re. Nagy \u00e9lm\u00e9ny volt hallgatni a p\u00e1rz\u00e1s idej\u00e9n hallhat\u00f3 \u00e1llathangokat imit\u00e1l\u00f3 hangokat. M\u00e1sik ki\u00e1ll\u00edt\u00f3nk Veraszt\u00f3 Ferenc volt, aki 10-12 \u00e9ve foglalkozik tudatosabban az \u00e9rmegy\u0171jt\u00e9ssel. Az \u0151 gy\u0171jtem\u00e9ny\u00e9b\u0151l csod\u00e1lhattunk meg k\u00fcl\u00f6nb\u00f6z\u0151 nem mindennapi \u00e9rm\u00e9ket, pap\u00edrp\u00e9nzeket a Kossuth bank\u00f3t\u00f3l kezd\u0151d\u0151en napjainkig. Fontosabb szakmai kiadv\u00e1nyokat is l\u00e1thattunk. Ismertet\u0151je k\u00f6zben r\u00e1j\u00f6hett\u00fcnk, hogy Feri b\u00e1csi komoly tud\u00e1ssal rendelkezik az \u00e9rmegy\u0171jt\u00e9shez n\u00e9lk\u00fcl\u00f6zhetetlen t\u00f6rt\u00e9nelmi korszakokr\u00f3l is.\u00a0 A nap folyam\u00e1n t\u00f6bb \u00e9rdekl\u0151d\u0151 is megfordult k\u00e9rd\u00e9seivel n\u00e1la. A M\u00e1rcius 15. t\u00e9r d\u00e9lel\u0151tt\u0151l m\u00e1r a gyerekek\u00e9 volt, hiszen ugr\u00e1l\u00f3 v\u00e1r, k\u00f6rhinta, dodzsem, c\u00e9ll\u00f6v\u00f6lde v\u00e1rta \u0151ket. 11 \u00f3ra t\u00e1j\u00e1n pedig Hevesi Imi b\u00e1csi \u00e9s a Z\u0171rzavar Egy\u00fcttes sz\u00f3rakoztatta a nagy\u00e9rdem\u0171t. A nagy melegben sokan az \u00e1rny\u00e9kos helyeket v\u00e1lasztott\u00e1k maguknak, sokan a m\u0171vel\u0151d\u00e9si h\u00e1z b\u00fcf\u00e9j\u00e9ben kerestek h\u0171s\u00edt\u0151t maguknak. Aki pedig ezek ut\u00e1n m\u00e9g a fellegekbe v\u00e1gyott, annak a k\u00edv\u00e1ns\u00e1g\u00e1t az orosh\u00e1zi t\u0171zolt\u00f3 fi\u00fak teljes\u00edtett\u00e9k. Kosaras j\u00e1rm\u0171v\u00fckb\u0151l mad\u00e1rt\u00e1vlatb\u00f3l szeml\u00e9lhett\u00fck a k\u00f6zs\u00e9get \u00e9s k\u00f6rny\u00e9k\u00e9t. A k\u00f6zelb\u0151l pedig a dodzsemez\u0151 gyerekek, fiatalok hangja hallatsz\u00f3dott,\u00a0 ahogy \u00f6nfeledten \u00e9lvezik az aut\u00f3s j\u00e1t\u00e9k \u00f6r\u00f6m\u00e9t.\u00a0 \u00cdgy tett e sorok \u00edr\u00f3ja is, p\u00e1r menettel itt laz\u00edtottam \u00f6nfeledten a falunapi teend\u0151k k\u00f6zben\u2026 \u00a0Az eb\u00e9d ut\u00e1ni \u00f3r\u00e1kat t\u00f6bben a v\u00edztorony melletti ligetben t\u00f6lt\u00f6tt\u00e9k, hiszen l\u00e1tv\u00e1nyos k\u00f6z\u00e9pkori lovagi bemutat\u00f3t tartott a Di\u00f3sdr\u00f3l \u00e9rkezett T\u00f6rt\u00e9nelmi Bajv\u00edv\u00f3 Egyes\u00fclet. A lovagoknak nemcsak egym\u00e1ssal, hanem a nagy meleggel is meg kellett birk\u00f3zniuk.\u00a0 A bemutat\u00f3 alatt \u00e9rtettem meg mi\u00e9rt is halasztott\u00e1k Skork\u00e1\u00e9k finom birkap\u00f6rk\u00f6ltj\u00e9t a k\u00e9s\u0151 ut\u00e1ni \u00f3r\u00e1kra\u2026 Embert pr\u00f3b\u00e1l\u00f3 fizikai \u201emutatv\u00e1nyokat\u201d l\u00e1thattunk t\u0151l\u00fck: a csillagdob\u00e1s, a l\u00e1ndzsadob\u00e1s, az \u00edj\u00e1szat, a kardv\u00edv\u00e1s \u00e9s sok m\u00e1s lovagi k\u00fczd\u0151elem elevenedett meg el\u0151tt\u00fcnk. A sz\u00ednes korh\u0171 jelmezek, s\u00e1trak \u00e9s pal\u00e1nkok illetve a j\u00e1t\u00e9kok alatt az \u00edzes t\u00f6rt\u00e9nelmi ismertet\u0151 egy \u201ek\u00f6z\u00e9pkori klerikus\u201d tolm\u00e1csol\u00e1s\u00e1ban m\u00e9g k\u00f6zelebb hozta sz\u00e1munkra a lovagok \u00e9let\u00e9t. Kiemelked\u0151en nagyszer\u0171 \u00e9s \u00e9lvezetes program volt! A l\u00e1togat\u00f3knak nem kellett sokat j\u00e1rk\u00e1lniuk, hiszen a d\u00e9lut\u00e1ni t\u00e1ncbemutat\u00f3ra a mazsorettesek \u00e9s a n\u00e9pt\u00e1ncosok a liget el\u0151l zen\u00e9s-t\u00e1ncos felvonul\u00e1ssal \u00e9rkeztek a m\u0171vel\u0151d\u00e9si h\u00e1zba. Itt telt h\u00e1zzal fogadta a k\u00f6z\u00f6ns\u00e9g a Desperado Alapfok\u00fa M\u0171v\u00e9szeti Iskola t\u00e1ncosait, csoportjait. Vastapssal jutalmazta a k\u00f6z\u00f6ns\u00e9g a l\u00e1tv\u00e1nyos elemeket, koreogr\u00e1fi\u00e1kat felcsillant\u00f3 t\u00e1ncosoknak az el\u0151ad\u00e1st. K\u00e9s\u0151 d\u00e9lut\u00e1n a nap egyik legjelent\u0151sebb pillanata \u00e9rkezett el, hiszen az \u00fcnnep\u00e9lyes d\u00edjkioszt\u00f3 keret\u00e9ben ilyenkor adja \u00e1t a polg\u00e1rmester \u00far \u00e9s a m\u0171vel\u0151d\u00e9si h\u00e1z vezet\u0151je a k\u00fcl\u00f6nb\u00f6z\u0151 elismer\u00e9seket, d\u00edjakat. Az id\u00e9n a k\u00e9pvisel\u0151-test\u00fclet hat\u00e1rozata alapj\u00e1n Urszuly J\u00e1nos nyugalmazott pedag\u00f3gus lett a \u201eKardosk\u00fat K\u00f6zs\u00e9g\u00e9rt-d\u00edj\u201d tulajdonosa, akinek \u00e9let\u00fatj\u00e1t Ramasz Imre polg\u00e1rmester \u00far m\u00e9ltatta. A k\u00e9s\u0151bbiekben az \u00fcnneps\u00e9gen jelenl\u00e9v\u0151 orosh\u00e1zi polg\u00e1rmester, N\u00e9meth B\u00e9la is kiemelte a tan\u00e1r \u00far munk\u00e1ss\u00e1g\u00e1nak eredm\u00e9nyeit. A Cinkusiak Bar\u00e1ti K\u00f6r\u00e9nek idei kardosk\u00fati d\u00edjazottja M\u00f3ga Szilvia lett, akinek az elismer\u00e9ssel j\u00e1r\u00f3 serleget N\u00e9meth B\u00e9la ny\u00fajtotta \u00e1t. M\u00f3ga Petra kiemelked\u0151 tanulm\u00e1nyi eredm\u00e9nye \u00e9s akt\u00edv k\u00f6z\u00f6ss\u00e9gi munk\u00e1j\u00e1nak d\u00edcs\u00e9ret\u00e9\u00fcl a Kardosk\u00fat K\u00f6zs\u00e9g\u00e9rt K\u00f6zalap\u00edtv\u00e1ny p\u00e9nzjutalm\u00e1t is \u00e1tvehette t\u00f6bb helyi tanul\u00f3val egyetemben B\u00f3di J\u00e1nosn\u00e9t\u00f3l, a k\u00f6zalap\u00edtv\u00e1ny kurat\u00f3riumi eln\u00f6k\u00e9t\u0151l. A d\u00edjkioszt\u00f3 \u00fcnneps\u00e9g keret\u00e9n bel\u00fcl ker\u00fclt \u00e1tad\u00e1sra 16 kardosk\u00fati ingatlantulajdonosnak a \u201eVir\u00e1gos Kardosk\u00fat\u00e9rt\u201d c\u00edmmel j\u00e1r\u00f3 aj\u00e1nd\u00e9kutalv\u00e1ny \u00e9s oklev\u00e9l. A 9 tag\u00fa zs\u0171ri v\u00e9lem\u00e9nye alapj\u00e1n olyan szem\u00e9lyek kaptak elismer\u00e9st, akik ig\u00e9nyesek k\u00f6rnyezet\u00fckre, lak\u00f3h\u00e1zukat \u00e9s kertj\u00fcket folyamatosan sz\u00e9pen, rendben tartj\u00e1k. A falunapi p\u00f6rk\u00f6ltf\u0151z\u0151 verseny, a kisp\u00e1ly\u00e1s labdar\u00fag\u00f3 bajnoks\u00e1g eredm\u00e9nyei is itt ker\u00fcltek nyilv\u00e1noss\u00e1gra, d\u00edjaz\u00e1sra.\u00a0 Az \u00fcnneps\u00e9gen elismer\u00e9sben r\u00e9szes\u00fclt m\u00e9g Andr\u00e9k\u00f3 P\u00e1ln\u00e9, aki szakmai vezet\u0151je a Kardosk\u00fati K\u00e9zm\u0171ves K\u00f6rnek \u00e9s kiemelked\u0151 munk\u00e1t v\u00e9gez a n\u00e9pi kult\u00fara hagyom\u00e1nyaira \u00e9p\u00fcl\u0151 k\u00e9zm\u0171vess\u00e9g terjeszt\u00e9s\u00e9ben \u00e9s m\u0171vel\u00e9s\u00e9ben. Az idei Falunapra az erd\u00e9lyi testv\u00e9rtelep\u00fcl\u00e9seinkr\u0151l idel\u00e1togat\u00f3 homor\u00f3ddar\u00f3ci \u00e9s homor\u00f3dj\u00e1nosfalvi vend\u00e9gek nev\u00e9ben Gy\u00f6rgy Izabella nyugalmazott iskolaigazgat\u00f3 k\u00f6sz\u00f6nte meg a kardosk\u00fatiak vend\u00e9gszeretet\u00e9t \u00e9s adta \u00e1t jelk\u00e9pes aj\u00e1nd\u00e9kait a kardosk\u00fati embereknek.\u00a0 Az esti programok az \u00e1ltal\u00e1nos iskola udvar\u00e1n folytat\u00f3dtak. El\u0151sz\u00f6r az orosh\u00e1zi sz\u00e9khely\u0171 Bel Canto \u00c9nekegy\u00fcttes l\u00e9pett fel P\u00f6rneki Anik\u00f3 \u00e9nekm\u0171v\u00e9sz vezet\u00e9s\u00e9vel. A fiatal h\u00f6lgyekb\u0151l \u00e1ll\u00f3 egy\u00fcttes k\u00f6nnyed, sz\u00f3rakoztat\u00f3 zen\u00e9vel \u00e9rkezett hozz\u00e1nk. M\u0171sorukban musical- \u00e9s operett r\u00e9szletek hangzottak el. A n\u00e9pt\u00e1ncot kedvel\u0151k az id\u00e9n egy lengyel \u00e9s h\u00e1rom orosz gyermek n\u00e9pt\u00e1nccsoport bemutat\u00f3j\u00e1t l\u00e1thatt\u00e1k. Az orosz csoportok nagyon messzir\u0151l \u00e9rkeztek hozz\u00e1nk, Moszkv\u00e1t\u00f3l mintegy 6 \u00f3r\u00e1s rep\u00fcl\u0151\u00fattal k\u00f6zel\u00edthet\u0151 meg otthonuk. \u00c9lvezetes volt l\u00e1tni a jellegzetes, n\u00e1lunk ritk\u00e1n l\u00e1that\u00f3 keleti t\u00e1ncaikat. A v\u00e1rva-v\u00e1rt szt\u00e1rpar\u00e1d\u00e9 sem maradhatott el, hiszen Auth Csilla koncertezett k\u00e9s\u0151 este. Nagyon sokan egy\u00fctt \u00e9nekelt\u00fcnk vele! J\u00f3 volt l\u00e1tni, ahogyan egyre t\u00f6bben bekapcsol\u00f3dtak, vev\u0151k voltak Csilla invit\u00e1l\u00e1s\u00e1ra. Hi\u00e1ba \u00e9nekelte a koncert v\u00e9g\u00e9n, hogy \u201eEngedj el!\u201d, mi csak egy r\u00e1ad\u00e1s sz\u00e1m ut\u00e1n, el\u00e9g nehezen engedj\u00fck el\u2026\u00a0 \u00c9jjel, amikor m\u00e1r k\u00f6zeledett a Groovehouse fell\u00e9p\u00e9s\u00e9nek id\u0151pontja, egyre csak fokoz\u00f3dott a hangulat. Folyamatosan j\u00f6ttek k\u00edv\u00e1ncsiskod\u00f3k \u00e9s rajong\u00f3k vid\u00e9kr\u0151l is Kardosk\u00fatra. Becsl\u00e9sek szerint kicsi k\u00f6zs\u00e9g\u00fcnk lak\u00f3inak sz\u00e1m\u00e1t megdupl\u00e1ztuk, szerintem k\u00f6r\u00fclbel\u00fcl k\u00e9tezer ember sz\u00f3rakozott \u00f6nfeledten a sportp\u00e1ly\u00e1n fel\u00e1ll\u00edtott nagysz\u00ednpad el\u0151tt. Fesz\u00fclten v\u00e1rtuk a szt\u00e1rok meg\u00e9rkez\u00e9s\u00e9t. Amikor Judy \u00e9s Zsolti aut\u00f3ja meg\u00e1llt a Kossuth utc\u00e1n, Musztafa Imi bejelent\u00e9s\u00e9re nagy ov\u00e1ci\u00f3 \u00e9s taps hallatszott. Ut\u00e1na igazi szt\u00e1rkoncert k\u00f6vetkezett a jav\u00e1b\u00f3l. A Groovehouse tagjainak k\u00f6zvetlens\u00e9g\u00e9t meg\u00e9rezhett\u00fck, hiszen a sz\u00ednpadra gyerekeket is felh\u00edvtak, akik egy\u00fctt \u00e9nekeltek, t\u00e1ncoltak vel\u00fck. Term\u00e9szetesen rengeteget dedik\u00e1ltak \u0151k is, \u00e9s a v\u00e9g\u00e9n j\u00f3\u00edz\u0171en vacsor\u00e1ztak meg \u00f3vod\u00e1nkban. Judy nagyon meglep\u0151d\u00f6tt \u00e9s \u00f6r\u00fclt, hogy sokan elj\u00f6ttek. L\u00e1tva vend\u00e9gszeretet\u00fcnket a koncert ut\u00e1n megs\u00fagta, hogy b\u00e1rkin\u00e9l sz\u00edvesen itt is aludtak volna Kardosk\u00faton, ha m\u00e1snap nem kellene nekik Rom\u00e1ni\u00e1ba utazni egy \u00fajabb fell\u00e9p\u00e9sre. Egy\u00e1ltal\u00e1n nem siettek el, k\u00f6zvetlen bar\u00e1ti besz\u00e9lget\u00e9sben t\u00f6lt\u00f6tt\u00fck el a fell\u00e9p\u00e9s ut\u00e1ni \u00f3r\u00e1t. Megtudtam, hogy k\u00f6vetkez\u0151, 5. lemez\u00fck szeptemberben jelenik meg. Mindezek ut\u00e1n igazi utcab\u00e1los hangulat uralkodott a sportp\u00e1ly\u00e1n, ahol is DJ. Musztafa Imi zen\u00e9ire nagyon sokan t\u00e1ncoltak \u00e9jjel f\u00e9l 3-ig.<\/p>\n<p>Szuper hangulatban sokf\u00e9le program k\u00f6z\u00f6tt t\u00f6lt\u00f6tt\u00fck el a 2007-es Falunapot!<br \/>\nJ\u00f6v\u0151re ugyanitt &#8211; ugyan\u00edgy!<\/p>\n","protected":false},"excerpt":{"rendered":"<p>Igazi forr\u00f3 ny\u00e1ri meleggel k\u00f6sz\u00f6nt\u00f6tt r\u00e1nk az idei Falunap. A rendezv\u00e9ny b\u0151velkedett kultur\u00e1lis \u00e9s sportprogramokban, \u00edgy val\u00f3sz\u00edn\u0171leg minden koroszt\u00e1ly megtal\u00e1lhatta a sz\u00e1m\u00e1ra leg\u00e9rdekesebb programlehet\u0151s\u00e9get. A rekken\u0151 h\u0151s\u00e9g sem riasztotta el a focista fi\u00fakat, hogy megm\u00e9rettess\u00e9k \u00fcgyess\u00e9g\u00fcket a d\u00e9lel\u0151tti \u00f3r\u00e1kban a kisp\u00e1ly\u00e1s labdar\u00fag\u00f3 bajnoks\u00e1gon. Az id\u00e9n is \u00f6t csapat m\u00e9rte \u00f6ssze technikai tud\u00e1s\u00e1t az \u00e1ltal\u00e1nos iskola &hellip; <\/p>\n<p class=\"link-more\"><a href=\"https:\/\/www.kardoskut.hu\/?p=718\" class=\"more-link\"><span class=\"screen-reader-text\">&#8222;VIII. Falunap&#8221;<\/span> b\u0151vebben<\/a><\/p>\n","protected":false},"author":1,"featured_media":0,"comment_status":"closed","ping_status":"closed","sticky":false,"template":"","format":"standard","meta":{"footnotes":""},"categories":[9],"tags":[],"class_list":["post-718","post","type-post","status-publish","format-standard","hentry","category-9"],"_links":{"self":[{"href":"https:\/\/www.kardoskut.hu\/index.php?rest_route=\/wp\/v2\/posts\/718","targetHints":{"allow":["GET"]}}],"collection":[{"href":"https:\/\/www.kardoskut.hu\/index.php?rest_route=\/wp\/v2\/posts"}],"about":[{"href":"https:\/\/www.kardoskut.hu\/index.php?rest_route=\/wp\/v2\/types\/post"}],"author":[{"embeddable":true,"href":"https:\/\/www.kardoskut.hu\/index.php?rest_route=\/wp\/v2\/users\/1"}],"replies":[{"embeddable":true,"href":"https:\/\/www.kardoskut.hu\/index.php?rest_route=%2Fwp%2Fv2%2Fcomments&post=718"}],"version-history":[{"count":2,"href":"https:\/\/www.kardoskut.hu\/index.php?rest_route=\/wp\/v2\/posts\/718\/revisions"}],"predecessor-version":[{"id":721,"href":"https:\/\/www.kardoskut.hu\/index.php?rest_route=\/wp\/v2\/posts\/718\/revisions\/721"}],"wp:attachment":[{"href":"https:\/\/www.kardoskut.hu\/index.php?rest_route=%2Fwp%2Fv2%2Fmedia&parent=718"}],"wp:term":[{"taxonomy":"category","embeddable":true,"href":"https:\/\/www.kardoskut.hu\/index.php?rest_route=%2Fwp%2Fv2%2Fcategories&post=718"},{"taxonomy":"post_tag","embeddable":true,"href":"https:\/\/www.kardoskut.hu\/index.php?rest_route=%2Fwp%2Fv2%2Ftags&post=718"}],"curies":[{"name":"wp","href":"https:\/\/api.w.org\/{rel}","templated":true}]}}