{"id":713,"date":"2007-07-07T12:38:07","date_gmt":"2007-07-07T12:38:07","guid":{"rendered":"http:\/\/new.kardoskut.hu\/?p=713"},"modified":"2017-11-20T12:41:58","modified_gmt":"2017-11-20T12:41:58","slug":"a-porkoltfozes-jobban-ment","status":"publish","type":"post","link":"https:\/\/www.kardoskut.hu\/?p=713","title":{"rendered":"A p\u00f6rk\u00f6ltf\u0151z\u00e9s jobban ment"},"content":{"rendered":"<p><a href=\"http:\/\/new.kardoskut.hu\/wp-content\/uploads\/2017\/11\/morocz.jpg\"><img loading=\"lazy\" decoding=\"async\" class=\"alignleft wp-image-714 size-medium\" src=\"http:\/\/new.kardoskut.hu\/wp-content\/uploads\/2017\/11\/morocz-119x300.jpg\" alt=\"\" width=\"119\" height=\"300\" srcset=\"https:\/\/www.kardoskut.hu\/wp-content\/uploads\/2017\/11\/morocz-119x300.jpg 119w, https:\/\/www.kardoskut.hu\/wp-content\/uploads\/2017\/11\/morocz-768x1942.jpg 768w, https:\/\/www.kardoskut.hu\/wp-content\/uploads\/2017\/11\/morocz-405x1024.jpg 405w, https:\/\/www.kardoskut.hu\/wp-content\/uploads\/2017\/11\/morocz.jpg 1180w\" sizes=\"auto, (max-width: 119px) 100vw, 119px\" \/><\/a>Az \u00cdzek Fesztiv\u00e1lja ut\u00e1n egy h\u00e9ttel ism\u00e9t al\u00e1gy\u00fajtottunk a bogr\u00e1csoknak! A Kardosk\u00fatiak 40 f\u0151s csoportja az I. K\u00f6r\u00f6s\u00f6k-v\u00f6lgye Folkl\u00f3r Fesztiv\u00e1lra utazott el j\u00falius els\u0151 szombatj\u00e1n. A nap b\u0151velkedett kultur\u00e1lis programokban \u00e9s a r\u00e9sztvev\u0151 15 telep\u00fcl\u00e9s 16 f\u0151z\u0151csapata most marhap\u00f6rk\u00f6ltet f\u0151z\u00f6tt a neves zs\u0171ri el\u0151tt. M\u00e1r kora reggel elindultunk, hogy d\u00e9lre elk\u00e9sz\u00edtse a k\u00e9t kardosk\u00fati f\u0151z\u0151 &#8211; Hopka Ern\u0151 \u00e9s M\u00f3rocz Lajos &#8211; a p\u00f6rk\u00f6ltet. Teljesen m\u00e1s fort\u00e9ly szerint k\u00e9sz\u00fcltek a bogr\u00e1csokban a finom falatok, s Tarhos k\u00f6zpontja hamarosan megtelt a ligetb\u0151l felsz\u00e1ll\u00f3 illatokkal. Am\u00edg a bogr\u00e1csokban puhult a h\u00fas, addig nekil\u00e1ttunk a telep\u00fcl\u00e9s\u00fcnket bemutat\u00f3 s\u00e1tor-ki\u00e1ll\u00edt\u00e1s \u00f6ssze\u00e1ll\u00edt\u00e1s\u00e1nak. A kardosk\u00fati Feh\u00e9rt\u00f3 k\u00e9pei, poszterei mellett a helyi k\u00e9zm\u0171vess\u00e9g alkot\u00e1sait is ki\u00e1ll\u00edtottuk. Eb\u00e9d ut\u00e1n ker\u00fclt sor az eredm\u00e9nyhirdet\u00e9sre. Csoportunk m\u00e1r el\u0151bb is v\u00e9lem\u00e9ny\u00e9t nyilv\u00e1n\u00edtotta az \u00fcres t\u00e1ny\u00e9rokkal, hiszen j\u00f3\u00edz\u0171en elfogyasztottuk a finomra siker\u00fclt bogr\u00e1csosokat. A zs\u0171ri egy\u00f6ntet\u0171en az els\u0151 d\u00edjat M\u00f3rocz Lajos p\u00f6rk\u00f6ltj\u00e9nek \u00edt\u00e9lte, m\u00e1sik f\u0151z\u0151nk Hopka Ern\u0151 a tiszteletbeli negyedik helyet kapta. Sz\u00e9p eredm\u00e9nyeik a helyi p\u00f6rk\u00f6ltf\u0151z\u0151 hagyom\u00e1nyt dics\u00e9rik!<\/p>\n<p>Fiatalok, id\u0151sebbek egyar\u00e1nt j\u00f3kedv\u0171en \u00e9rkezt\u00fcnk haza e sz\u00e9p nap ut\u00e1n.<\/p>\n<p>Tov\u00e1bbi fot\u00f3k <a href=\"https:\/\/www.flickr.com\/photos\/kardoskuthu\/albums\/72157658941637358\">IDE<\/a> kattintva tekinthet\u0151ek meg.<\/p>\n","protected":false},"excerpt":{"rendered":"<p>Az \u00cdzek Fesztiv\u00e1lja ut\u00e1n egy h\u00e9ttel ism\u00e9t al\u00e1gy\u00fajtottunk a bogr\u00e1csoknak! A Kardosk\u00fatiak 40 f\u0151s csoportja az I. K\u00f6r\u00f6s\u00f6k-v\u00f6lgye Folkl\u00f3r Fesztiv\u00e1lra utazott el j\u00falius els\u0151 szombatj\u00e1n. A nap b\u0151velkedett kultur\u00e1lis programokban \u00e9s a r\u00e9sztvev\u0151 15 telep\u00fcl\u00e9s 16 f\u0151z\u0151csapata most marhap\u00f6rk\u00f6ltet f\u0151z\u00f6tt a neves zs\u0171ri el\u0151tt. M\u00e1r kora reggel elindultunk, hogy d\u00e9lre elk\u00e9sz\u00edtse a k\u00e9t kardosk\u00fati f\u0151z\u0151 &hellip; <\/p>\n<p class=\"link-more\"><a href=\"https:\/\/www.kardoskut.hu\/?p=713\" class=\"more-link\"><span class=\"screen-reader-text\">&#8222;A p\u00f6rk\u00f6ltf\u0151z\u00e9s jobban ment&#8221;<\/span> b\u0151vebben<\/a><\/p>\n","protected":false},"author":1,"featured_media":0,"comment_status":"closed","ping_status":"closed","sticky":false,"template":"","format":"standard","meta":{"footnotes":""},"categories":[9],"tags":[],"class_list":["post-713","post","type-post","status-publish","format-standard","hentry","category-9"],"_links":{"self":[{"href":"https:\/\/www.kardoskut.hu\/index.php?rest_route=\/wp\/v2\/posts\/713","targetHints":{"allow":["GET"]}}],"collection":[{"href":"https:\/\/www.kardoskut.hu\/index.php?rest_route=\/wp\/v2\/posts"}],"about":[{"href":"https:\/\/www.kardoskut.hu\/index.php?rest_route=\/wp\/v2\/types\/post"}],"author":[{"embeddable":true,"href":"https:\/\/www.kardoskut.hu\/index.php?rest_route=\/wp\/v2\/users\/1"}],"replies":[{"embeddable":true,"href":"https:\/\/www.kardoskut.hu\/index.php?rest_route=%2Fwp%2Fv2%2Fcomments&post=713"}],"version-history":[{"count":3,"href":"https:\/\/www.kardoskut.hu\/index.php?rest_route=\/wp\/v2\/posts\/713\/revisions"}],"predecessor-version":[{"id":717,"href":"https:\/\/www.kardoskut.hu\/index.php?rest_route=\/wp\/v2\/posts\/713\/revisions\/717"}],"wp:attachment":[{"href":"https:\/\/www.kardoskut.hu\/index.php?rest_route=%2Fwp%2Fv2%2Fmedia&parent=713"}],"wp:term":[{"taxonomy":"category","embeddable":true,"href":"https:\/\/www.kardoskut.hu\/index.php?rest_route=%2Fwp%2Fv2%2Fcategories&post=713"},{"taxonomy":"post_tag","embeddable":true,"href":"https:\/\/www.kardoskut.hu\/index.php?rest_route=%2Fwp%2Fv2%2Ftags&post=713"}],"curies":[{"name":"wp","href":"https:\/\/api.w.org\/{rel}","templated":true}]}}