{"id":710,"date":"2007-06-30T12:34:53","date_gmt":"2007-06-30T12:34:53","guid":{"rendered":"http:\/\/new.kardoskut.hu\/?p=710"},"modified":"2017-11-20T12:37:41","modified_gmt":"2017-11-20T12:37:41","slug":"izek-fesztivalja","status":"publish","type":"post","link":"https:\/\/www.kardoskut.hu\/?p=710","title":{"rendered":"\u00cdzek Fesztiv\u00e1lja"},"content":{"rendered":"<p><a href=\"http:\/\/new.kardoskut.hu\/wp-content\/uploads\/2017\/11\/if2007.jpg\"><img loading=\"lazy\" decoding=\"async\" class=\"alignnone size-full wp-image-711\" src=\"http:\/\/new.kardoskut.hu\/wp-content\/uploads\/2017\/11\/if2007.jpg\" alt=\"\" width=\"759\" height=\"276\" srcset=\"https:\/\/www.kardoskut.hu\/wp-content\/uploads\/2017\/11\/if2007.jpg 759w, https:\/\/www.kardoskut.hu\/wp-content\/uploads\/2017\/11\/if2007-300x109.jpg 300w\" sizes=\"auto, (max-width: 706px) 89vw, (max-width: 767px) 82vw, 740px\" \/><\/a><\/p>\n<p>Fot\u00f3gal\u00e9ria <a href=\"https:\/\/www.flickr.com\/photos\/kardoskuthu\/albums\/72157658937039470\">IDE<\/a> kattintva \u00e9rhet\u0151 el.<\/p>\n<p>Sz\u00e9p, k\u00f6nnyed ny\u00e1rias id\u0151ben vette kezdet\u00e9t a M\u00e1rcius 15. t\u00e9r parkj\u00e1ban az \u00cdzek Fesztiv\u00e1lja. N\u00e9gy telep\u00fcl\u00e9s &#8211; Csan\u00e1dap\u00e1ca, Gerend\u00e1s, Tarhos \u00e9s Kardosk\u00fat- k\u00e9pviseltette mag\u00e1t a fesztiv\u00e1l bogr\u00e1csguly\u00e1sf\u0151z\u0151 verseny\u00e9n illetve a fell\u00e9p\u0151k is ezen telep\u00fcl\u00e9sekr\u0151l j\u00f6ttek.<\/p>\n<p>M\u00e1r kora reggel meg\u00e9rkeztek a vid\u00e9ki csapatok a m\u0171vel\u0151d\u00e9si h\u00e1z udvar\u00e1ra, ahol hirtelen nagy lett a s\u00fcrg\u00e9s-forg\u00e1s. Hamarosan kellemes illatok j\u00e1rt\u00e1k be a k\u00f6rny\u00e9ket. Am\u00edg k\u00e9sz\u00fclt a sok bogr\u00e1csban a guly\u00e1s, addig a megnyit\u00f3\u00fcnneps\u00e9ggel kezdet\u00e9t vette a rendezv\u00e9ny a parkban. A megnyit\u00f3 \u00fcnneps\u00e9g keret\u00e9ben a k\u00f6sz\u00f6nt\u0151besz\u00e9dem ut\u00e1n felolvastam Dobrev Kl\u00e1ra, az Eg\u00e9szs\u00e9ges Telep\u00fcl\u00e9sek\u00e9rt Alap\u00edtv\u00e1ny kurat\u00f3riumi eln\u00f6k\u00e9nek a fesztiv\u00e1lra \u00edrt level\u00e9t, amelyben \u00fcdv\u00f6z\u00f6lte a k\u00f6zs\u00e9gek r\u00e9sztvev\u0151it \u00e9s p\u00e9ldaad\u00f3nak nevezte \u00f6sszefog\u00e1sunkat. A rendez\u0151 telep\u00fcl\u00e9sek nev\u00e9ben &#8211; mint a h\u00e1zigazda k\u00f6zs\u00e9g polg\u00e1rmestere- Ramasz Imre nyitotta meg a fesztiv\u00e1lt. A megnyit\u00f3\u00fcnneps\u00e9g ut\u00e1n Orovecz Ildik\u00f3, az Orosh\u00e1zi Tisztiorvosi Szolg\u00e1lat v\u00e9d\u0151n\u0151je az eg\u00e9szs\u00e9ges \u00e9letm\u00f3ddal \u00e9s t\u00e1pl\u00e1lkoz\u00e1ssal kapcsolatban el\u0151ad\u00e1st tartott a hallgat\u00f3s\u00e1gnak. Ezut\u00e1n vette kezdet\u00e9t a kultur\u00e1lis program, amely eg\u00e9szen d\u00e9lut\u00e1nig tartott. D\u00e9lre elk\u00e9sz\u00fcltek a finom bogr\u00e1csguly\u00e1sok. Nem voltak k\u00f6nny\u0171 helyzetben a zs\u0171ri tagjai, akik a telep\u00fcl\u00e9sek k\u00e9pviselet\u00e9ben v\u00e9gigk\u00f3stolt\u00e1k a 7 benevezett csapat \u00edzes f\u0151ztj\u00e9t. Egy\u00e9ni pontoz\u00e1s ut\u00e1n kialakult a sorrend: els\u0151 helyezett lett Medovarszki M\u00e1ty\u00e1s csapata Csan\u00e1dap\u00e1c\u00e1r\u00f3l, m\u00e1sodik helyen a Tarhosiak csapata v\u00e9gzett Fodr\u00e9n\u00e9 Istv\u00e1n M\u00e1ria vezet\u00e9s\u00e9vel, a harmadik d\u00edjat Sz\u00e1sz R\u00f3bert nyerte el csapat\u00e1val, akik Gerend\u00e1sr\u00f3l \u00e9rkeztek.<\/p>\n<p>Kora d\u00e9lut\u00e1nig t\u00f6bb mint sz\u00e1zan ig\u00e9nybe vett\u00e9k az eg\u00e9szs\u00e9g\u00fcgyi \u00e1llapotfelm\u00e9r\u00e9st a kardosk\u00fati Eg\u00e9szs\u00e9gh\u00e1z szakemberei seg\u00edts\u00e9g\u00e9vel.<\/p>\n<p>A fesztiv\u00e1l vend\u00e9gei a helyi m\u00e9h\u00e9szek &#8211; Somogyv\u00e1ri Zolt\u00e1n \u00e9s Bodrogi J\u00f3zsef- k\u00fcl\u00f6nb\u00f6z\u0151 fajta m\u00e9zeib\u0151l is k\u00f3stolgathattak. A nap folyam\u00e1n a M\u00f3ra Ferenc M\u0171vel\u0151d\u00e9si H\u00e1z nagyterm\u00e9ben \u00e9telbemutat\u00f3 is v\u00e1rta az \u00e9rdekl\u0151d\u0151ket. A helyi \u00e9s k\u00f6rny\u00e9kbeli \u00e9telspecialit\u00e1sokb\u00f3l, bioterm\u00e9kekb\u0151l \u00e9s k\u00e9sz\u00edtm\u00e9nyekb\u0151l k\u00f6z\u00f6s ki\u00e1ll\u00edt\u00e1st rendezett a n\u00e9gy szervez\u0151 telep\u00fcl\u00e9s. Nagyon sokan megcsod\u00e1lt\u00e1k \u00e9s megk\u00f3stolt\u00e1k a finoms\u00e1gokat. Az \u00e9telek receptjei az \u0151sz folyam\u00e1n kiad\u00e1sra ker\u00fcl\u0151 k\u00f6z\u00f6s kiadv\u00e1nyunkban is olvashat\u00f3ak lesznek, illetve a fesztiv\u00e1lr\u00f3l sz\u00f3l\u00f3 k\u00e9pes besz\u00e1mol\u00f3 is helyet kap majd a telep\u00fcl\u00e9sek bemutatkoz\u00f3 oldalai mellett.<\/p>\n<p>Remek kikapcsol\u00f3d\u00e1sra adott alkalmat minden vend\u00e9g sz\u00e1m\u00e1ra ez a sz\u00e9p szombati nap.<\/p>\n<p>J\u00falius 7-\u00e9n Tarhosra l\u00e1togatunk el a Kardosk\u00fatiakkat az I. K\u00f6r\u00f6s-v\u00f6lgyi Folkl\u00f3r Fesztiv\u00e1lra. Hamarosan tal\u00e1lkozunk a most megismert bar\u00e1tainkkal!<\/p>\n<p>Rem\u00e9lj\u00fck j\u00f6v\u0151re Csan\u00e1dap\u00e1c\u00e1n rendezhetj\u00fck meg a k\u00f6vetkez\u0151 \u00cdzek Fesztiv\u00e1lj\u00e1t!<\/p>\n<p>&nbsp;<\/p>\n<p>Kapcsol\u00f3d\u00f3 \u00edr\u00e1sok:<\/p>\n<p><strong>\u00a0<\/strong><\/p>\n<p><strong>Dobrev Kl\u00e1ra n\u00e9lk\u00fcl is az eg\u00e9szs\u00e9gmeg\u0151rz\u00e9s jegy\u00e9ben sz\u0171rtek Kardosk\u00faton<\/strong><br \/>\nhttp:\/\/www.beol.hu [2007-06-30 17:46:44]<\/p>\n<p>Gyurcs\u00e1ny Ferenc feles\u00e9g\u00e9nek, Dobrev Kl\u00e1r\u00e1nak a nev\u00e9hez f\u0171z\u0151d\u0151 Eg\u00e9szs\u00e9ges Telep\u00fcl\u00e9sek\u00e9rt Alap\u00edtv\u00e1ny p\u00e1ly\u00e1zat\u00e1n nyert Csan\u00e1dap\u00e1ca, Gerend\u00e1s, Kardosk\u00fat \u00e9s Tarhos az \u00edzek fesztiv\u00e1lj\u00e1ra p\u00e9nzt. Kardosk\u00fatra v\u00e1rt\u00e1k Dobrev Kl\u00e1r\u00e1t is szombaton, de ez\u00fattal elmaradt az alap\u00edtv\u00e1ny alap\u00edt\u00f3j\u00e1nak a l\u00e1togat\u00e1sa.<\/p>\n<p>A szervez\u0151k kedv\u00e9t ez sem szegte, a kisk\u00f6zs\u00e9g f\u0151ter\u00e9n, az uni\u00f3s j\u00e1tsz\u00f3t\u00e9ren sz\u0171rt\u00e9k a lakoss\u00e1got. A csan\u00e1dap\u00e1cai M\u00f3rocz Ildik\u00f3, a helyi Eg\u00e9szs\u00e9gterv koordin\u00e1tora el\u00e1rulta, v\u00e1ratlanul \u00e9rte \u0151ket az \u00e9rdekl\u0151d\u00e9s, sorok \u00e1lltak a v\u00e9rcukor m\u00e9r\u00e9s\u00e9n\u00e9l.<br \/>\nS mik\u00f6zben a feln\u0151ttek az eg\u00e9szs\u00e9g\u00fck\u00e9rt agg\u00f3dtak, a sz\u00ednpadon az \u00f6sszefog\u00e1sban jelesre vizsg\u00e1zott telep\u00fcl\u00e9sek sportos t\u00e1ncosai, n\u00e9pzen\u00e9szei, karat\u00e9sai l\u00e9ptek fel.<\/p>\n<p>Az \u00edzek fesztiv\u00e1lj\u00e1n h\u00e9t bogr\u00e1csban f\u0151tt a guly\u00e1s, a program v\u00e9g\u00e9n eredm\u00e9nyt is hirdettek, hogy kiknek a t\u00fcz\u00e9n k\u00e9sz\u00fclt a leg\u00edzletesebb eledel.<br \/>\nA csan\u00e1dap\u00e1cai Medovarszki M\u00e1ty\u00e1s g\u00e1rd\u00e1ja v\u00edvta ki az els\u0151s\u00e9get, m\u00e1sodik lett Tarhos, harmadik pedig a gerend\u00e1si Sz\u00e1sz R\u00f3bert csapata.<\/p>\n<p>cs.i.<\/p>\n<p><strong>Reggel \u00f3ta rotyog a guly\u00e1s Kardosk\u00faton<br \/>\n<\/strong>http:\/\/www.beol.hu [2007-06-30 10:34:13]<\/p>\n<p>\u00cdzek fesztiv\u00e1lja n\u00e9ven Kardosk\u00fat Csan\u00e1dap\u00e1ca, Gerend\u00e1s \u00e9s Tarhos telep\u00fcl\u00e9sek r\u00e9szv\u00e9tel\u00e9vel k\u00f6z\u00f6s gasztron\u00f3miai \u00e9s kultur\u00e1lis rendezv\u00e9ny zajlik szombat reggel \u00f3ta Kardosk\u00faton. Az Eg\u00e9szs\u00e9ges Telep\u00fcl\u00e9sek\u00e9rt Alap\u00edtv\u00e1nyt\u00f3l a n\u00e9gy telep\u00fcl\u00e9s k\u00f6z\u00f6sen nyert p\u00e1ly\u00e1zat \u00fatj\u00e1n anyagi hozz\u00e1j\u00e1rul\u00e1st, amelynek felhaszn\u00e1l\u00e1s\u00e1val \u00e9s kieg\u00e9sz\u00edt\u00e9s\u00e9vel szervezt\u00e9k meg a kultur\u00e1lis programokkal sz\u00ednes\u00edtett gasztron\u00f3miai rendezv\u00e9nyt. A telep\u00fcl\u00e9sekr\u0151l \u00e9rkez\u0151 egy\u00fcttesek, fell\u00e9p\u0151 csoportok mind-mind nagy \u00f6nzetlens\u00e9gr\u0151l tettek tan\u00fas\u00e1got, hiszen a k\u00f6z\u00f6s egy\u00fcttl\u00e9t\u00e9rt, kikapcsol\u00f3d\u00e1s\u00e9rt \u00e9s sz\u00f3rakoz\u00e1s\u00e9rt j\u00f6ttek el Kardosk\u00fatra. A nap folyam\u00e1n t\u00f6bb t\u00e1nc -n\u00e9pt\u00e1nc, modernt\u00e1nc \u00e9s aerobic-, illetve n\u00e9pzene \u00e9s f\u0151k\u00e9nt a fiataloknak sz\u00f3l\u00f3 mai modern zene is hallhat\u00f3 \u00e9s l\u00e1that\u00f3. Az \u00edzek fesztiv\u00e1lj\u00e1nak l\u00e1tv\u00e1nyos r\u00e9sze a f\u0151z\u0151verseny. A n\u00e9gy telep\u00fcl\u00e9sr\u0151l benevezett 2-2 csapat reggel \u00f3ta k\u00e9sz\u00edti specialit\u00e1s\u00e1t (bogr\u00e1csguly\u00e1s f\u0151z\u00e9s\u00e9ben kell a versenyz\u0151knek felcsillantani tud\u00e1sukat).<\/p>\n<p>cs.i.<\/p>\n","protected":false},"excerpt":{"rendered":"<p>Fot\u00f3gal\u00e9ria IDE kattintva \u00e9rhet\u0151 el. Sz\u00e9p, k\u00f6nnyed ny\u00e1rias id\u0151ben vette kezdet\u00e9t a M\u00e1rcius 15. t\u00e9r parkj\u00e1ban az \u00cdzek Fesztiv\u00e1lja. N\u00e9gy telep\u00fcl\u00e9s &#8211; Csan\u00e1dap\u00e1ca, Gerend\u00e1s, Tarhos \u00e9s Kardosk\u00fat- k\u00e9pviseltette mag\u00e1t a fesztiv\u00e1l bogr\u00e1csguly\u00e1sf\u0151z\u0151 verseny\u00e9n illetve a fell\u00e9p\u0151k is ezen telep\u00fcl\u00e9sekr\u0151l j\u00f6ttek. M\u00e1r kora reggel meg\u00e9rkeztek a vid\u00e9ki csapatok a m\u0171vel\u0151d\u00e9si h\u00e1z udvar\u00e1ra, ahol hirtelen nagy lett &hellip; <\/p>\n<p class=\"link-more\"><a href=\"https:\/\/www.kardoskut.hu\/?p=710\" class=\"more-link\"><span class=\"screen-reader-text\">&#8222;\u00cdzek Fesztiv\u00e1lja&#8221;<\/span> b\u0151vebben<\/a><\/p>\n","protected":false},"author":1,"featured_media":0,"comment_status":"closed","ping_status":"closed","sticky":false,"template":"","format":"standard","meta":{"footnotes":""},"categories":[9],"tags":[],"class_list":["post-710","post","type-post","status-publish","format-standard","hentry","category-9"],"_links":{"self":[{"href":"https:\/\/www.kardoskut.hu\/index.php?rest_route=\/wp\/v2\/posts\/710","targetHints":{"allow":["GET"]}}],"collection":[{"href":"https:\/\/www.kardoskut.hu\/index.php?rest_route=\/wp\/v2\/posts"}],"about":[{"href":"https:\/\/www.kardoskut.hu\/index.php?rest_route=\/wp\/v2\/types\/post"}],"author":[{"embeddable":true,"href":"https:\/\/www.kardoskut.hu\/index.php?rest_route=\/wp\/v2\/users\/1"}],"replies":[{"embeddable":true,"href":"https:\/\/www.kardoskut.hu\/index.php?rest_route=%2Fwp%2Fv2%2Fcomments&post=710"}],"version-history":[{"count":1,"href":"https:\/\/www.kardoskut.hu\/index.php?rest_route=\/wp\/v2\/posts\/710\/revisions"}],"predecessor-version":[{"id":712,"href":"https:\/\/www.kardoskut.hu\/index.php?rest_route=\/wp\/v2\/posts\/710\/revisions\/712"}],"wp:attachment":[{"href":"https:\/\/www.kardoskut.hu\/index.php?rest_route=%2Fwp%2Fv2%2Fmedia&parent=710"}],"wp:term":[{"taxonomy":"category","embeddable":true,"href":"https:\/\/www.kardoskut.hu\/index.php?rest_route=%2Fwp%2Fv2%2Fcategories&post=710"},{"taxonomy":"post_tag","embeddable":true,"href":"https:\/\/www.kardoskut.hu\/index.php?rest_route=%2Fwp%2Fv2%2Ftags&post=710"}],"curies":[{"name":"wp","href":"https:\/\/api.w.org\/{rel}","templated":true}]}}