{"id":6836,"date":"2024-03-15T13:29:50","date_gmt":"2024-03-15T13:29:50","guid":{"rendered":"https:\/\/www.kardoskut.hu\/?p=6836"},"modified":"2024-03-15T14:03:22","modified_gmt":"2024-03-15T14:03:22","slug":"fohajtassal-adoztunk-a-hosok-emleke-elott","status":"publish","type":"post","link":"https:\/\/www.kardoskut.hu\/?p=6836","title":{"rendered":"F\u0151hajt\u00e1ssal ad\u00f3ztunk a H\u0151s\u00f6k eml\u00e9ke el\u0151tt"},"content":{"rendered":"<p><a href=\"https:\/\/www.flickr.com\/photos\/kardoskuthu\/albums\/72177720315466803\"><img loading=\"lazy\" decoding=\"async\" class=\"alignnone size-large wp-image-6840\" src=\"https:\/\/www.kardoskut.hu\/wp-content\/uploads\/2024\/03\/20240314-053-2-1024x683.jpg\" alt=\"\" width=\"525\" height=\"350\" srcset=\"https:\/\/www.kardoskut.hu\/wp-content\/uploads\/2024\/03\/20240314-053-2-1024x683.jpg 1024w, https:\/\/www.kardoskut.hu\/wp-content\/uploads\/2024\/03\/20240314-053-2-300x200.jpg 300w, https:\/\/www.kardoskut.hu\/wp-content\/uploads\/2024\/03\/20240314-053-2-768x512.jpg 768w, https:\/\/www.kardoskut.hu\/wp-content\/uploads\/2024\/03\/20240314-053-2-1536x1024.jpg 1536w, https:\/\/www.kardoskut.hu\/wp-content\/uploads\/2024\/03\/20240314-053-2-2048x1365.jpg 2048w\" sizes=\"auto, (max-width: 525px) 100vw, 525px\" \/><\/a><br \/>\nTov\u00e1bbi fot\u00f3k\u00e9rt k\u00e9rem kattintson a fenti k\u00e9pre. (Fot\u00f3k: \u0150zse P\u00e9ter)<\/p>\n<p>Kardosk\u00fat k\u00f6zs\u00e9gben az \u00fcnnep el\u0151est\u00e9j\u00e9n h\u00edvtuk k\u00f6z\u00f6s megeml\u00e9kez\u00e9sre az \u00e9rdekl\u0151d\u0151ket. Varga P\u00e1l polg\u00e1rmester \u00fcnnepi besz\u00e9d\u00e9ben visszatekintett \u00e9s feleleven\u00edtette a forradalom \u00e9s szabads\u00e1gharc t\u00f6rt\u00e9n\u00e9seit. P\u00e1rhuzamot vont az egykori h\u0151s\u00f6k tettei \u00e9s a ma \u00e9l\u0151 nemzet k\u00f6teless\u00e9ge k\u00f6z\u00f6tt. A m\u0171vel\u0151d\u00e9si h\u00e1z nagyterm\u00e9ben a b\u00e9k\u00e9scsabai J\u00f3kai Sz\u00ednh\u00e1z m\u0171v\u00e9szeinek m\u0171sora z\u00e1rta a megeml\u00e9kez\u00e9s els\u0151 r\u00e9sz\u00e9t. A folytat\u00e1sban zenesz\u00f3 mellett f\u00e1kly\u00e1s felvonul\u00e1s indult Kardosk\u00fat utc\u00e1in. Meg\u00e9rkezve a M\u00e1rcius 15. t\u00e9rre, a H\u0151s\u00f6k Eml\u00e9km\u0171v\u00e9n\u00e9l a k\u00e9pvisel\u0151-test\u00fclet, a helyi civil szervezetek vezet\u0151i \u00e9s az eml\u00e9kez\u0151k r\u00f3tt\u00e1k le kegyelet\u00fcket. Az este t\u00e1bort\u0171z melletti besz\u00e9lget\u00e9ssel z\u00e1rult.<\/p>\n<p>VNB<\/p>\n","protected":false},"excerpt":{"rendered":"<p>Tov\u00e1bbi fot\u00f3k\u00e9rt k\u00e9rem kattintson a fenti k\u00e9pre. (Fot\u00f3k: \u0150zse P\u00e9ter) Kardosk\u00fat k\u00f6zs\u00e9gben az \u00fcnnep el\u0151est\u00e9j\u00e9n h\u00edvtuk k\u00f6z\u00f6s megeml\u00e9kez\u00e9sre az \u00e9rdekl\u0151d\u0151ket. Varga P\u00e1l polg\u00e1rmester \u00fcnnepi besz\u00e9d\u00e9ben visszatekintett \u00e9s feleleven\u00edtette a forradalom \u00e9s szabads\u00e1gharc t\u00f6rt\u00e9n\u00e9seit. P\u00e1rhuzamot vont az egykori h\u0151s\u00f6k tettei \u00e9s a ma \u00e9l\u0151 nemzet k\u00f6teless\u00e9ge k\u00f6z\u00f6tt. A m\u0171vel\u0151d\u00e9si h\u00e1z nagyterm\u00e9ben a b\u00e9k\u00e9scsabai J\u00f3kai Sz\u00ednh\u00e1z m\u0171v\u00e9szeinek &hellip; <\/p>\n<p class=\"link-more\"><a href=\"https:\/\/www.kardoskut.hu\/?p=6836\" class=\"more-link\"><span class=\"screen-reader-text\">&#8222;F\u0151hajt\u00e1ssal ad\u00f3ztunk a H\u0151s\u00f6k eml\u00e9ke el\u0151tt&#8221;<\/span> b\u0151vebben<\/a><\/p>\n","protected":false},"author":1,"featured_media":0,"comment_status":"closed","ping_status":"closed","sticky":false,"template":"","format":"standard","meta":{"footnotes":""},"categories":[1],"tags":[],"class_list":["post-6836","post","type-post","status-publish","format-standard","hentry","category-egyeb"],"_links":{"self":[{"href":"https:\/\/www.kardoskut.hu\/index.php?rest_route=\/wp\/v2\/posts\/6836","targetHints":{"allow":["GET"]}}],"collection":[{"href":"https:\/\/www.kardoskut.hu\/index.php?rest_route=\/wp\/v2\/posts"}],"about":[{"href":"https:\/\/www.kardoskut.hu\/index.php?rest_route=\/wp\/v2\/types\/post"}],"author":[{"embeddable":true,"href":"https:\/\/www.kardoskut.hu\/index.php?rest_route=\/wp\/v2\/users\/1"}],"replies":[{"embeddable":true,"href":"https:\/\/www.kardoskut.hu\/index.php?rest_route=%2Fwp%2Fv2%2Fcomments&post=6836"}],"version-history":[{"count":3,"href":"https:\/\/www.kardoskut.hu\/index.php?rest_route=\/wp\/v2\/posts\/6836\/revisions"}],"predecessor-version":[{"id":6842,"href":"https:\/\/www.kardoskut.hu\/index.php?rest_route=\/wp\/v2\/posts\/6836\/revisions\/6842"}],"wp:attachment":[{"href":"https:\/\/www.kardoskut.hu\/index.php?rest_route=%2Fwp%2Fv2%2Fmedia&parent=6836"}],"wp:term":[{"taxonomy":"category","embeddable":true,"href":"https:\/\/www.kardoskut.hu\/index.php?rest_route=%2Fwp%2Fv2%2Fcategories&post=6836"},{"taxonomy":"post_tag","embeddable":true,"href":"https:\/\/www.kardoskut.hu\/index.php?rest_route=%2Fwp%2Fv2%2Ftags&post=6836"}],"curies":[{"name":"wp","href":"https:\/\/api.w.org\/{rel}","templated":true}]}}