{"id":6283,"date":"2023-04-20T13:33:51","date_gmt":"2023-04-20T13:33:51","guid":{"rendered":"https:\/\/www.kardoskut.hu\/?p=6283"},"modified":"2023-04-20T13:33:51","modified_gmt":"2023-04-20T13:33:51","slug":"alapellatasi-ugyeleti-rendszer","status":"publish","type":"post","link":"https:\/\/www.kardoskut.hu\/?p=6283","title":{"rendered":"Alapell\u00e1t\u00e1si \u00fcgyeleti rendszer"},"content":{"rendered":"<p style=\"text-align: center;\" data-wahfont=\"16\"><span style=\"color: #ff0000;\"><strong>Egys\u00e9ges alapell\u00e1t\u00e1si \u00fcgyeleti rendszer<\/strong><strong> indul B\u00e9k\u00e9s v\u00e1rmegy\u00e9ben<br \/>\n<span style=\"font-size: 18pt;\">2023. m\u00e1jus 1-t\u0151l.<\/span> <\/strong><\/span><\/p>\n<p style=\"text-align: center;\" data-wahfont=\"16\"><span style=\"font-size: 18pt;\"><strong><span style=\"color: #ff0000;\">A telefonsz\u00e1m 1830.<\/span> <\/strong><\/span><\/p>\n<p style=\"text-align: center;\" data-wahfont=\"16\"><strong>Az Orsz\u00e1ggy\u0171l\u00e9s \u00e1ltal 2022. decemberben elfogadott<\/strong><strong>,<\/strong><strong> eg\u00e9szs\u00e9g\u00fcgyi alapell\u00e1t\u00e1sr\u00f3l sz\u00f3l\u00f3 t\u00f6rv\u00e9nynek megfelel\u0151en fokozatosan megkezd\u0151d<\/strong><strong>\u00f6tt<\/strong><strong> az \u00faj, egys\u00e9ges \u00fcgyeleti rendszer bevezet\u00e9se<\/strong><strong> Magyarorsz\u00e1gon<\/strong><strong>.\u00a0<\/strong>Az alapell\u00e1t\u00e1si \u00fcgyeletet 2023. m\u00e1jus 1-t\u0151l <strong>B\u00e9k\u00e9s<\/strong>\u00a0v\u00e1rmegy\u00e9ben is, majd az idei \u00e9v v\u00e9g\u00e9ig fokozatosan bevezetve az orsz\u00e1g eg\u00e9sz ter\u00fclet\u00e9n egys\u00e9ges, k\u00e9t elemb\u0151l \u00e1ll\u00f3, betegk\u00f6zpont\u00fa rendszerrel (h\u00e1ziorvosi \u00fcgyeleti rendel\u00e9s \u00e9s s\u00fcrg\u0151ss\u00e9gi \u00fcgyelet) biztos\u00edtjuk minden r\u00e1szorul\u00f3 sz\u00e1m\u00e1ra.\u00a0Az \u00faj \u00fcgyelet telefonsz\u00e1ma feln\u0151ttek \u00e9s gyermekek eset\u00e9ben is egys\u00e9gesen <strong>1830<\/strong>. A v\u00e1ltoz\u00e1sig a t\u00f6bbi v\u00e1rmegy\u00e9ben az eddig megszokott rend szerint zajlik az alapell\u00e1t\u00e1si \u00fcgyelet. Az a c\u00e9l, hogy a j\u00f6v\u0151 \u00e9v elej\u00e9re Budapest kiv\u00e9tel\u00e9vel az eg\u00e9sz orsz\u00e1gban egys\u00e9ges, a betegek sz\u00e1m\u00e1ra az eddigin\u00e9l jobb ell\u00e1t\u00e1st biztos\u00edt\u00f3, a s\u00fcrg\u0151ss\u00e9gi ell\u00e1t\u00f3rendszer elemeivel \u00f6sszekapcsolt \u00fcgyeleti rendszer m\u0171k\u00f6dj\u00f6n.<\/p>\n<p style=\"text-align: center;\" data-wahfont=\"16\"><a href=\"https:\/\/www.kardoskut.hu\/wp-content\/uploads\/2023\/04\/342806087_746016060519072_2004774762274534326_n.jpg\"><img loading=\"lazy\" decoding=\"async\" class=\"alignnone size-full wp-image-6284\" src=\"https:\/\/www.kardoskut.hu\/wp-content\/uploads\/2023\/04\/342806087_746016060519072_2004774762274534326_n.jpg\" alt=\"\" width=\"648\" height=\"960\" srcset=\"https:\/\/www.kardoskut.hu\/wp-content\/uploads\/2023\/04\/342806087_746016060519072_2004774762274534326_n.jpg 648w, https:\/\/www.kardoskut.hu\/wp-content\/uploads\/2023\/04\/342806087_746016060519072_2004774762274534326_n-203x300.jpg 203w\" sizes=\"auto, (max-width: 648px) 100vw, 648px\" \/><\/a><\/p>\n","protected":false},"excerpt":{"rendered":"<p>Egys\u00e9ges alapell\u00e1t\u00e1si \u00fcgyeleti rendszer indul B\u00e9k\u00e9s v\u00e1rmegy\u00e9ben 2023. m\u00e1jus 1-t\u0151l. A telefonsz\u00e1m 1830. Az Orsz\u00e1ggy\u0171l\u00e9s \u00e1ltal 2022. decemberben elfogadott, eg\u00e9szs\u00e9g\u00fcgyi alapell\u00e1t\u00e1sr\u00f3l sz\u00f3l\u00f3 t\u00f6rv\u00e9nynek megfelel\u0151en fokozatosan megkezd\u0151d\u00f6tt az \u00faj, egys\u00e9ges \u00fcgyeleti rendszer bevezet\u00e9se Magyarorsz\u00e1gon.\u00a0Az alapell\u00e1t\u00e1si \u00fcgyeletet 2023. m\u00e1jus 1-t\u0151l B\u00e9k\u00e9s\u00a0v\u00e1rmegy\u00e9ben is, majd az idei \u00e9v v\u00e9g\u00e9ig fokozatosan bevezetve az orsz\u00e1g eg\u00e9sz ter\u00fclet\u00e9n egys\u00e9ges, k\u00e9t elemb\u0151l \u00e1ll\u00f3, &hellip; <\/p>\n<p class=\"link-more\"><a href=\"https:\/\/www.kardoskut.hu\/?p=6283\" class=\"more-link\"><span class=\"screen-reader-text\">&#8222;Alapell\u00e1t\u00e1si \u00fcgyeleti rendszer&#8221;<\/span> b\u0151vebben<\/a><\/p>\n","protected":false},"author":1,"featured_media":0,"comment_status":"closed","ping_status":"closed","sticky":false,"template":"","format":"standard","meta":{"footnotes":""},"categories":[1],"tags":[],"class_list":["post-6283","post","type-post","status-publish","format-standard","hentry","category-egyeb"],"_links":{"self":[{"href":"https:\/\/www.kardoskut.hu\/index.php?rest_route=\/wp\/v2\/posts\/6283","targetHints":{"allow":["GET"]}}],"collection":[{"href":"https:\/\/www.kardoskut.hu\/index.php?rest_route=\/wp\/v2\/posts"}],"about":[{"href":"https:\/\/www.kardoskut.hu\/index.php?rest_route=\/wp\/v2\/types\/post"}],"author":[{"embeddable":true,"href":"https:\/\/www.kardoskut.hu\/index.php?rest_route=\/wp\/v2\/users\/1"}],"replies":[{"embeddable":true,"href":"https:\/\/www.kardoskut.hu\/index.php?rest_route=%2Fwp%2Fv2%2Fcomments&post=6283"}],"version-history":[{"count":1,"href":"https:\/\/www.kardoskut.hu\/index.php?rest_route=\/wp\/v2\/posts\/6283\/revisions"}],"predecessor-version":[{"id":6285,"href":"https:\/\/www.kardoskut.hu\/index.php?rest_route=\/wp\/v2\/posts\/6283\/revisions\/6285"}],"wp:attachment":[{"href":"https:\/\/www.kardoskut.hu\/index.php?rest_route=%2Fwp%2Fv2%2Fmedia&parent=6283"}],"wp:term":[{"taxonomy":"category","embeddable":true,"href":"https:\/\/www.kardoskut.hu\/index.php?rest_route=%2Fwp%2Fv2%2Fcategories&post=6283"},{"taxonomy":"post_tag","embeddable":true,"href":"https:\/\/www.kardoskut.hu\/index.php?rest_route=%2Fwp%2Fv2%2Ftags&post=6283"}],"curies":[{"name":"wp","href":"https:\/\/api.w.org\/{rel}","templated":true}]}}