{"id":6137,"date":"2023-01-11T09:21:41","date_gmt":"2023-01-11T09:21:41","guid":{"rendered":"https:\/\/www.kardoskut.hu\/?p=6137"},"modified":"2023-01-11T10:50:15","modified_gmt":"2023-01-11T10:50:15","slug":"bucsuzunk-katika","status":"publish","type":"post","link":"https:\/\/www.kardoskut.hu\/?p=6137","title":{"rendered":"B\u00facs\u00fazunk Katika!"},"content":{"rendered":"<p><a href=\"https:\/\/www.kardoskut.hu\/wp-content\/uploads\/2023\/01\/51639980512_d3ee31d033_o.jpg\"><img loading=\"lazy\" decoding=\"async\" class=\"size-full wp-image-6138 alignleft\" src=\"https:\/\/www.kardoskut.hu\/wp-content\/uploads\/2023\/01\/51639980512_d3ee31d033_o.jpg\" alt=\"\" width=\"122\" height=\"187\" \/><\/a>2022 kar\u00e1csony\u00e1n, 66 \u00e9ves kor\u00e1ban csendben elt\u00e1vozott a Kardosk\u00fatiak szeretett k\u00e9zm\u0171vese, Andr\u00e9k\u00f3 P\u00e1ln\u00e9 Katika. Nemzed\u00e9kek n\u0151ttek fel a t\u00f6bb \u00e9vtizedes munk\u00e1ss\u00e1ga alatt, amely hossz\u00fa szakmai fejl\u0151d\u00e9sen \u00e1t vezetett. Aki ismerte, tudta elhivatotts\u00e1g\u00e1t, amely szinte a fanatizmus hat\u00e1r\u00e1t s\u00farol\u00f3 szenved\u00e9ly volt. Amikor szakmai munk\u00e1j\u00e1r\u00f3l besz\u00e9lt, els\u0151k\u00e9nt mindig h\u00e1rom saj\u00e1t l\u00e1nygyermekeivel kezdte, akikn\u00e9l is a j\u00e1t\u00e9kot \u00e9s az alkot\u00e1s \u00f6r\u00f6m\u00e9t haszn\u00e1lta fel fejleszt\u00e9sk\u00e9nt. A szalmafon\u00e1s, csuh\u00e9z\u00e1s n\u00e1luk a mindennapok r\u00e9sze volt, amelyhez a k\u00e9s\u0151bbiekben a m\u00e9zeskal\u00e1csd\u00edsz\u00edt\u00e9s is t\u00e1rsult. Fiatalk\u00e9nt autodidakta m\u00f3don kezdte saj\u00e1t maga \u00e9s csal\u00e1dja \u00f6r\u00f6m\u00e9re k\u00e9sz\u00edteni a k\u00e9zm\u0171ves term\u00e9keket. Elhivatotts\u00e1g\u00e1t mi sem jelzi jobban, mint az, hogy folyamatosan \u00f6szt\u00f6n\u00f6zte mag\u00e1t, hogy el\u0151r\u00e9bb jusson a tud\u00e1sban, a szakmai gyakorlatokban. F\u0151\u00e1ll\u00e1s\u00fa munkahelye, csal\u00e1dja \u00e9s a rendezv\u00e9nyeken val\u00f3 k\u00f6zrem\u0171k\u00f6d\u00e9sek mellett sem r\u00f6stellt tanfolyamokon, k\u00e9pz\u00e9seken r\u00e9szt venni. \u00d6r\u00f6mmel nyugt\u00e1zta, amikor megszerezte a j\u00e1tsz\u00f3h\u00e1zas v\u00e9gzetts\u00e9get. V\u00e9gre pap\u00edrom is van r\u00f3la! \u2013 mondta. J\u00f3 kapcsolatot \u00e1polt a B\u00e9k\u00e9s Megyei N\u00e9pm\u0171v\u00e9szeti Egyes\u00fclettel, j\u00f3 sz\u00edvvel emlegette a b\u00e9k\u00e9scsabaiakat, akikkel sz\u00e1mtalan programon, orsz\u00e1gos ki\u00e1ll\u00edt\u00e1son vett r\u00e9szt. M\u0171v\u00e9szeti csoporttags\u00e1ga volt a Kiss \u00c1ron J\u00e1t\u00e9kt\u00e1rsas\u00e1gn\u00e1l.\u00a0 A Hagyom\u00e1nyok H\u00e1z\u00e1ban is sz\u00e1mtalanszor megfordult, munk\u00e1j\u00e1t elismer\u00e9sek sora dics\u00e9ri, sz\u00e1mtalan alkot\u00e1sa zs\u0171rizett lett. Hossz\u00fa \u00e9veken \u00e1t alkot\u00f3t\u00e1rsa G\u00e1ln\u00e9 Csizmadia Anik\u00f3 orosh\u00e1zi k\u00e9zm\u0171ves volt, akivel sz\u00e1mtalan Feh\u00e9rt\u00f3 napj\u00e1n \u00e9s sok ki\u00e1ll\u00edt\u00e1son, p\u00e1ly\u00e1zaton vettek r\u00e9szt sz\u00e9p eredm\u00e9nnyel. Kardosk\u00faton 2017-ben az \u00f6nkorm\u00e1nyzat munk\u00e1ss\u00e1ga elismer\u00e9sek\u00e9nt a Kardosk\u00fat K\u00f6zs\u00e9g\u00e9rt kit\u00fcntet\u00e9st adom\u00e1nyozta r\u00e9sz\u00e9re.<\/p>\n<p>Alap\u00edt\u00f3tagja volt a Kardosk\u00fati Falusz\u00e9p\u00edt\u0151 \u00e9s Turisztikai Egyes\u00fcletnek, s az Oncsa-h\u00e1z\u00e9rt Egyes\u00fcletnek. K\u00e9zm\u0171ves szakk\u00f6rt vezetett a kardosk\u00fati kult\u00farh\u00e1zban \u00e9s egy\u00e9nileg is k\u00e9sz\u00edtett fel gyerekeket k\u00e9zm\u0171ves p\u00e1ly\u00e1zatokra. Szerette a m\u0171vel\u0151d\u00e9si h\u00e1zas k\u00e9zm\u0171ves foglalkoz\u00e1sokat, \u00f6r\u00f6mmel j\u00f6tt a gyerekek k\u00f6z\u00e9, hiszen vallotta: kiemelt c\u00e9lom a gyermekek kultur\u00e1lt sz\u00f3rakoztat\u00e1sa. A k\u00f6zs\u00e9gi rendezv\u00e9nyeknek, programoknak elmaradhatatlan k\u00e9zm\u0171ves r\u00e9sztvev\u0151jek\u00e9nt alkothattunk vele, ahol Katika \u00e9s M\u00f3nika l\u00e1nyai is seg\u00edtett\u00e9k a j\u00e1tsz\u00f3h\u00e1zi foglalkoz\u00e1sokban.<\/p>\n<p>2022 tavasz\u00e1n Csilla l\u00e1ny\u00e1\u00e9k csal\u00e1dost\u00f3l visszak\u00f6lt\u00f6ztek a faluba, a csal\u00e1di f\u00e9szek k\u00f6zel\u00e9be, ahol Katika az unok\u00e1kkal is nagy \u00f6r\u00f6mmel foglalatoskodott. Sajnos nagyon kev\u00e9s id\u0151 maradt a k\u00f6z\u00f6s j\u00e1t\u00e9kra, mert a szeretett nagymama hirtelen elt\u00e1vozott k\u00f6z\u00fcl\u00fck.<\/p>\n<p>A M\u00f3ra Ferenc K\u00f6z\u00f6ss\u00e9gi Sz\u00ednt\u00e9r munkat\u00e1rsai, a kardosk\u00fati gyerekek, az \u00e9vek alatt felcseperedett gener\u00e1ci\u00f3k gyermekei \u00e9s mindenki, aki ismerte \u00e9s tisztelte, sz\u00e9p eml\u00e9kekkel \u0151rizz\u00fck kedves szem\u00e9ly\u00e9t.<\/p>\n<p><strong>Kardosk\u00fat K\u00f6zs\u00e9g \u00d6nkorm\u00e1nyzata n\u00e9hai Andr\u00e9k\u00f3 P\u00e1ln\u00e9t saj\u00e1t halottj\u00e1nak tekinti.<\/strong><\/p>\n<p>Nyugodj\u00e9k b\u00e9k\u00e9ben!<\/p>\n<p><em>\u201eAlkotni j\u00f3, olyat k\u00e9sz\u00edteni, ami m\u00e1snak nem jut az esz\u00e9be, az m\u00e9g jobb. T\u00e1rgyaim sok\u00e1ig csak gondolati szinten l\u00e9teztek. Azt\u00e1n egyszer csak minden a hely\u00e9re ker\u00fclt!\u201d (Andr\u00e9k\u00f3 P\u00e1ln\u00e9)<\/em><\/p>\n<p>&nbsp;<\/p>\n","protected":false},"excerpt":{"rendered":"<p>2022 kar\u00e1csony\u00e1n, 66 \u00e9ves kor\u00e1ban csendben elt\u00e1vozott a Kardosk\u00fatiak szeretett k\u00e9zm\u0171vese, Andr\u00e9k\u00f3 P\u00e1ln\u00e9 Katika. Nemzed\u00e9kek n\u0151ttek fel a t\u00f6bb \u00e9vtizedes munk\u00e1ss\u00e1ga alatt, amely hossz\u00fa szakmai fejl\u0151d\u00e9sen \u00e1t vezetett. Aki ismerte, tudta elhivatotts\u00e1g\u00e1t, amely szinte a fanatizmus hat\u00e1r\u00e1t s\u00farol\u00f3 szenved\u00e9ly volt. Amikor szakmai munk\u00e1j\u00e1r\u00f3l besz\u00e9lt, els\u0151k\u00e9nt mindig h\u00e1rom saj\u00e1t l\u00e1nygyermekeivel kezdte, akikn\u00e9l is a j\u00e1t\u00e9kot \u00e9s &hellip; <\/p>\n<p class=\"link-more\"><a href=\"https:\/\/www.kardoskut.hu\/?p=6137\" class=\"more-link\"><span class=\"screen-reader-text\">&#8222;B\u00facs\u00fazunk Katika!&#8221;<\/span> b\u0151vebben<\/a><\/p>\n","protected":false},"author":1,"featured_media":0,"comment_status":"closed","ping_status":"closed","sticky":false,"template":"","format":"standard","meta":{"footnotes":""},"categories":[1],"tags":[],"class_list":["post-6137","post","type-post","status-publish","format-standard","hentry","category-egyeb"],"_links":{"self":[{"href":"https:\/\/www.kardoskut.hu\/index.php?rest_route=\/wp\/v2\/posts\/6137","targetHints":{"allow":["GET"]}}],"collection":[{"href":"https:\/\/www.kardoskut.hu\/index.php?rest_route=\/wp\/v2\/posts"}],"about":[{"href":"https:\/\/www.kardoskut.hu\/index.php?rest_route=\/wp\/v2\/types\/post"}],"author":[{"embeddable":true,"href":"https:\/\/www.kardoskut.hu\/index.php?rest_route=\/wp\/v2\/users\/1"}],"replies":[{"embeddable":true,"href":"https:\/\/www.kardoskut.hu\/index.php?rest_route=%2Fwp%2Fv2%2Fcomments&post=6137"}],"version-history":[{"count":3,"href":"https:\/\/www.kardoskut.hu\/index.php?rest_route=\/wp\/v2\/posts\/6137\/revisions"}],"predecessor-version":[{"id":6141,"href":"https:\/\/www.kardoskut.hu\/index.php?rest_route=\/wp\/v2\/posts\/6137\/revisions\/6141"}],"wp:attachment":[{"href":"https:\/\/www.kardoskut.hu\/index.php?rest_route=%2Fwp%2Fv2%2Fmedia&parent=6137"}],"wp:term":[{"taxonomy":"category","embeddable":true,"href":"https:\/\/www.kardoskut.hu\/index.php?rest_route=%2Fwp%2Fv2%2Fcategories&post=6137"},{"taxonomy":"post_tag","embeddable":true,"href":"https:\/\/www.kardoskut.hu\/index.php?rest_route=%2Fwp%2Fv2%2Ftags&post=6137"}],"curies":[{"name":"wp","href":"https:\/\/api.w.org\/{rel}","templated":true}]}}