{"id":6065,"date":"2022-12-11T17:44:59","date_gmt":"2022-12-11T17:44:59","guid":{"rendered":"https:\/\/www.kardoskut.hu\/?p=6065"},"modified":"2022-12-11T17:44:59","modified_gmt":"2022-12-11T17:44:59","slug":"az-orom-vasarnapjan","status":"publish","type":"post","link":"https:\/\/www.kardoskut.hu\/?p=6065","title":{"rendered":"Az \u00f6r\u00f6m vas\u00e1rnapj\u00e1n"},"content":{"rendered":"<p><a href=\"https:\/\/www.flickr.com\/photos\/kardoskuthu\/albums\/72177720304371202\"><img loading=\"lazy\" decoding=\"async\" class=\"alignnone size-large wp-image-6066\" src=\"https:\/\/www.kardoskut.hu\/wp-content\/uploads\/2022\/12\/20221211_163309-1024x498.jpg\" alt=\"\" width=\"525\" height=\"255\" srcset=\"https:\/\/www.kardoskut.hu\/wp-content\/uploads\/2022\/12\/20221211_163309-1024x498.jpg 1024w, https:\/\/www.kardoskut.hu\/wp-content\/uploads\/2022\/12\/20221211_163309-300x146.jpg 300w, https:\/\/www.kardoskut.hu\/wp-content\/uploads\/2022\/12\/20221211_163309-768x374.jpg 768w, https:\/\/www.kardoskut.hu\/wp-content\/uploads\/2022\/12\/20221211_163309.jpg 1391w\" sizes=\"auto, (max-width: 525px) 100vw, 525px\" \/><\/a><br \/>\nTov\u00e1bbi fot\u00f3k\u00e9rt k\u00e9rem kattintson a fenti k\u00e9pre. (Fot\u00f3k: TK)<\/p>\n<p>A harmadik gyertya meggy\u00fajt\u00e1s\u00e1val folytat\u00f3dott az adventi h\u00e9tv\u00e9g\u00e9k sorozata. Verses- zen\u00e9s \u00fcnnepi m\u0171sorral a Kardosk\u00fati F\u0151nix Kultur\u00e1lis Egyes\u00fclet tagjai \u00f6rvendeztett\u00e9k meg a r\u00e9sztvev\u0151ket. Vend\u00e9g\u00fcnk P\u00e1pai Attila evang\u00e9likus lelk\u00e9sz volt Gyul\u00e1r\u00f3l, aki csal\u00e1di-bar\u00e1ti sz\u00e1lakkal f\u0171z\u0151dik telep\u00fcl\u00e9s\u00fcnkh\u00f6z. T\u00f6bb \u00e9ve visszat\u00e9r hozz\u00e1nk ilyent\u00e1jt, hogy gondolataival r\u00e1hangoljon minket az \u00fcnnepv\u00e1r\u00e1sra. A kedvez\u0151tlen es\u0151s id\u0151j\u00e1r\u00e1s miatt a kult\u00farh\u00e1z el\u0151ter\u00e9ben gy\u0171lt\u00fcnk \u00f6ssze, ahol h\u00e9tr\u0151l h\u00e9tre egyre t\u00f6bben r\u00e9szt vesznek alkalmainkon. Az utols\u00f3 h\u00e9tv\u00e9g\u00e9n 16 \u00f3r\u00e1t\u00f3l a gyertyagy\u00fajt\u00e1s mellett a k\u00f6zs\u00e9gi kar\u00e1csonyi \u00fcnneps\u00e9get tartjuk a nagyteremben, el\u0151tte 15 \u00f3r\u00e1t\u00f3l szentmis\u00e9t tart Tracsek Oszk\u00e1r pl\u00e9b\u00e1nos.<\/p>\n","protected":false},"excerpt":{"rendered":"<p>Tov\u00e1bbi fot\u00f3k\u00e9rt k\u00e9rem kattintson a fenti k\u00e9pre. (Fot\u00f3k: TK) A harmadik gyertya meggy\u00fajt\u00e1s\u00e1val folytat\u00f3dott az adventi h\u00e9tv\u00e9g\u00e9k sorozata. Verses- zen\u00e9s \u00fcnnepi m\u0171sorral a Kardosk\u00fati F\u0151nix Kultur\u00e1lis Egyes\u00fclet tagjai \u00f6rvendeztett\u00e9k meg a r\u00e9sztvev\u0151ket. Vend\u00e9g\u00fcnk P\u00e1pai Attila evang\u00e9likus lelk\u00e9sz volt Gyul\u00e1r\u00f3l, aki csal\u00e1di-bar\u00e1ti sz\u00e1lakkal f\u0171z\u0151dik telep\u00fcl\u00e9s\u00fcnkh\u00f6z. T\u00f6bb \u00e9ve visszat\u00e9r hozz\u00e1nk ilyent\u00e1jt, hogy gondolataival r\u00e1hangoljon minket az \u00fcnnepv\u00e1r\u00e1sra. &hellip; <\/p>\n<p class=\"link-more\"><a href=\"https:\/\/www.kardoskut.hu\/?p=6065\" class=\"more-link\"><span class=\"screen-reader-text\">&#8222;Az \u00f6r\u00f6m vas\u00e1rnapj\u00e1n&#8221;<\/span> b\u0151vebben<\/a><\/p>\n","protected":false},"author":1,"featured_media":0,"comment_status":"closed","ping_status":"closed","sticky":false,"template":"","format":"standard","meta":{"footnotes":""},"categories":[1],"tags":[],"class_list":["post-6065","post","type-post","status-publish","format-standard","hentry","category-egyeb"],"_links":{"self":[{"href":"https:\/\/www.kardoskut.hu\/index.php?rest_route=\/wp\/v2\/posts\/6065","targetHints":{"allow":["GET"]}}],"collection":[{"href":"https:\/\/www.kardoskut.hu\/index.php?rest_route=\/wp\/v2\/posts"}],"about":[{"href":"https:\/\/www.kardoskut.hu\/index.php?rest_route=\/wp\/v2\/types\/post"}],"author":[{"embeddable":true,"href":"https:\/\/www.kardoskut.hu\/index.php?rest_route=\/wp\/v2\/users\/1"}],"replies":[{"embeddable":true,"href":"https:\/\/www.kardoskut.hu\/index.php?rest_route=%2Fwp%2Fv2%2Fcomments&post=6065"}],"version-history":[{"count":1,"href":"https:\/\/www.kardoskut.hu\/index.php?rest_route=\/wp\/v2\/posts\/6065\/revisions"}],"predecessor-version":[{"id":6067,"href":"https:\/\/www.kardoskut.hu\/index.php?rest_route=\/wp\/v2\/posts\/6065\/revisions\/6067"}],"wp:attachment":[{"href":"https:\/\/www.kardoskut.hu\/index.php?rest_route=%2Fwp%2Fv2%2Fmedia&parent=6065"}],"wp:term":[{"taxonomy":"category","embeddable":true,"href":"https:\/\/www.kardoskut.hu\/index.php?rest_route=%2Fwp%2Fv2%2Fcategories&post=6065"},{"taxonomy":"post_tag","embeddable":true,"href":"https:\/\/www.kardoskut.hu\/index.php?rest_route=%2Fwp%2Fv2%2Ftags&post=6065"}],"curies":[{"name":"wp","href":"https:\/\/api.w.org\/{rel}","templated":true}]}}