{"id":5869,"date":"2022-08-07T20:29:49","date_gmt":"2022-08-07T20:29:49","guid":{"rendered":"https:\/\/www.kardoskut.hu\/?p=5869"},"modified":"2022-08-07T20:29:49","modified_gmt":"2022-08-07T20:29:49","slug":"ket-het-tartalmas-kikapcsolodas-erzsebet-tabor-2022","status":"publish","type":"post","link":"https:\/\/www.kardoskut.hu\/?p=5869","title":{"rendered":"K\u00e9t h\u00e9t tartalmas kikapcsol\u00f3d\u00e1s &#8211; Erzs\u00e9bet t\u00e1bor 2022."},"content":{"rendered":"<p><a href=\"https:\/\/www.kardoskut.hu\/wp-content\/uploads\/2022\/08\/295135177_559949975859084_6297832459066169210_n.jpg\"><img loading=\"lazy\" decoding=\"async\" class=\"alignnone size-large wp-image-5870\" src=\"https:\/\/www.kardoskut.hu\/wp-content\/uploads\/2022\/08\/295135177_559949975859084_6297832459066169210_n-1024x650.jpg\" alt=\"\" width=\"525\" height=\"333\" srcset=\"https:\/\/www.kardoskut.hu\/wp-content\/uploads\/2022\/08\/295135177_559949975859084_6297832459066169210_n-1024x650.jpg 1024w, https:\/\/www.kardoskut.hu\/wp-content\/uploads\/2022\/08\/295135177_559949975859084_6297832459066169210_n-300x190.jpg 300w, https:\/\/www.kardoskut.hu\/wp-content\/uploads\/2022\/08\/295135177_559949975859084_6297832459066169210_n-768x488.jpg 768w, https:\/\/www.kardoskut.hu\/wp-content\/uploads\/2022\/08\/295135177_559949975859084_6297832459066169210_n-1536x975.jpg 1536w, https:\/\/www.kardoskut.hu\/wp-content\/uploads\/2022\/08\/295135177_559949975859084_6297832459066169210_n.jpg 2048w\" sizes=\"auto, (max-width: 525px) 100vw, 525px\" \/><\/a> <a href=\"https:\/\/www.kardoskut.hu\/wp-content\/uploads\/2022\/08\/296831763_3099244863722532_1045867325428039472_n.jpg\"><img loading=\"lazy\" decoding=\"async\" class=\"alignnone size-large wp-image-5871\" src=\"https:\/\/www.kardoskut.hu\/wp-content\/uploads\/2022\/08\/296831763_3099244863722532_1045867325428039472_n-1024x768.jpg\" alt=\"\" width=\"525\" height=\"394\" srcset=\"https:\/\/www.kardoskut.hu\/wp-content\/uploads\/2022\/08\/296831763_3099244863722532_1045867325428039472_n-1024x768.jpg 1024w, https:\/\/www.kardoskut.hu\/wp-content\/uploads\/2022\/08\/296831763_3099244863722532_1045867325428039472_n-300x225.jpg 300w, https:\/\/www.kardoskut.hu\/wp-content\/uploads\/2022\/08\/296831763_3099244863722532_1045867325428039472_n-768x576.jpg 768w, https:\/\/www.kardoskut.hu\/wp-content\/uploads\/2022\/08\/296831763_3099244863722532_1045867325428039472_n-1536x1152.jpg 1536w, https:\/\/www.kardoskut.hu\/wp-content\/uploads\/2022\/08\/296831763_3099244863722532_1045867325428039472_n.jpg 2048w\" sizes=\"auto, (max-width: 525px) 100vw, 525px\" \/><\/a><\/p>\n<p><a href=\"https:\/\/www.flickr.com\/photos\/kardoskuthu\/albums\/72177720301137933\">Tov\u00e1bbi 350 fot\u00f3 ITT tekinthet\u0151 meg&#8230;<\/a><\/p>\n<p>Harmadik alkalommal p\u00e1ly\u00e1ztunk sikeresen az Erzs\u00e9bet Napk\u00f6zi t\u00e1borra, amelyben az id\u00e9n t\u00f6bb mint harminc \u00e1ltal\u00e1nos iskol\u00e1s kor\u00fa gyermek vett r\u00e9szt a k\u00e9t h\u00e9t alatt.<\/p>\n<p>Seg\u00edt\u0151im k\u00f6z\u00fcl T\u00f6r\u00f6k Attil\u00e1val 2009 \u00f3ta t\u00e1boroztatunk, a nagyobb l\u00e9tsz\u00e1m kapcs\u00e1n a p\u00e1ly\u00e1zat lehet\u0151s\u00e9get adott arra, hogy m\u00e9g egy f\u0151 pedag\u00f3gus bekapcsol\u00f3djon, Papp Eszter szem\u00e9ly\u00e9ben.<\/p>\n<p>Az els\u0151 h\u00e9t kezdete az ismerked\u00e9ssel telt, b\u00e1r t\u00f6bbnyire mindenki ismer m\u00e1r mindenkit itt a faluban. A nagy meleg miatt &#8211; f\u0151k\u00e9nt az els\u0151 h\u00e9ten \u2013 benti foglalatoss\u00e1gokkal t\u00f6lt\u00f6tt\u00fck el napjainkat. Az \u00f3ri\u00e1s trambulin mindv\u00e9gig j\u00f3 szolg\u00e1latot tett az \u00e9l\u00e9nk, ny\u00fczsg\u0151 gyermeksereg \u00f6r\u00f6m\u00e9re. Az Erzs\u00e9bet program \u00e1ltal megszabott t\u00e1bori tematik\u00e1k alapj\u00e1n \u2013 sport \u00e9s eg\u00e9szs\u00e9ges \u00e9letm\u00f3dra nevel\u00e9s, k\u00f6rnyezettudatoss\u00e1g, kultur\u00e1lis \u00f6r\u00f6ks\u00e9geink \u00e9s hagyom\u00e1ny\u0151rz\u00e9s, k\u00e9zm\u0171vess\u00e9g, \u00f6nismeret, k\u00f6z\u00f6ss\u00e9g\u00e9p\u00edt\u00e9s, kompetenciafejleszt\u00e9s illetve kir\u00e1ndul\u00e1sszervez\u00e9ssel val\u00f3s\u00edtottuk meg a programjainkat \u00e9s foglalkoz\u00e1sainkat. Az eg\u00e9szs\u00e9ges \u00e9letm\u00f3dra nevel\u00e9s kapcs\u00e1n k\u00f6z\u00f6sen eg\u00e9szs\u00e9gt\u00e1lat k\u00e9sz\u00edtett\u00fcnk, egy d\u00e9lel\u0151tt\u00f6n \u00e1t lovagoltunk a Gep\u00e1rd Lovasiskola tagjaival, ell\u00e1togattunk a szegedi Crazy Jumping parkba, ahol a felesleges energi\u00e1k mellett a kal\u00f3ri\u00e1kat is \u00e9getni lehetett. Ugyan\u00edgy a kisebbek-nagyobbak t\u00f6bbs\u00e9g\u00e9n\u00e9l a v\u00edztoronyn\u00e1l meg\u00e9p\u00edtett k\u00f6t\u00e9lp\u00e1ly\u00e1n val\u00f3 v\u00e9gighalad\u00e1s igazi kih\u00edv\u00e1snak bizonyult. A gyerekek \u2013 f\u0151k\u00e9nt a nagyobbak \u2013 szerett\u00e9k mindk\u00e9t kedd d\u00e9lel\u0151tti \u00f6nismereti csoportfoglalkoz\u00e1sainkat Nemesv\u00e1ri Adrienn-nel, aki szakemberk\u00e9nt j\u00e1t\u00e9kosan vonta be a gyerekeket a besz\u00e9lget\u00e9sekbe. Sz\u00f3 esett a t\u00e1rsas kapcsolatokr\u00f3l, a bar\u00e1ts\u00e1gokr\u00f3l. Az els\u0151 h\u00e9ten Csot\u00f3-Nagy Istv\u00e1nn\u00e9 Kl\u00e1rika n\u00e9ni fogadott benn\u00fcnket az egykori Klebelsberg iskola, az \u00fan. Aranyadhalmi iskol\u00e1n\u00e1l. V\u00e9gigvezetett benn\u00fcnket az \u00e9p\u00fclet helyis\u00e9gein, besz\u00e9lt a mindennapi iskolai \u00e9letr\u0151l, ami ezen falak k\u00f6z\u00f6tt zajlott. A gyerekek k\u00e9rdezgettek t\u0151le, Kl\u00e1rika n\u00e9ni \u00f6r\u00f6mmel v\u00e1laszolt a k\u00e9rd\u00e9seikre. H\u00e1zigazd\u00e1nkat l\u00e1that\u00f3an j\u00f3les\u0151 \u00e9rz\u00e9s t\u00f6lt\u00f6tte el a gyermekzsivaj hallat\u00e1n. A m\u00e1sik k\u00f6zeli egykori iskol\u00e1hoz ker\u00e9kp\u00e1rral ell\u00e1togattunk el, ami most m\u00e1r Prozlik Csab\u00e1\u00e9k otthona. A h\u00e1zigad\u00e1nk a tavalyi l\u00e1togat\u00e1sunk ut\u00e1n most is szeretettel v\u00e1rt benn\u00fcnket. Az egykori iskola\u00e9p\u00fcletben kialak\u00edtott csal\u00e1di otthonuk k\u00f6rnyezet\u00e9ben sz\u00e1mos kis\u00e1llatnak \u2013 m\u00f3kusok, mos\u00f3maci, emu, t\u00f6rpemalac, papag\u00e1jok, stb, &#8211; a gazd\u00e1i. Mindig nagy \u00e9lm\u00e9ny a gyerekekkel megtekinteni a kis\u00e1llatokat. A t\u00e1borban, hogy m\u00e9g k\u00f6zelebb ker\u00fclj\u00fcnk az \u00e1llatokhoz, s a gondoz\u00e1sukr\u00f3l \u00e9s befogad\u00e1sukr\u00f3l is halljunk, elj\u00f6tt a gyerekekhez az Orosh\u00e1zi Kutyakik\u00e9pz\u0151 Iskola vezet\u0151je Demk\u00f3 Attila \u00e9s a Viharsarki \u00c1llat\u0151rs\u00e9g Alap\u00edtv\u00e1nyt\u00f3l Kov\u00e1cs Krisztina. D\u00f6nci, a n\u00e9metjuh\u00e1sz nagy sikert aratott, aki gazd\u00e1ja parancsszavait \u00fcgyesen teljes\u00edtette. A kis\u00e1llatokhoz, de az \u00fajrahasznos\u00edt\u00e1shoz is nagyban kapcsol\u00f3dott egy d\u00e9lut\u00e1ni kis technikai foglalkoz\u00e1sunk, ahol T\u00f6r\u00f6k Attila seg\u00edts\u00e9g\u00e9vel a kis\u00e1llatok \u2013 p\u00e9ld\u00e1ul s\u00fcnik, cic\u00e1k \u2013 illetve kismadarak sz\u00e1m\u00e1ra PET-palackokb\u00f3l k\u00fclt\u00e9ri itat\u00f3kat k\u00e9sz\u00edtett\u00fcnk \u00e9s helyezt\u00fcnk el a kult\u00farh\u00e1z k\u00f6rny\u00e9k\u00e9n \u00e9s a parkban. K\u00e9z\u00fcgyess\u00e9g\u00fcnket mindk\u00e9t h\u00e9ten egy-egy foglalkoz\u00e1s keret\u00e9ben fejlesztett\u00fck a helyi kreat\u00edv k\u00f6r feln\u0151tt tagjainak &#8211; Kocsisn\u00e9 Marika, Somlyai Ir\u00e9nke \u00e9s Szemenyein\u00e9 R\u00f3zsika \u2013 seg\u00edts\u00e9g\u00e9vel. K\u00f6z\u00f6sen fa- \u00e9s konzerves dobozokat d\u00edsz\u00edtett\u00fcnk dekop\u00e1zs technik\u00e1val, gy\u00f6ngyf\u0171z\u00e9ssel is k\u00fcl\u00f6nb\u00f6z\u0151 \u00e9kszereket lehetett k\u00e9sz\u00edteni, illetve fa t\u00e1bl\u00e1csk\u00e1b\u00f3l n\u00e9vt\u00e1bl\u00e1t festettek vel\u00fck a gyerekek. Az \u00fajrahasznos\u00edt\u00e1shoz \u00e9s a k\u00e9z\u00fcgyess\u00e9ghez igen szervesen kapcsol\u00f3dott a pap\u00edrmer\u00edt\u00e9s technik\u00e1j\u00e1nak elles\u00e9se, amelyre Bonyh\u00e1di Enik\u0151 tan\u00edtotta meg a gyerekeket a B\u00e9k\u00e9s Megyei K\u00f6nyvt\u00e1r j\u00f3volt\u00e1b\u00f3l. \u00a0Szint\u00e9n a k\u00f6nyvt\u00e1r seg\u00edts\u00e9g\u00e9vel j\u00e1rt a gyerekekn\u00e9l t\u00e1rsasj\u00e1t\u00e9kozni Kneifel Edit \u00e9s seg\u00edt\u0151je, Andika \u00f3v\u00f3 n\u00e9ni. Kir\u00e1ndulni is voltunk mindk\u00e9t p\u00e9nteki napon. El\u0151sz\u00f6r Csongr\u00e1d-Bokroson a Western faluban, ahol a seriff \u00e9s seriffn\u00e9 fogadta csoportunkat. J\u00e1t\u00e9kos feladv\u00e1nyok, j\u00e1t\u00e9kos \u00e1llom\u00e1sok v\u00e1rt\u00e1k a gyerekeket, majd eb\u00e9d ut\u00e1n egy vicces el\u0151ad\u00e1son is kacaghattak a gyerekek. Hazafel\u00e9 meg\u00e1lltunk egy j\u00f3 fagyira Szentetorny\u00e1n, a Ficsor cukr\u00e1szd\u00e1n\u00e1l. A finom falatokn\u00e1l maradva az id\u00e9n sem maradt el a kedvelt keny\u00e9rl\u00e1ngos s\u00fct\u00e9s, a palacsintaparty Attila \u00e9s Eszter j\u00f3volt\u00e1b\u00f3l. A meggyespite \u00e9s a gy\u00fcm\u00f6lcs\u00f6s poh\u00e1rkr\u00e9m is fincsi lett, mert k\u00f6z\u00f6sen k\u00e9sz\u00edtett\u00fck. Utols\u00f3 napunkon Szegedre kir\u00e1ndultunk, ahol a m\u00e1r eml\u00edtett trambulin parkban izzadtak meg j\u00f3l a gyerekek \u2013 nem csup\u00e1n a h\u0151s\u00e9g miatt. Eb\u00e9dre az \u00e1ltalam be\u00edg\u00e9rt lebbencsleves spen\u00f3t f\u0151zel\u00e9k t\u00fck\u00f6rtoj\u00e1ssal k\u00f6vetkezett volna, \u00e1m a kir\u00e1ndul\u00f3s napunkat \u00e1ltal\u00e1ban a gyerekek kedv\u00e9hez igaz\u00edtjuk. Ez\u00e9rt eltekintve az eg\u00e9szs\u00e9ges \u00e9telekt\u0151l, az egyik ismert gyors\u00e9tterembe vezetett gyalogutunk. Onnan nagyon igyekezn\u00fcnk kellett tov\u00e1bb, \u00e1m a gyerekek el\u0151tt rejt\u00e9ly volt, hova szapor\u00e1zzuk l\u00e9pteinket. A kora d\u00e9lut\u00e1ni moziz\u00e1st \u00faj programelemk\u00e9nt szerepelt a t\u00e1bori \u00e9letben, igazi \u00f6r\u00f6met okozott nekik. Ilyen \u00e9lm\u00e9nyek ut\u00e1n t\u00e9rt\u00fcnk vissza a mi kis falukba, Kardosk\u00fatra.<\/p>\n<p>VNB<\/p>\n","protected":false},"excerpt":{"rendered":"<p>Tov\u00e1bbi 350 fot\u00f3 ITT tekinthet\u0151 meg&#8230; Harmadik alkalommal p\u00e1ly\u00e1ztunk sikeresen az Erzs\u00e9bet Napk\u00f6zi t\u00e1borra, amelyben az id\u00e9n t\u00f6bb mint harminc \u00e1ltal\u00e1nos iskol\u00e1s kor\u00fa gyermek vett r\u00e9szt a k\u00e9t h\u00e9t alatt. Seg\u00edt\u0151im k\u00f6z\u00fcl T\u00f6r\u00f6k Attil\u00e1val 2009 \u00f3ta t\u00e1boroztatunk, a nagyobb l\u00e9tsz\u00e1m kapcs\u00e1n a p\u00e1ly\u00e1zat lehet\u0151s\u00e9get adott arra, hogy m\u00e9g egy f\u0151 pedag\u00f3gus bekapcsol\u00f3djon, Papp Eszter szem\u00e9ly\u00e9ben. &hellip; <\/p>\n<p class=\"link-more\"><a href=\"https:\/\/www.kardoskut.hu\/?p=5869\" class=\"more-link\"><span class=\"screen-reader-text\">&#8222;K\u00e9t h\u00e9t tartalmas kikapcsol\u00f3d\u00e1s &#8211; Erzs\u00e9bet t\u00e1bor 2022.&#8221;<\/span> b\u0151vebben<\/a><\/p>\n","protected":false},"author":1,"featured_media":0,"comment_status":"closed","ping_status":"closed","sticky":false,"template":"","format":"standard","meta":{"footnotes":""},"categories":[1],"tags":[],"class_list":["post-5869","post","type-post","status-publish","format-standard","hentry","category-egyeb"],"_links":{"self":[{"href":"https:\/\/www.kardoskut.hu\/index.php?rest_route=\/wp\/v2\/posts\/5869","targetHints":{"allow":["GET"]}}],"collection":[{"href":"https:\/\/www.kardoskut.hu\/index.php?rest_route=\/wp\/v2\/posts"}],"about":[{"href":"https:\/\/www.kardoskut.hu\/index.php?rest_route=\/wp\/v2\/types\/post"}],"author":[{"embeddable":true,"href":"https:\/\/www.kardoskut.hu\/index.php?rest_route=\/wp\/v2\/users\/1"}],"replies":[{"embeddable":true,"href":"https:\/\/www.kardoskut.hu\/index.php?rest_route=%2Fwp%2Fv2%2Fcomments&post=5869"}],"version-history":[{"count":1,"href":"https:\/\/www.kardoskut.hu\/index.php?rest_route=\/wp\/v2\/posts\/5869\/revisions"}],"predecessor-version":[{"id":5872,"href":"https:\/\/www.kardoskut.hu\/index.php?rest_route=\/wp\/v2\/posts\/5869\/revisions\/5872"}],"wp:attachment":[{"href":"https:\/\/www.kardoskut.hu\/index.php?rest_route=%2Fwp%2Fv2%2Fmedia&parent=5869"}],"wp:term":[{"taxonomy":"category","embeddable":true,"href":"https:\/\/www.kardoskut.hu\/index.php?rest_route=%2Fwp%2Fv2%2Fcategories&post=5869"},{"taxonomy":"post_tag","embeddable":true,"href":"https:\/\/www.kardoskut.hu\/index.php?rest_route=%2Fwp%2Fv2%2Ftags&post=5869"}],"curies":[{"name":"wp","href":"https:\/\/api.w.org\/{rel}","templated":true}]}}