{"id":5763,"date":"2022-05-30T17:16:27","date_gmt":"2022-05-30T17:16:27","guid":{"rendered":"https:\/\/www.kardoskut.hu\/?p=5763"},"modified":"2022-05-30T17:16:27","modified_gmt":"2022-05-30T17:16:27","slug":"gyermekmosoly-kint-es-bent","status":"publish","type":"post","link":"https:\/\/www.kardoskut.hu\/?p=5763","title":{"rendered":"Gyermekmosoly kint \u00e9s bent"},"content":{"rendered":"<p><a href=\"https:\/\/www.flickr.com\/photos\/kardoskuthu\/albums\/72177720299350418\/with\/52107724763\/\"><img loading=\"lazy\" decoding=\"async\" class=\"alignnone size-full wp-image-5765\" src=\"https:\/\/www.kardoskut.hu\/wp-content\/uploads\/2022\/05\/52107724738_9971fb47c2_o.jpg\" alt=\"\" width=\"1000\" height=\"450\" srcset=\"https:\/\/www.kardoskut.hu\/wp-content\/uploads\/2022\/05\/52107724738_9971fb47c2_o.jpg 1000w, https:\/\/www.kardoskut.hu\/wp-content\/uploads\/2022\/05\/52107724738_9971fb47c2_o-300x135.jpg 300w, https:\/\/www.kardoskut.hu\/wp-content\/uploads\/2022\/05\/52107724738_9971fb47c2_o-768x346.jpg 768w\" sizes=\"auto, (max-width: 767px) 89vw, (max-width: 1000px) 54vw, (max-width: 1071px) 543px, 580px\" \/><\/a>Tov\u00e1bbi fot\u00f3k\u00e9rt k\u00e9rem kattintson a fenti k\u00e9pre.<\/p>\n<p>Rendhagy\u00f3 gyermeknap volt az idei, h\u00e1la Istennek, az es\u0151 sem riasztotta vissza az \u00e9rdekl\u0151d\u0151 csal\u00e1dokat a programokt\u00f3l.<\/p>\n<p>A Gyermeknaphoz ill\u0151en k\u00fcl\u00f6nleges ki\u00e1ll\u00edt\u00e1s megnyit\u00e1s\u00e1val indult a program, ahol k\u00f6zel sz\u00e1z r\u00e9gi porcel\u00e1nbab\u00e1t mutat be k\u00e9t kardosk\u00fati gy\u0171jt\u0151, Nagyn\u00e9 Sz\u00f6ll\u0151si Ter\u00e9z \u00e9s Geiszt J\u00f3zsefn\u00e9. A megnyit\u00f3n elhangzott, hogy a gyermeknapon a kor\u00e1bbi \u00e9vekben nem nyitottak ki\u00e1ll\u00edt\u00e1st, \u00e1m most nem kisebb aprop\u00f3ja volt, mint a leend\u0151 helyi iskol\u00e1skor\u00fa gyermekek helybeli oktat\u00e1s\u00e1\u00e9rt t\u00e1mogat\u00e1st gy\u0171jteni. A gondolat Nagyn\u00e9 Terik\u00e9t\u0151l sz\u00e1rmazik, aki a telep\u00fcl\u00e9s k\u00f6zismert szem\u00e9lyis\u00e9ge, a Kardosk\u00fat K\u00f6zs\u00e9g\u00e9rt c\u00edm birtokosa. Ki\u00e1ll\u00edt\u00f3t\u00e1rs\u00e1val egy\u00fctt \u0151 is a helyi iskola\u00e9p\u00fclet fel\u00faj\u00edt\u00e1s\u00e1nak \u00fcgye mell\u00e9 \u00e1llt. \u201eA babaki\u00e1ll\u00edt\u00e1s j\u00f3 alkalom arra, hogy megmutassuk k\u00f6zs\u00e9g\u00fcnk kincseit, az itt \u00e9l\u0151k j\u00f3 sz\u00e1nd\u00e9k\u00fa seg\u00edt\u0151k\u00e9szs\u00e9g\u00e9t \u00e9s \u00f6r\u00f6met vigy\u00fcnk el mindazok sz\u00edv\u00e9be, akik megtekintik, amely az iskolaid\u0151 v\u00e9g\u00e9hez igaz\u00edtva alkalmat adhat oszt\u00e1lyok, gyermekcsoportok sz\u00e1m\u00e1ra kir\u00e1ndul\u00e1sra\u201d \u2013 hangzott el a megnyit\u00f3n.<\/p>\n<p>Az idei Gyermeknap kint is \u00e9s bent is a k\u00f6z\u00f6ss\u00e9gi sz\u00ednt\u00e9rben is zajlott. A d\u00e9lut\u00e1ni forgatagot kutyaugat\u00e1s \u00e9s gazd\u00e1ik vez\u00e9nyszava t\u00f6rte meg, hiszen vend\u00e9g\u00fcl l\u00e1ttuk az orosh\u00e1zi Kutyaiskola tagjait. T\u00f6bb mint t\u00edz k\u00fcl\u00f6nb\u00f6z\u0151 kutya mutatta meg \u00fcgyess\u00e9g\u00e9t, a gazdik r\u00e1termetts\u00e9g\u00e9t, akiknek ez\u00faton is megk\u00f6sz\u00f6nj\u00fck a gyerekeknek szerzett \u00f6r\u00f6mteli perceket. A gyermekm\u0171sor m\u00e1r a nagyterem sz\u00ednpad\u00e1n zajlott, ahol a L\u00e9ghaj\u00f3 sz\u00ednh\u00e1z k\u00f6rnyezettudatoss\u00e1gra nevel\u0151 interakt\u00edv el\u0151ad\u00e1s\u00e1ba kapcsol\u00f3dhatta be a gyerekek. Az arcfest\u00e9s, hajfon\u00e1s, ugr\u00e1l\u00e1s \u00e9s a sok kis versenyfeladat is a nap r\u00e9sze volt, csak\u00fagy, mint a kedvenc mozg\u00e1sforma, a lovagl\u00e1s. Heged\u0171s Titanilla k\u00e9t lov\u00e1n kicsik \u00e9s nagyok is lovagolhattak. A m\u00falt \u00e9vek kihagyott gyereknapjai ut\u00e1n v\u00e9gre ism\u00e9t egy\u00fctt kacagott, ugr\u00e1lt sok-sok kardosk\u00fati gyerek, kez\u00fckben fagyival \u00e9s vattacukorral, a helyi \u00f6nkorm\u00e1nyzat \u00e9s a Kardosk\u00fat K\u00f6zs\u00e9g\u00e9rt K\u00f6zalap\u00edtv\u00e1ny j\u00f3volt\u00e1b\u00f3l, vid\u00e1m, m\u00f3k\u00e1s napot szerezve sz\u00e1mukra.<\/p>\n<p>VNB<\/p>\n","protected":false},"excerpt":{"rendered":"<p>Tov\u00e1bbi fot\u00f3k\u00e9rt k\u00e9rem kattintson a fenti k\u00e9pre. Rendhagy\u00f3 gyermeknap volt az idei, h\u00e1la Istennek, az es\u0151 sem riasztotta vissza az \u00e9rdekl\u0151d\u0151 csal\u00e1dokat a programokt\u00f3l. A Gyermeknaphoz ill\u0151en k\u00fcl\u00f6nleges ki\u00e1ll\u00edt\u00e1s megnyit\u00e1s\u00e1val indult a program, ahol k\u00f6zel sz\u00e1z r\u00e9gi porcel\u00e1nbab\u00e1t mutat be k\u00e9t kardosk\u00fati gy\u0171jt\u0151, Nagyn\u00e9 Sz\u00f6ll\u0151si Ter\u00e9z \u00e9s Geiszt J\u00f3zsefn\u00e9. A megnyit\u00f3n elhangzott, hogy a gyermeknapon &hellip; <\/p>\n<p class=\"link-more\"><a href=\"https:\/\/www.kardoskut.hu\/?p=5763\" class=\"more-link\"><span class=\"screen-reader-text\">&#8222;Gyermekmosoly kint \u00e9s bent&#8221;<\/span> b\u0151vebben<\/a><\/p>\n","protected":false},"author":1,"featured_media":0,"comment_status":"closed","ping_status":"closed","sticky":false,"template":"","format":"standard","meta":{"footnotes":""},"categories":[1],"tags":[],"class_list":["post-5763","post","type-post","status-publish","format-standard","hentry","category-egyeb"],"_links":{"self":[{"href":"https:\/\/www.kardoskut.hu\/index.php?rest_route=\/wp\/v2\/posts\/5763","targetHints":{"allow":["GET"]}}],"collection":[{"href":"https:\/\/www.kardoskut.hu\/index.php?rest_route=\/wp\/v2\/posts"}],"about":[{"href":"https:\/\/www.kardoskut.hu\/index.php?rest_route=\/wp\/v2\/types\/post"}],"author":[{"embeddable":true,"href":"https:\/\/www.kardoskut.hu\/index.php?rest_route=\/wp\/v2\/users\/1"}],"replies":[{"embeddable":true,"href":"https:\/\/www.kardoskut.hu\/index.php?rest_route=%2Fwp%2Fv2%2Fcomments&post=5763"}],"version-history":[{"count":1,"href":"https:\/\/www.kardoskut.hu\/index.php?rest_route=\/wp\/v2\/posts\/5763\/revisions"}],"predecessor-version":[{"id":5766,"href":"https:\/\/www.kardoskut.hu\/index.php?rest_route=\/wp\/v2\/posts\/5763\/revisions\/5766"}],"wp:attachment":[{"href":"https:\/\/www.kardoskut.hu\/index.php?rest_route=%2Fwp%2Fv2%2Fmedia&parent=5763"}],"wp:term":[{"taxonomy":"category","embeddable":true,"href":"https:\/\/www.kardoskut.hu\/index.php?rest_route=%2Fwp%2Fv2%2Fcategories&post=5763"},{"taxonomy":"post_tag","embeddable":true,"href":"https:\/\/www.kardoskut.hu\/index.php?rest_route=%2Fwp%2Fv2%2Ftags&post=5763"}],"curies":[{"name":"wp","href":"https:\/\/api.w.org\/{rel}","templated":true}]}}