{"id":5487,"date":"2021-12-06T17:25:58","date_gmt":"2021-12-06T17:25:58","guid":{"rendered":"https:\/\/www.kardoskut.hu\/?p=5487"},"modified":"2021-12-06T17:25:58","modified_gmt":"2021-12-06T17:25:58","slug":"gyertyagyujtast-kovetoen-megerkezett-a-mikulas","status":"publish","type":"post","link":"https:\/\/www.kardoskut.hu\/?p=5487","title":{"rendered":"Gyertyagy\u00fajt\u00e1st k\u00f6vet\u0151en meg\u00e9rkezett a Mikul\u00e1s"},"content":{"rendered":"<p><a href=\"https:\/\/www.flickr.com\/photos\/kardoskuthu\/albums\/72157720214993806\"><img loading=\"lazy\" decoding=\"async\" class=\"alignnone size-large wp-image-5488\" src=\"https:\/\/www.kardoskut.hu\/wp-content\/uploads\/2021\/12\/mikulas_2021_fo-1024x557.jpg\" alt=\"\" width=\"525\" height=\"286\" srcset=\"https:\/\/www.kardoskut.hu\/wp-content\/uploads\/2021\/12\/mikulas_2021_fo-1024x557.jpg 1024w, https:\/\/www.kardoskut.hu\/wp-content\/uploads\/2021\/12\/mikulas_2021_fo-300x163.jpg 300w, https:\/\/www.kardoskut.hu\/wp-content\/uploads\/2021\/12\/mikulas_2021_fo-768x418.jpg 768w, https:\/\/www.kardoskut.hu\/wp-content\/uploads\/2021\/12\/mikulas_2021_fo-1536x835.jpg 1536w, https:\/\/www.kardoskut.hu\/wp-content\/uploads\/2021\/12\/mikulas_2021_fo.jpg 1585w\" sizes=\"auto, (max-width: 525px) 100vw, 525px\" \/><\/a><br \/>\nTov\u00e1bbi fot\u00f3k\u00e9rt k\u00e9rem kattintson a fenti k\u00e9pre. (Fot\u00f3k: VP.)<\/p>\n<p>A helyi gyermekekb\u0151l \u00e1ll\u00f3 fell\u00e9p\u0151k egy sz\u00e9p verses, zen\u00e9s m\u0171sorral kedveskedtek a jelenl\u00e9v\u0151knek, majd Nagy Zolt\u00e1n lelk\u00e9sz Isten szav\u00e1t tolm\u00e1csolta a m\u00e1sodik adventi gyertyagy\u00fajt\u00e1son. Most sem maradt el a szeretvend\u00e9gs\u00e9g, ahol is forralt borral, te\u00e1val, zs\u00edros keny\u00e9rrel \u00e9s kal\u00e1ccsal k\u00edn\u00e1ltuk a vend\u00e9geket.<\/p>\n<p>A gyertyagy\u00fajt\u00e1st k\u00f6vet\u0151en a nagyterem ajtajai megny\u00edltak a k\u00f6zel \u00f6tven gyermek \u00e9s sz\u00fcleik el\u0151tt: Andr\u00e9k\u00f3n\u00e9 Katika n\u00e9ni \u00e9s l\u00e1nya k\u00f6zrem\u0171k\u00f6d\u00e9s\u00e9vel k\u00e9zm\u0171vesked\u00e9ssel kezdt\u00fck a r\u00e1hangol\u00f3d\u00e1st a Mikul\u00e1s \u00e9rkez\u00e9s\u00e9re. R\u00f3zs\u00e1s Viki \u00e9nekesn\u0151 &#8211; mint a Mikul\u00e1s man\u00f3ja &#8211; meg\u00e9nekeltette, megmozgatta a gyerekeket.\u00a0 A Mikul\u00e1s az id\u00e9n sem \u00e9rkezett \u00fcres puttonnyal, mert \u00fatk\u00f6zben a Magyar F\u00f6ldg\u00e1zt\u00e1rol\u00f3 Zrt. munkat\u00e1rsai b\u0151s\u00e9ges \u00e9dess\u00e9gcsomagokkal l\u00e1tt\u00e1k el, mint m\u00e1r m\u00e1sf\u00e9l \u00e9vtizede minden mikul\u00e1skor. Azon 15 \u00e9v alatti gyermekeknek, akik valamilyen ok miatt nem tudtak jelen lenni az \u00fcnneps\u00e9gen, term\u00e9szetesen Mikul\u00e1s b\u00e1csi \u00e9s seg\u00edt\u0151i h\u00e1zhoz sz\u00e1ll\u00edtott\u00e1k a csomagokat. Vid\u00e1m k\u00f6z\u00f6s \u00e9nekl\u00e9ssel \u00e9s t\u00e1nccal fejez\u0151d\u00f6tt be az este, ahonnan senki nem t\u00e1vozott \u00fcres k\u00e9zzel.<\/p>\n<p>VNB<\/p>\n","protected":false},"excerpt":{"rendered":"<p>Tov\u00e1bbi fot\u00f3k\u00e9rt k\u00e9rem kattintson a fenti k\u00e9pre. (Fot\u00f3k: VP.) A helyi gyermekekb\u0151l \u00e1ll\u00f3 fell\u00e9p\u0151k egy sz\u00e9p verses, zen\u00e9s m\u0171sorral kedveskedtek a jelenl\u00e9v\u0151knek, majd Nagy Zolt\u00e1n lelk\u00e9sz Isten szav\u00e1t tolm\u00e1csolta a m\u00e1sodik adventi gyertyagy\u00fajt\u00e1son. Most sem maradt el a szeretvend\u00e9gs\u00e9g, ahol is forralt borral, te\u00e1val, zs\u00edros keny\u00e9rrel \u00e9s kal\u00e1ccsal k\u00edn\u00e1ltuk a vend\u00e9geket. A gyertyagy\u00fajt\u00e1st k\u00f6vet\u0151en a &hellip; <\/p>\n<p class=\"link-more\"><a href=\"https:\/\/www.kardoskut.hu\/?p=5487\" class=\"more-link\"><span class=\"screen-reader-text\">&#8222;Gyertyagy\u00fajt\u00e1st k\u00f6vet\u0151en meg\u00e9rkezett a Mikul\u00e1s&#8221;<\/span> b\u0151vebben<\/a><\/p>\n","protected":false},"author":1,"featured_media":0,"comment_status":"closed","ping_status":"closed","sticky":false,"template":"","format":"standard","meta":{"footnotes":""},"categories":[1],"tags":[],"class_list":["post-5487","post","type-post","status-publish","format-standard","hentry","category-egyeb"],"_links":{"self":[{"href":"https:\/\/www.kardoskut.hu\/index.php?rest_route=\/wp\/v2\/posts\/5487","targetHints":{"allow":["GET"]}}],"collection":[{"href":"https:\/\/www.kardoskut.hu\/index.php?rest_route=\/wp\/v2\/posts"}],"about":[{"href":"https:\/\/www.kardoskut.hu\/index.php?rest_route=\/wp\/v2\/types\/post"}],"author":[{"embeddable":true,"href":"https:\/\/www.kardoskut.hu\/index.php?rest_route=\/wp\/v2\/users\/1"}],"replies":[{"embeddable":true,"href":"https:\/\/www.kardoskut.hu\/index.php?rest_route=%2Fwp%2Fv2%2Fcomments&post=5487"}],"version-history":[{"count":1,"href":"https:\/\/www.kardoskut.hu\/index.php?rest_route=\/wp\/v2\/posts\/5487\/revisions"}],"predecessor-version":[{"id":5489,"href":"https:\/\/www.kardoskut.hu\/index.php?rest_route=\/wp\/v2\/posts\/5487\/revisions\/5489"}],"wp:attachment":[{"href":"https:\/\/www.kardoskut.hu\/index.php?rest_route=%2Fwp%2Fv2%2Fmedia&parent=5487"}],"wp:term":[{"taxonomy":"category","embeddable":true,"href":"https:\/\/www.kardoskut.hu\/index.php?rest_route=%2Fwp%2Fv2%2Fcategories&post=5487"},{"taxonomy":"post_tag","embeddable":true,"href":"https:\/\/www.kardoskut.hu\/index.php?rest_route=%2Fwp%2Fv2%2Ftags&post=5487"}],"curies":[{"name":"wp","href":"https:\/\/api.w.org\/{rel}","templated":true}]}}