{"id":5479,"date":"2021-11-28T18:40:08","date_gmt":"2021-11-28T18:40:08","guid":{"rendered":"https:\/\/www.kardoskut.hu\/?p=5479"},"modified":"2021-11-28T18:40:08","modified_gmt":"2021-11-28T18:40:08","slug":"a-hit-langja-lobban-fel-elsonek","status":"publish","type":"post","link":"https:\/\/www.kardoskut.hu\/?p=5479","title":{"rendered":"A hit l\u00e1ngja lobban fel els\u0151nek"},"content":{"rendered":"<p><a href=\"https:\/\/www.flickr.com\/photos\/kardoskuthu\/albums\/72157720238658380\"><img loading=\"lazy\" decoding=\"async\" class=\"alignnone size-large wp-image-5480\" src=\"https:\/\/www.kardoskut.hu\/wp-content\/uploads\/2021\/11\/20211128_163048-1024x577.jpg\" alt=\"\" width=\"525\" height=\"296\" srcset=\"https:\/\/www.kardoskut.hu\/wp-content\/uploads\/2021\/11\/20211128_163048-1024x577.jpg 1024w, https:\/\/www.kardoskut.hu\/wp-content\/uploads\/2021\/11\/20211128_163048-300x169.jpg 300w, https:\/\/www.kardoskut.hu\/wp-content\/uploads\/2021\/11\/20211128_163048-768x432.jpg 768w, https:\/\/www.kardoskut.hu\/wp-content\/uploads\/2021\/11\/20211128_163048-1536x865.jpg 1536w, https:\/\/www.kardoskut.hu\/wp-content\/uploads\/2021\/11\/20211128_163048-2048x1153.jpg 2048w\" sizes=\"auto, (max-width: 525px) 100vw, 525px\" \/><\/a><br \/>\nTov\u00e1bbi fot\u00f3k\u00e9rt k\u00e9rem kattintson a fenti k\u00e9pre. (Fot\u00f3k: Varga Bogl\u00e1rka)<\/p>\n<p>Advent els\u0151 gyerty\u00e1j\u00e1nak fellobban\u00e1s\u00e1t t\u00f6bb mint \u00f6tven \u00e9rdekl\u0151d\u0151 k\u00eds\u00e9rte figyelemmel Kardosk\u00faton. Varga P\u00e1l polg\u00e1rmester k\u00f6sz\u00f6nt\u0151j\u00e9ben elmondta, hogy az els\u0151 gyertyal\u00e1ng a hit jelk\u00e9pe. Hinn\u00fcnk kell abban, hogy hamarosan \u00fajra korl\u00e1tok n\u00e9lk\u00fcl tudjuk \u00e9lni mindennapjainkat. A hitnek napjainkban er\u0151sebb szerepe van a csal\u00e1dok \u00e9s a k\u00f6z\u00f6ss\u00e9gek \u00e9let\u00e9ben. Majd az adventi koszor\u00fa t\u00f6rt\u00e9net\u00e9t mes\u00e9lte el: egy n\u00e9met evang\u00e9likus lelk\u00e9sz a XIX. sz\u00e1zadban egy kocsiker\u00e9kre tett 24 gyerty\u00e1t \u00e9s naponta gy\u00fajtott meg \u00fajabbakat. Ezzel tette szebb\u00e9 a szeg\u00e9ny gyermekek kar\u00e1csony v\u00e1r\u00e1s\u00e1t. Ezt k\u00f6vet\u0151en az \u00f6nkorm\u00e1nyzat int\u00e9zm\u00e9nyeinek dolgoz\u00f3i verssel kedveskedtek a r\u00e9sztvev\u0151knek. Laczki J\u00e1nos evang\u00e9likus lelk\u00e9sz \u00fcnnepv\u00e1r\u00f3 gondolataiban t\u00f6bbek k\u00f6z\u00f6tt kiemelte, hogy a b\u00e9kess\u00e9g az Isten \u00e1ltal \u00e9rhet\u0151 el minden emberben. Az im\u00e1ds\u00e1got k\u00f6vet\u0151en lelk\u00e9sz \u00far lobbantotta l\u00e1ngra a telep\u00fcl\u00e9s adventi koszor\u00faj\u00e1n az els\u0151 gyertya l\u00e1ngj\u00e1t. Szeretetvend\u00e9gs\u00e9ggel kedveskedt\u00fcnk a r\u00e9sztvev\u0151knek, forralt bor, tea, kal\u00e1cs \u00e9s zs\u00edros keny\u00e9r elfogyaszt\u00e1sa mellett kellemes besz\u00e9lget\u00e9sekkel z\u00e1rult az este.<\/p>\n<p>A v\u00edrushelyzet miatt belt\u00e9ri k\u00f6z\u00f6s kar\u00e1csonyi \u00fcnneps\u00e9get sajnos az id\u00e9n sem tudunk rendezni. Arra k\u00e9rj\u00fck a telep\u00fcl\u00e9s\u00fcnk lak\u00f3it, hogy mint m\u00e1r tavaly is, az id\u00e9n is helyezz\u00e9k el parkban tal\u00e1lhat\u00f3 k\u00f6zs\u00e9gi kar\u00e1csonyf\u00e1n saj\u00e1t feny\u0151d\u00edszeiket.<\/p>\n<p>J\u00e9zuska az id\u00e9n is elhozta postal\u00e1d\u00e1j\u00e1t Kardosk\u00fatra, a gyermekek ide dobva juttathatj\u00e1k el hozz\u00e1 k\u00edv\u00e1ns\u00e1gaikat.<\/p>\n<p>December \u00f6t\u00f6dik\u00e9n Mikul\u00e1s \u00fcnneps\u00e9ggel egybek\u00f6t\u00f6tt adventi gyertyagy\u00fajt\u00e1sra h\u00edvjuk az \u00e9rdekl\u0151d\u0151ket. 16 \u00f3rakor gyerty\u00e1t gy\u00fajt Nagy Zolt\u00e1n reform\u00e1tus lelk\u00e9sz. Ezt k\u00f6vet\u0151en j\u00e1tsz\u00f3h\u00e1z, majd 17 \u00f3ra ut\u00e1n pedig zen\u00e9s Mikul\u00e1sv\u00e1r\u00f3 m\u0171sorral v\u00e1rjuk a nagy szak\u00e1ll\u00fat.<\/p>\n<p>VNB<\/p>\n","protected":false},"excerpt":{"rendered":"<p>Tov\u00e1bbi fot\u00f3k\u00e9rt k\u00e9rem kattintson a fenti k\u00e9pre. (Fot\u00f3k: Varga Bogl\u00e1rka) Advent els\u0151 gyerty\u00e1j\u00e1nak fellobban\u00e1s\u00e1t t\u00f6bb mint \u00f6tven \u00e9rdekl\u0151d\u0151 k\u00eds\u00e9rte figyelemmel Kardosk\u00faton. Varga P\u00e1l polg\u00e1rmester k\u00f6sz\u00f6nt\u0151j\u00e9ben elmondta, hogy az els\u0151 gyertyal\u00e1ng a hit jelk\u00e9pe. Hinn\u00fcnk kell abban, hogy hamarosan \u00fajra korl\u00e1tok n\u00e9lk\u00fcl tudjuk \u00e9lni mindennapjainkat. A hitnek napjainkban er\u0151sebb szerepe van a csal\u00e1dok \u00e9s a k\u00f6z\u00f6ss\u00e9gek &hellip; <\/p>\n<p class=\"link-more\"><a href=\"https:\/\/www.kardoskut.hu\/?p=5479\" class=\"more-link\"><span class=\"screen-reader-text\">&#8222;A hit l\u00e1ngja lobban fel els\u0151nek&#8221;<\/span> b\u0151vebben<\/a><\/p>\n","protected":false},"author":1,"featured_media":0,"comment_status":"closed","ping_status":"closed","sticky":false,"template":"","format":"standard","meta":{"footnotes":""},"categories":[1],"tags":[],"class_list":["post-5479","post","type-post","status-publish","format-standard","hentry","category-egyeb"],"_links":{"self":[{"href":"https:\/\/www.kardoskut.hu\/index.php?rest_route=\/wp\/v2\/posts\/5479","targetHints":{"allow":["GET"]}}],"collection":[{"href":"https:\/\/www.kardoskut.hu\/index.php?rest_route=\/wp\/v2\/posts"}],"about":[{"href":"https:\/\/www.kardoskut.hu\/index.php?rest_route=\/wp\/v2\/types\/post"}],"author":[{"embeddable":true,"href":"https:\/\/www.kardoskut.hu\/index.php?rest_route=\/wp\/v2\/users\/1"}],"replies":[{"embeddable":true,"href":"https:\/\/www.kardoskut.hu\/index.php?rest_route=%2Fwp%2Fv2%2Fcomments&post=5479"}],"version-history":[{"count":1,"href":"https:\/\/www.kardoskut.hu\/index.php?rest_route=\/wp\/v2\/posts\/5479\/revisions"}],"predecessor-version":[{"id":5481,"href":"https:\/\/www.kardoskut.hu\/index.php?rest_route=\/wp\/v2\/posts\/5479\/revisions\/5481"}],"wp:attachment":[{"href":"https:\/\/www.kardoskut.hu\/index.php?rest_route=%2Fwp%2Fv2%2Fmedia&parent=5479"}],"wp:term":[{"taxonomy":"category","embeddable":true,"href":"https:\/\/www.kardoskut.hu\/index.php?rest_route=%2Fwp%2Fv2%2Fcategories&post=5479"},{"taxonomy":"post_tag","embeddable":true,"href":"https:\/\/www.kardoskut.hu\/index.php?rest_route=%2Fwp%2Fv2%2Ftags&post=5479"}],"curies":[{"name":"wp","href":"https:\/\/api.w.org\/{rel}","templated":true}]}}