{"id":5374,"date":"2021-10-03T14:58:18","date_gmt":"2021-10-03T14:58:18","guid":{"rendered":"https:\/\/www.kardoskut.hu\/?p=5374"},"modified":"2021-10-03T14:58:18","modified_gmt":"2021-10-03T14:58:18","slug":"halat-adtunk-az-idei-termesert","status":"publish","type":"post","link":"https:\/\/www.kardoskut.hu\/?p=5374","title":{"rendered":"H\u00e1l\u00e1t adtunk az idei term\u00e9s\u00e9rt"},"content":{"rendered":"<p><a href=\"https:\/\/www.flickr.com\/photos\/kardoskuthu\/albums\/72157719960394477\"><img loading=\"lazy\" decoding=\"async\" class=\"alignnone size-large wp-image-5375\" src=\"https:\/\/www.kardoskut.hu\/wp-content\/uploads\/2021\/10\/20211003_134311-1024x577.jpg\" alt=\"\" width=\"525\" height=\"296\" srcset=\"https:\/\/www.kardoskut.hu\/wp-content\/uploads\/2021\/10\/20211003_134311-1024x577.jpg 1024w, https:\/\/www.kardoskut.hu\/wp-content\/uploads\/2021\/10\/20211003_134311-300x169.jpg 300w, https:\/\/www.kardoskut.hu\/wp-content\/uploads\/2021\/10\/20211003_134311-768x432.jpg 768w, https:\/\/www.kardoskut.hu\/wp-content\/uploads\/2021\/10\/20211003_134311.jpg 1156w\" sizes=\"auto, (max-width: 525px) 100vw, 525px\" \/><\/a><br \/>\nTov\u00e1bbi fot\u00f3k a fenti k\u00e9pre kattintva \u00e9rhet\u0151ek el. (Fot\u00f3k \u00e9s \u00edr\u00e1s: VNB)<\/p>\n<p>K\u00f6z\u00f6s h\u00e1laad\u00e1sra h\u00edvt\u00e1k a k\u00f6zs\u00e9g lakoss\u00e1g\u00e1t a t\u00f6rt\u00e9nelmi egyh\u00e1zak lelkip\u00e1sztorai okt\u00f3ber els\u0151 vas\u00e1rnapj\u00e1n.<\/p>\n<p>Az \u0151sz a betakar\u00edt\u00e1s ideje, a ny\u00e1ri \u00e9s kora\u0151szi term\u00e9sek m\u00e1r mind a csal\u00e1di kamr\u00e1kban vagy a nagyobb gabonat\u00e1rol\u00f3kban, pinc\u00e9kben bet\u00e1rozva v\u00e1rj\u00e1k a tov\u00e1bbi hasznos\u00edt\u00e1st. Ilyenkor van itt az ideje a szenth\u00e1roms\u00e1gos Istennek megk\u00f6sz\u00f6nni mindazt a j\u00f3t, ami az emberis\u00e9gnek adatik. A kicsit is meg kell k\u00f6sz\u00f6nni, ami az idei sz\u00e1raz id\u0151j\u00e1r\u00e1s miatt bizony t\u00f6bb mez\u0151gazdas\u00e1gi ter\u00fcleten is tapasztalhat\u00f3 \u2013 mondta az \u00f6kumenikus istentiszteleten \u00fcnnepi pr\u00e9dik\u00e1ci\u00f3j\u00e1ban Nagy Zolt\u00e1n reform\u00e1tus lelkip\u00e1sztor. A felolvasott szent\u00edr\u00e1si r\u00e9szletek isteni \u00fczenete az, hogy a nyitott sz\u00edv mindennek h\u00e1l\u00e1t ad, s a biztos alapoknak meg kell lenni ahhoz, hogy az \u00e9let\u00fcnk is a Teremt\u0151re b\u00edzva szil\u00e1rd hittel \u00e9p\u00fclhessen a mindennapokban. Az \u00fcnnepi istentiszteletre k\u00f6zel negyvenen j\u00f6ttek el a kardosk\u00fati templomba, majd a templomkertben kellemes naps\u00fct\u00e9sben szeretetvend\u00e9gs\u00e9g mellett k\u00f6tetlen besz\u00e9lget\u00e9ssel z\u00e1rult a k\u00f6z\u00f6ss\u00e9gi esem\u00e9ny.<\/p>\n","protected":false},"excerpt":{"rendered":"<p>Tov\u00e1bbi fot\u00f3k a fenti k\u00e9pre kattintva \u00e9rhet\u0151ek el. (Fot\u00f3k \u00e9s \u00edr\u00e1s: VNB) K\u00f6z\u00f6s h\u00e1laad\u00e1sra h\u00edvt\u00e1k a k\u00f6zs\u00e9g lakoss\u00e1g\u00e1t a t\u00f6rt\u00e9nelmi egyh\u00e1zak lelkip\u00e1sztorai okt\u00f3ber els\u0151 vas\u00e1rnapj\u00e1n. Az \u0151sz a betakar\u00edt\u00e1s ideje, a ny\u00e1ri \u00e9s kora\u0151szi term\u00e9sek m\u00e1r mind a csal\u00e1di kamr\u00e1kban vagy a nagyobb gabonat\u00e1rol\u00f3kban, pinc\u00e9kben bet\u00e1rozva v\u00e1rj\u00e1k a tov\u00e1bbi hasznos\u00edt\u00e1st. Ilyenkor van itt az ideje &hellip; <\/p>\n<p class=\"link-more\"><a href=\"https:\/\/www.kardoskut.hu\/?p=5374\" class=\"more-link\"><span class=\"screen-reader-text\">&#8222;H\u00e1l\u00e1t adtunk az idei term\u00e9s\u00e9rt&#8221;<\/span> b\u0151vebben<\/a><\/p>\n","protected":false},"author":1,"featured_media":0,"comment_status":"closed","ping_status":"closed","sticky":false,"template":"","format":"standard","meta":{"footnotes":""},"categories":[1],"tags":[],"class_list":["post-5374","post","type-post","status-publish","format-standard","hentry","category-egyeb"],"_links":{"self":[{"href":"https:\/\/www.kardoskut.hu\/index.php?rest_route=\/wp\/v2\/posts\/5374","targetHints":{"allow":["GET"]}}],"collection":[{"href":"https:\/\/www.kardoskut.hu\/index.php?rest_route=\/wp\/v2\/posts"}],"about":[{"href":"https:\/\/www.kardoskut.hu\/index.php?rest_route=\/wp\/v2\/types\/post"}],"author":[{"embeddable":true,"href":"https:\/\/www.kardoskut.hu\/index.php?rest_route=\/wp\/v2\/users\/1"}],"replies":[{"embeddable":true,"href":"https:\/\/www.kardoskut.hu\/index.php?rest_route=%2Fwp%2Fv2%2Fcomments&post=5374"}],"version-history":[{"count":1,"href":"https:\/\/www.kardoskut.hu\/index.php?rest_route=\/wp\/v2\/posts\/5374\/revisions"}],"predecessor-version":[{"id":5376,"href":"https:\/\/www.kardoskut.hu\/index.php?rest_route=\/wp\/v2\/posts\/5374\/revisions\/5376"}],"wp:attachment":[{"href":"https:\/\/www.kardoskut.hu\/index.php?rest_route=%2Fwp%2Fv2%2Fmedia&parent=5374"}],"wp:term":[{"taxonomy":"category","embeddable":true,"href":"https:\/\/www.kardoskut.hu\/index.php?rest_route=%2Fwp%2Fv2%2Fcategories&post=5374"},{"taxonomy":"post_tag","embeddable":true,"href":"https:\/\/www.kardoskut.hu\/index.php?rest_route=%2Fwp%2Fv2%2Ftags&post=5374"}],"curies":[{"name":"wp","href":"https:\/\/api.w.org\/{rel}","templated":true}]}}