{"id":5351,"date":"2021-09-22T06:49:34","date_gmt":"2021-09-22T06:49:34","guid":{"rendered":"https:\/\/www.kardoskut.hu\/?p=5351"},"modified":"2021-09-22T06:49:34","modified_gmt":"2021-09-22T06:49:34","slug":"ertekeles-egy-kicsit-maskepp","status":"publish","type":"post","link":"https:\/\/www.kardoskut.hu\/?p=5351","title":{"rendered":"\u00c9rt\u00e9kel\u00e9s egy kicsit m\u00e1sk\u00e9pp"},"content":{"rendered":"<p>Az elm\u00falt k\u00e9t \u00e9v a megszokott\u00f3l elt\u00e9r\u0151en alakult a nyugd\u00edjasok sz\u00e1m\u00e1ra meghirdetett irodalmi p\u00e1ly\u00e1zatunk ter\u00e9n.<\/p>\n<p>35 \u00e9vvel ezel\u0151tt ker\u00fclt el\u0151sz\u00f6r ki\u00edr\u00e1sra a Kardosk\u00fati Nyugd\u00edjas Vers- \u00e9s Pr\u00f3za\u00edr\u00f3 P\u00e1ly\u00e1zat, amely az orsz\u00e1gb\u00f3l k\u00f6zs\u00e9g\u00fcnkbe sereglett nevez\u0151kkel az eddigiekben szem\u00e9lyes tal\u00e1lkoz\u00e1ssal z\u00e1rult. Tavaly a d\u00edjkioszt\u00f3 \u00fcnneps\u00e9g a pand\u00e9mia miatt elmaradt, az idei \u00e9vben ez\u00e9rt csup\u00e1n azokt\u00f3l k\u00e9rt\u00fcnk be p\u00e1ly\u00e1zatot, akiknek az elm\u00falt \u00e9vben nem \u00e1llt m\u00f3djuk post\u00e1ra adni. Most \u00f6sszevontan \u00e9rt\u00e9kelt\u00fck a 2020-2021-ben be\u00e9rkezett alkot\u00e1sokat. B\u00edzunk abban, hogy a j\u00f6v\u0151 \u00e9vt\u0151l vissza\u00e1ll a megszokott rend az \u00e9let m\u00e1s ter\u00fcleteivel egy\u00fctt, s nem csup\u00e1n lev\u00e9lben \u00e9rt\u00e9kelhetj\u00fck a be\u00e9rkezett sz\u00e1z verset \u00e9s 45 novell\u00e1t, amelyet B\u00e1rdos Zsuzsanna tan\u00e1r, irodalomt\u00f6rt\u00e9n\u00e9sz vett g\u00f3rcs\u0151 al\u00e1. \u00d6r\u00f6mmel t\u00f6lt el, hogy sok visszajelz\u00e9s \u00e9s k\u00f6sz\u00f6net \u00e9rkezett a napokban elektronikusan hozz\u00e1nk, hiszen az orsz\u00e1g h\u00fasz telep\u00fcl\u00e9s\u00e9n most kapta k\u00e9zhez harminckilenc p\u00e1ly\u00e1z\u00f3nk a m\u00e9ltat\u00f3 szavakat \u00e9s a meg\u00e9rdemelt okleveleket.<\/p>\n<p>A v\u00e9gsz\u00f3 r\u00e9sz\u00fcnkr\u0151l nem is lehet m\u00e1s, mint: B\u00edzzunk a j\u00f6v\u0151 \u00e9vi szem\u00e9lyes tal\u00e1lkoz\u00e1sban!<\/p>\n<p>VNB<\/p>\n<p><a href=\"https:\/\/www.kardoskut.hu\/wp-content\/uploads\/2021\/09\/nyvpr_2021.jpg\"><img loading=\"lazy\" decoding=\"async\" class=\"alignnone size-full wp-image-5352\" src=\"https:\/\/www.kardoskut.hu\/wp-content\/uploads\/2021\/09\/nyvpr_2021.jpg\" alt=\"\" width=\"435\" height=\"735\" srcset=\"https:\/\/www.kardoskut.hu\/wp-content\/uploads\/2021\/09\/nyvpr_2021.jpg 435w, https:\/\/www.kardoskut.hu\/wp-content\/uploads\/2021\/09\/nyvpr_2021-178x300.jpg 178w\" sizes=\"auto, (max-width: 435px) 100vw, 435px\" \/><\/a><\/p>\n","protected":false},"excerpt":{"rendered":"<p>Az elm\u00falt k\u00e9t \u00e9v a megszokott\u00f3l elt\u00e9r\u0151en alakult a nyugd\u00edjasok sz\u00e1m\u00e1ra meghirdetett irodalmi p\u00e1ly\u00e1zatunk ter\u00e9n. 35 \u00e9vvel ezel\u0151tt ker\u00fclt el\u0151sz\u00f6r ki\u00edr\u00e1sra a Kardosk\u00fati Nyugd\u00edjas Vers- \u00e9s Pr\u00f3za\u00edr\u00f3 P\u00e1ly\u00e1zat, amely az orsz\u00e1gb\u00f3l k\u00f6zs\u00e9g\u00fcnkbe sereglett nevez\u0151kkel az eddigiekben szem\u00e9lyes tal\u00e1lkoz\u00e1ssal z\u00e1rult. Tavaly a d\u00edjkioszt\u00f3 \u00fcnneps\u00e9g a pand\u00e9mia miatt elmaradt, az idei \u00e9vben ez\u00e9rt csup\u00e1n azokt\u00f3l k\u00e9rt\u00fcnk be &hellip; <\/p>\n<p class=\"link-more\"><a href=\"https:\/\/www.kardoskut.hu\/?p=5351\" class=\"more-link\"><span class=\"screen-reader-text\">&#8222;\u00c9rt\u00e9kel\u00e9s egy kicsit m\u00e1sk\u00e9pp&#8221;<\/span> b\u0151vebben<\/a><\/p>\n","protected":false},"author":1,"featured_media":0,"comment_status":"closed","ping_status":"closed","sticky":false,"template":"","format":"standard","meta":{"footnotes":""},"categories":[1],"tags":[],"class_list":["post-5351","post","type-post","status-publish","format-standard","hentry","category-egyeb"],"_links":{"self":[{"href":"https:\/\/www.kardoskut.hu\/index.php?rest_route=\/wp\/v2\/posts\/5351","targetHints":{"allow":["GET"]}}],"collection":[{"href":"https:\/\/www.kardoskut.hu\/index.php?rest_route=\/wp\/v2\/posts"}],"about":[{"href":"https:\/\/www.kardoskut.hu\/index.php?rest_route=\/wp\/v2\/types\/post"}],"author":[{"embeddable":true,"href":"https:\/\/www.kardoskut.hu\/index.php?rest_route=\/wp\/v2\/users\/1"}],"replies":[{"embeddable":true,"href":"https:\/\/www.kardoskut.hu\/index.php?rest_route=%2Fwp%2Fv2%2Fcomments&post=5351"}],"version-history":[{"count":1,"href":"https:\/\/www.kardoskut.hu\/index.php?rest_route=\/wp\/v2\/posts\/5351\/revisions"}],"predecessor-version":[{"id":5353,"href":"https:\/\/www.kardoskut.hu\/index.php?rest_route=\/wp\/v2\/posts\/5351\/revisions\/5353"}],"wp:attachment":[{"href":"https:\/\/www.kardoskut.hu\/index.php?rest_route=%2Fwp%2Fv2%2Fmedia&parent=5351"}],"wp:term":[{"taxonomy":"category","embeddable":true,"href":"https:\/\/www.kardoskut.hu\/index.php?rest_route=%2Fwp%2Fv2%2Fcategories&post=5351"},{"taxonomy":"post_tag","embeddable":true,"href":"https:\/\/www.kardoskut.hu\/index.php?rest_route=%2Fwp%2Fv2%2Ftags&post=5351"}],"curies":[{"name":"wp","href":"https:\/\/api.w.org\/{rel}","templated":true}]}}