{"id":520,"date":"2007-04-07T10:48:08","date_gmt":"2007-04-07T10:48:08","guid":{"rendered":"http:\/\/new.kardoskut.hu\/?p=520"},"modified":"2017-11-20T10:49:24","modified_gmt":"2017-11-20T10:49:24","slug":"gyermek-es-ifjusagi-kezmuves-palyazat","status":"publish","type":"post","link":"https:\/\/www.kardoskut.hu\/?p=520","title":{"rendered":"Gyermek &#8211; \u00e9s Ifj\u00fas\u00e1gi k\u00e9zm\u0171ves p\u00e1ly\u00e1zat"},"content":{"rendered":"<p>Az idei \u00e9vben is folyamatosan fejlesztik a szakk\u00f6r\u00f6s gyerekek k\u00e9z\u00fcgyess\u00e9g\u00fcket. Az elm\u00falt h\u00f3napokban a foglalkoz\u00e1sokon az adott \u00fcnnepekhez igazodva sokf\u00e9le j\u00e1t\u00e9kot \u00e9s t\u00e1rgyat k\u00e9sz\u00edtett\u00fcnk. A gyermekekkel a csoportos munk\u00e1t k\u00e9t ir\u00e1nyvonalon haladva folytatjuk: a n\u00e9pi k\u00e9zm\u0171vess\u00e9g hagyom\u00e1nyai alapj\u00e1n illetve a modernebb, a kreativit\u00e1st el\u0151t\u00e9rbe helyez\u0151 tev\u00e9kenys\u00e9gekkel. A szakk\u00f6r\u00f6k\u00f6n t\u00f6bb \u00e9rdekes alkot\u00e1st k\u00e9sz\u00edtett\u00fcnk, mint p\u00e9ld\u00e1ul a csipeszfigur\u00e1k, az \u00e1larc, a B\u00e1lint-napi kit\u0171z\u0151k vagy a desszertes k\u00edn\u00e1l\u00f3. A foglalkoz\u00e1sokon t\u00fal a gyerekek szabadidej\u00fckben Andr\u00e9k\u00f3 P\u00e1ln\u00e9 Kati n\u00e9ni seg\u00edts\u00e9g\u00e9vel nagy szorgalommal k\u00e9sz\u00fcltek a VII. D\u00e9l-Alf\u00f6ldi Region\u00e1lis Gyermek- \u00e9s Ifj\u00fas\u00e1gi N\u00e9pi K\u00e9zm\u0171ves P\u00e1ly\u00e1zatra, illetve a VII. Orsz\u00e1gos Fonhat\u00f3 Sz\u00e1las anyag P\u00e1ly\u00e1zatra is. \u00a0A csoport k\u00fcl\u00f6n is megm\u00e9rettette mag\u00e1t, illetve egy\u00e9niben is indult t\u00f6bb csoporttagunk. A sz\u00e1las anyag kateg\u00f3ri\u00e1ban nem adtak ki d\u00edjat &#8211; csak\u00fagy mint k\u00e9t \u00e9vvel ezel\u0151tt is-, sajnos \u00edgy a csoporttagok ezen munk\u00e1i nem ker\u00fcltek min\u0151s\u00edt\u00e9sre. A ki\u00e1ll\u00edt\u00e1son szerepelt a m\u00e9zeskal\u00e1cs d\u00edszek L\u0151rincz Kitti munk\u00e1i. A bab\u00e1kat Miszlai Laura k\u00e9sz\u00edtette, a berzselt toj\u00e1sok a csoporttagok \u00e1ltal k\u00e9sz\u00fcltek, az \u00edr\u00f3k\u00e1s toj\u00e1sokat Andr\u00e9k\u00f3 M\u00f3nika alkotta. Arat\u00f3d\u00edszeket t\u00f6bben k\u00e9sz\u00edtett\u00e9k: Andr\u00e9k\u00f3 M\u00f3nika, Szemenyei Liza, \u00e9s Kocs\u00e1ny Kitti, aki a szalmakalapokat \u00e9s a kis\u00e1llatokat megform\u00e1z\u00f3 szalmasorozatot. Bennem \u00e9s a szakmailag elismert csoportvezet\u0151nkben is felmer\u00fclt a k\u00e9rd\u00e9s: vajon a 10-14 \u00e9vesek k\u00f6z\u00f6tt mi lenne az a szint, amit teljes\u00edteni kellene, hogy egy\u00e1ltal\u00e1n valakinek is legal\u00e1bb a 3. d\u00edjat oda\u00edt\u00e9lj\u00e9k? Mindezek ellen\u00e9re nagy eredm\u00e9nynek tartom, hogy az \u0151sszel szervez\u0151d\u00f6tt csoport m\u00e1r beker\u00fclt a ki\u00e1ll\u00edt\u00e1son bemutatkozhat\u00f3 alkot\u00f3k k\u00f6z\u00e9. Lend\u00fclet\u00fcnk t\u00f6retlen marad \u00e9s a b\u00e9k\u00e9scsabai ki\u00e1ll\u00edt\u00e1sr\u00f3l vissza\u00e9rkez\u0151 p\u00e1lyamunk\u00e1ink hamarosan a m\u0171vel\u0151d\u00e9si h\u00e1zban is ki\u00e1ll\u00edt\u00e1sra ker\u00fclnek.<\/p>\n<p>Fot\u00f3gal\u00e9ria <a href=\"https:\/\/www.flickr.com\/photos\/kardoskuthu\/albums\/72157659349722471\">ITT<\/a> tal\u00e1lhat\u00f3.<\/p>\n","protected":false},"excerpt":{"rendered":"<p>Az idei \u00e9vben is folyamatosan fejlesztik a szakk\u00f6r\u00f6s gyerekek k\u00e9z\u00fcgyess\u00e9g\u00fcket. Az elm\u00falt h\u00f3napokban a foglalkoz\u00e1sokon az adott \u00fcnnepekhez igazodva sokf\u00e9le j\u00e1t\u00e9kot \u00e9s t\u00e1rgyat k\u00e9sz\u00edtett\u00fcnk. A gyermekekkel a csoportos munk\u00e1t k\u00e9t ir\u00e1nyvonalon haladva folytatjuk: a n\u00e9pi k\u00e9zm\u0171vess\u00e9g hagyom\u00e1nyai alapj\u00e1n illetve a modernebb, a kreativit\u00e1st el\u0151t\u00e9rbe helyez\u0151 tev\u00e9kenys\u00e9gekkel. A szakk\u00f6r\u00f6k\u00f6n t\u00f6bb \u00e9rdekes alkot\u00e1st k\u00e9sz\u00edtett\u00fcnk, mint p\u00e9ld\u00e1ul a &hellip; <\/p>\n<p class=\"link-more\"><a href=\"https:\/\/www.kardoskut.hu\/?p=520\" class=\"more-link\"><span class=\"screen-reader-text\">&#8222;Gyermek &#8211; \u00e9s Ifj\u00fas\u00e1gi k\u00e9zm\u0171ves p\u00e1ly\u00e1zat&#8221;<\/span> b\u0151vebben<\/a><\/p>\n","protected":false},"author":1,"featured_media":0,"comment_status":"closed","ping_status":"closed","sticky":false,"template":"","format":"standard","meta":{"footnotes":""},"categories":[9],"tags":[],"class_list":["post-520","post","type-post","status-publish","format-standard","hentry","category-9"],"_links":{"self":[{"href":"https:\/\/www.kardoskut.hu\/index.php?rest_route=\/wp\/v2\/posts\/520","targetHints":{"allow":["GET"]}}],"collection":[{"href":"https:\/\/www.kardoskut.hu\/index.php?rest_route=\/wp\/v2\/posts"}],"about":[{"href":"https:\/\/www.kardoskut.hu\/index.php?rest_route=\/wp\/v2\/types\/post"}],"author":[{"embeddable":true,"href":"https:\/\/www.kardoskut.hu\/index.php?rest_route=\/wp\/v2\/users\/1"}],"replies":[{"embeddable":true,"href":"https:\/\/www.kardoskut.hu\/index.php?rest_route=%2Fwp%2Fv2%2Fcomments&post=520"}],"version-history":[{"count":1,"href":"https:\/\/www.kardoskut.hu\/index.php?rest_route=\/wp\/v2\/posts\/520\/revisions"}],"predecessor-version":[{"id":521,"href":"https:\/\/www.kardoskut.hu\/index.php?rest_route=\/wp\/v2\/posts\/520\/revisions\/521"}],"wp:attachment":[{"href":"https:\/\/www.kardoskut.hu\/index.php?rest_route=%2Fwp%2Fv2%2Fmedia&parent=520"}],"wp:term":[{"taxonomy":"category","embeddable":true,"href":"https:\/\/www.kardoskut.hu\/index.php?rest_route=%2Fwp%2Fv2%2Fcategories&post=520"},{"taxonomy":"post_tag","embeddable":true,"href":"https:\/\/www.kardoskut.hu\/index.php?rest_route=%2Fwp%2Fv2%2Ftags&post=520"}],"curies":[{"name":"wp","href":"https:\/\/api.w.org\/{rel}","templated":true}]}}