{"id":492,"date":"2007-03-16T09:36:48","date_gmt":"2007-03-16T09:36:48","guid":{"rendered":"http:\/\/new.kardoskut.hu\/?p=492"},"modified":"2017-11-20T10:35:18","modified_gmt":"2017-11-20T10:35:18","slug":"festmenyek-capak-es-meg-sok-minden-mas","status":"publish","type":"post","link":"https:\/\/www.kardoskut.hu\/?p=492","title":{"rendered":"Festm\u00e9nyek, c\u00e1p\u00e1k \u00e9s m\u00e9g sok minden m\u00e1s"},"content":{"rendered":"<p>Naps\u00fct\u00e9ses, sz\u00e9p napnak n\u00e9zt\u00fcnk el\u00e9be m\u00e1rcius 16-\u00e1n, amikor kor\u00e1n reggel \u00fatnak indultunk a f\u0151v\u00e1rosba. M\u00e1r febru\u00e1r k\u00f6zep\u00e9n eld\u0151lt, hogy sokan k\u00edv\u00e1ncsiak a h\u00edres gy\u0171jtem\u00e9nyekb\u0151l Magyarorsz\u00e1gon ki\u00e1ll\u00edtott Vincent van Gogh alkot\u00e1sokra. A Sz\u00e9pm\u0171v\u00e9szeti M\u00fazeumi l\u00e1togat\u00e1sunk el\u0151tt megtekintett\u00fck az Id\u0151kereket, az 1956-os Eml\u00e9km\u0171vet \u00e9s a H\u0151s\u00f6k Ter\u00e9n is id\u0151zt\u00fcnk egy kicsit. A m\u00fazeumi ki\u00e1ll\u00edt\u00e1son a fest\u0151m\u0171v\u00e9sz t\u00f6bb nagy kort\u00e1rs\u00e1nak a m\u0171v\u00e9t is megcsod\u00e1lhattuk, t\u00f6bbek k\u00f6z\u00f6tt Delacroix, Rembrandt alkot\u00e1sait is. Kora d\u00e9lut\u00e1n a Campona Bev\u00e1s\u00e1rl\u00f3k\u00f6zpont fel\u00e9 indultunk el, ahol a Tropicariumban kir\u00e1ndul\u00e1sunk tov\u00e1bbi r\u00e9sz\u00e9t sz\u00e1munkra k\u00fcl\u00f6nleges \u00e1llatok k\u00f6z\u00f6tt t\u00f6lt\u00f6tt\u00fck. Mindannyiunknak nagyon tetszett a mini es\u0151erd\u0151, ahol a r\u00f6gt\u00f6nz\u00f6tt tr\u00f3pusi es\u0151 \u00e9s mennyd\u00f6rg\u00e9s hat\u00e1s\u00e1ra a madarak \u00e9s a kis\u00e1llatok hirtelen elhallgattak. Miut\u00e1n az es\u0151 el\u00e1llt, hangos csivitel\u00e9ssel megindult az \u00e9let. Hosszasan id\u0151zt\u00fcnk a c\u00e1pamedenc\u00e9n\u00e9l, ahol centim\u00e9terekr\u0151l csod\u00e1lhattuk meg a tengerek \u00e9l\u0151vil\u00e1g\u00e1t. A fej\u00fcnk felett \u00fasztak el a r\u00e1j\u00e1k, a c\u00e1p\u00e1k \u00e9s a szebbn\u00e9l szebb sz\u00ednben pomp\u00e1z\u00f3 halak. H\u00e1rom b\u00fav\u00e1r al\u00e1mer\u00fcl\u00e9s\u00e9t is figyelemmel k\u00eds\u00e9rhett\u00fck. A j\u00f3 hangulatnak \u00e9s a sok l\u00e1tnival\u00f3nak k\u00f6sz\u00f6nhet\u0151en nagyon hamar eltelt az id\u0151, \u00e9lm\u00e9nyekkel gazdagabban t\u00e9rt\u00fcnk haza.<\/p>\n<p><a href=\"https:\/\/www.flickr.com\/photos\/kardoskuthu\/albums\/72157657011578294\">GAL\u00c9RIA ITT.<\/a><\/p>\n<p><a href=\"http:\/\/new.kardoskut.hu\/wp-content\/uploads\/2017\/11\/budapest_2007_marc_16-14.jpg\"><img loading=\"lazy\" decoding=\"async\" class=\"alignleft size-large wp-image-493\" src=\"http:\/\/new.kardoskut.hu\/wp-content\/uploads\/2017\/11\/budapest_2007_marc_16-14-1024x768.jpg\" alt=\"\" width=\"525\" height=\"394\" srcset=\"https:\/\/www.kardoskut.hu\/wp-content\/uploads\/2017\/11\/budapest_2007_marc_16-14.jpg 1024w, https:\/\/www.kardoskut.hu\/wp-content\/uploads\/2017\/11\/budapest_2007_marc_16-14-300x225.jpg 300w, https:\/\/www.kardoskut.hu\/wp-content\/uploads\/2017\/11\/budapest_2007_marc_16-14-768x576.jpg 768w\" sizes=\"auto, (max-width: 525px) 100vw, 525px\" \/><\/a> <a href=\"http:\/\/new.kardoskut.hu\/wp-content\/uploads\/2017\/11\/budapest_2007_marc_16-15.jpg\"><img loading=\"lazy\" decoding=\"async\" class=\"alignleft size-large wp-image-494\" src=\"http:\/\/new.kardoskut.hu\/wp-content\/uploads\/2017\/11\/budapest_2007_marc_16-15-1024x768.jpg\" alt=\"\" width=\"525\" height=\"394\" srcset=\"https:\/\/www.kardoskut.hu\/wp-content\/uploads\/2017\/11\/budapest_2007_marc_16-15.jpg 1024w, https:\/\/www.kardoskut.hu\/wp-content\/uploads\/2017\/11\/budapest_2007_marc_16-15-300x225.jpg 300w, https:\/\/www.kardoskut.hu\/wp-content\/uploads\/2017\/11\/budapest_2007_marc_16-15-768x576.jpg 768w\" sizes=\"auto, (max-width: 525px) 100vw, 525px\" \/><\/a> <a href=\"http:\/\/new.kardoskut.hu\/wp-content\/uploads\/2017\/11\/budapest_2007_marc_16-24.jpg\"><img loading=\"lazy\" decoding=\"async\" class=\"alignleft size-large wp-image-495\" src=\"http:\/\/new.kardoskut.hu\/wp-content\/uploads\/2017\/11\/budapest_2007_marc_16-24-1024x768.jpg\" alt=\"\" width=\"525\" height=\"394\" srcset=\"https:\/\/www.kardoskut.hu\/wp-content\/uploads\/2017\/11\/budapest_2007_marc_16-24.jpg 1024w, https:\/\/www.kardoskut.hu\/wp-content\/uploads\/2017\/11\/budapest_2007_marc_16-24-300x225.jpg 300w, https:\/\/www.kardoskut.hu\/wp-content\/uploads\/2017\/11\/budapest_2007_marc_16-24-768x576.jpg 768w\" sizes=\"auto, (max-width: 525px) 100vw, 525px\" \/><\/a> <a href=\"http:\/\/new.kardoskut.hu\/wp-content\/uploads\/2017\/11\/budapest_2007_marc_16-25.jpg\"><img loading=\"lazy\" decoding=\"async\" class=\"alignleft size-large wp-image-496\" src=\"http:\/\/new.kardoskut.hu\/wp-content\/uploads\/2017\/11\/budapest_2007_marc_16-25-1024x768.jpg\" alt=\"\" width=\"525\" height=\"394\" srcset=\"https:\/\/www.kardoskut.hu\/wp-content\/uploads\/2017\/11\/budapest_2007_marc_16-25.jpg 1024w, https:\/\/www.kardoskut.hu\/wp-content\/uploads\/2017\/11\/budapest_2007_marc_16-25-300x225.jpg 300w, https:\/\/www.kardoskut.hu\/wp-content\/uploads\/2017\/11\/budapest_2007_marc_16-25-768x576.jpg 768w\" sizes=\"auto, (max-width: 525px) 100vw, 525px\" \/><\/a> <a href=\"http:\/\/new.kardoskut.hu\/wp-content\/uploads\/2017\/11\/budapest_2007_marc_16-37.jpg\"><img loading=\"lazy\" decoding=\"async\" class=\"alignleft size-large wp-image-497\" src=\"http:\/\/new.kardoskut.hu\/wp-content\/uploads\/2017\/11\/budapest_2007_marc_16-37-1024x768.jpg\" alt=\"\" width=\"525\" height=\"394\" srcset=\"https:\/\/www.kardoskut.hu\/wp-content\/uploads\/2017\/11\/budapest_2007_marc_16-37.jpg 1024w, https:\/\/www.kardoskut.hu\/wp-content\/uploads\/2017\/11\/budapest_2007_marc_16-37-300x225.jpg 300w, https:\/\/www.kardoskut.hu\/wp-content\/uploads\/2017\/11\/budapest_2007_marc_16-37-768x576.jpg 768w\" sizes=\"auto, (max-width: 525px) 100vw, 525px\" \/><\/a><\/p>\n","protected":false},"excerpt":{"rendered":"<p>Naps\u00fct\u00e9ses, sz\u00e9p napnak n\u00e9zt\u00fcnk el\u00e9be m\u00e1rcius 16-\u00e1n, amikor kor\u00e1n reggel \u00fatnak indultunk a f\u0151v\u00e1rosba. M\u00e1r febru\u00e1r k\u00f6zep\u00e9n eld\u0151lt, hogy sokan k\u00edv\u00e1ncsiak a h\u00edres gy\u0171jtem\u00e9nyekb\u0151l Magyarorsz\u00e1gon ki\u00e1ll\u00edtott Vincent van Gogh alkot\u00e1sokra. A Sz\u00e9pm\u0171v\u00e9szeti M\u00fazeumi l\u00e1togat\u00e1sunk el\u0151tt megtekintett\u00fck az Id\u0151kereket, az 1956-os Eml\u00e9km\u0171vet \u00e9s a H\u0151s\u00f6k Ter\u00e9n is id\u0151zt\u00fcnk egy kicsit. A m\u00fazeumi ki\u00e1ll\u00edt\u00e1son a fest\u0151m\u0171v\u00e9sz t\u00f6bb &hellip; <\/p>\n<p class=\"link-more\"><a href=\"https:\/\/www.kardoskut.hu\/?p=492\" class=\"more-link\"><span class=\"screen-reader-text\">&#8222;Festm\u00e9nyek, c\u00e1p\u00e1k \u00e9s m\u00e9g sok minden m\u00e1s&#8221;<\/span> b\u0151vebben<\/a><\/p>\n","protected":false},"author":1,"featured_media":0,"comment_status":"closed","ping_status":"closed","sticky":false,"template":"","format":"standard","meta":{"footnotes":""},"categories":[9],"tags":[],"class_list":["post-492","post","type-post","status-publish","format-standard","hentry","category-9"],"_links":{"self":[{"href":"https:\/\/www.kardoskut.hu\/index.php?rest_route=\/wp\/v2\/posts\/492","targetHints":{"allow":["GET"]}}],"collection":[{"href":"https:\/\/www.kardoskut.hu\/index.php?rest_route=\/wp\/v2\/posts"}],"about":[{"href":"https:\/\/www.kardoskut.hu\/index.php?rest_route=\/wp\/v2\/types\/post"}],"author":[{"embeddable":true,"href":"https:\/\/www.kardoskut.hu\/index.php?rest_route=\/wp\/v2\/users\/1"}],"replies":[{"embeddable":true,"href":"https:\/\/www.kardoskut.hu\/index.php?rest_route=%2Fwp%2Fv2%2Fcomments&post=492"}],"version-history":[{"count":2,"href":"https:\/\/www.kardoskut.hu\/index.php?rest_route=\/wp\/v2\/posts\/492\/revisions"}],"predecessor-version":[{"id":504,"href":"https:\/\/www.kardoskut.hu\/index.php?rest_route=\/wp\/v2\/posts\/492\/revisions\/504"}],"wp:attachment":[{"href":"https:\/\/www.kardoskut.hu\/index.php?rest_route=%2Fwp%2Fv2%2Fmedia&parent=492"}],"wp:term":[{"taxonomy":"category","embeddable":true,"href":"https:\/\/www.kardoskut.hu\/index.php?rest_route=%2Fwp%2Fv2%2Fcategories&post=492"},{"taxonomy":"post_tag","embeddable":true,"href":"https:\/\/www.kardoskut.hu\/index.php?rest_route=%2Fwp%2Fv2%2Ftags&post=492"}],"curies":[{"name":"wp","href":"https:\/\/api.w.org\/{rel}","templated":true}]}}