{"id":490,"date":"2007-03-15T09:34:40","date_gmt":"2007-03-15T09:34:40","guid":{"rendered":"http:\/\/new.kardoskut.hu\/?p=490"},"modified":"2017-11-20T10:34:30","modified_gmt":"2017-11-20T10:34:30","slug":"melto-unneplese-a-forradalomnak","status":"publish","type":"post","link":"https:\/\/www.kardoskut.hu\/?p=490","title":{"rendered":"M\u00e9lt\u00f3 \u00fcnnepl\u00e9se a forradalomnak"},"content":{"rendered":"<p>Szerencs\u00e9re a politika vihara most is elker\u00fclte Kardoskutat. M\u00e1rcius 15-\u00e9n este csendben, m\u00e9lt\u00f3s\u00e1gteljesen telt meg a m\u0171vel\u0151d\u00e9si h\u00e1z nagyterme. Ramasz Imre polg\u00e1rmester \u00far k\u00f6sz\u00f6nt\u0151 szavai ut\u00e1n az \u00e1ltal\u00e1nos iskol\u00e1sok \u00fcnnepi m\u0171sora k\u00f6vetkezett &#8211; amelynek sz\u00ednes\u00edt\u00e9sek\u00e9nt &#8211; a forradalom \u00e9s szabads\u00e1gharc idej\u00e9b\u0151l sz\u00e1rmaz\u00f3 fot\u00f3mont\u00e1zs ker\u00fclt levet\u00edt\u00e9sre a filmv\u00e1sznon. Az iskol\u00e1sok versekkel \u00e9s \u00e9nekekkel eml\u00e9keztek a h\u0151s\u00f6kr\u0151l. A k\u00f6zel h\u00fasz perces m\u0171sort k\u00f6vet\u0151en Pappn\u00e9 Neller Borb\u00e1la, a m\u0171vel\u0151d\u00e9si h\u00e1z vezet\u0151je vette mag\u00e1hoz a sz\u00f3t \u00e9s egy sz\u00e9p \u00fcnnepi besz\u00e9ddel m\u00e9ltatta a forradalom \u00e9s szabads\u00e1gharc eml\u00e9k\u00e9t. A k\u00f6zel 150 jelenl\u00e9v\u0151 a sz\u00f3zat elhangz\u00e1sa ut\u00e1n a m\u0171vel\u0151d\u00e9si h\u00e1z el\u0151tt f\u00e1kly\u00e1t gy\u00fajtott \u00e9s \u00e9nekelve vonult a H\u0151s\u00f6k Eml\u00e9km\u0171v\u00e9hez. A koszor\u00faz\u00e1s alatt a nem messze fel\u00e1ll\u00edtott t\u00e1bort\u0171z szikr\u00e1i is az \u00e9g fel\u00e9 vett\u00e9k \u00fatjukat. Az \u00fcnnepl\u0151k \u00e9neksz\u00f3val \u00e1llt\u00e1k k\u00f6rbe a t\u00fczet \u00e9s m\u00e9lt\u00f3an \u00fcnnepelt\u00e9k 1848-49. szellem\u00e9t. A par\u00e1zs kialudt, de az eml\u00e9kek tov\u00e1bb \u00e9lnek.<\/p>\n<p>Fot\u00f3k az \u00fcnneps\u00e9gr\u0151l <a href=\"https:\/\/www.flickr.com\/photos\/kardoskuthu\/albums\/72157658936757868\">IDE<\/a> kattintva \u00e9rhet\u0151ek el.<\/p>\n","protected":false},"excerpt":{"rendered":"<p>Szerencs\u00e9re a politika vihara most is elker\u00fclte Kardoskutat. M\u00e1rcius 15-\u00e9n este csendben, m\u00e9lt\u00f3s\u00e1gteljesen telt meg a m\u0171vel\u0151d\u00e9si h\u00e1z nagyterme. Ramasz Imre polg\u00e1rmester \u00far k\u00f6sz\u00f6nt\u0151 szavai ut\u00e1n az \u00e1ltal\u00e1nos iskol\u00e1sok \u00fcnnepi m\u0171sora k\u00f6vetkezett &#8211; amelynek sz\u00ednes\u00edt\u00e9sek\u00e9nt &#8211; a forradalom \u00e9s szabads\u00e1gharc idej\u00e9b\u0151l sz\u00e1rmaz\u00f3 fot\u00f3mont\u00e1zs ker\u00fclt levet\u00edt\u00e9sre a filmv\u00e1sznon. Az iskol\u00e1sok versekkel \u00e9s \u00e9nekekkel eml\u00e9keztek a h\u0151s\u00f6kr\u0151l. &hellip; <\/p>\n<p class=\"link-more\"><a href=\"https:\/\/www.kardoskut.hu\/?p=490\" class=\"more-link\"><span class=\"screen-reader-text\">&#8222;M\u00e9lt\u00f3 \u00fcnnepl\u00e9se a forradalomnak&#8221;<\/span> b\u0151vebben<\/a><\/p>\n","protected":false},"author":1,"featured_media":0,"comment_status":"closed","ping_status":"closed","sticky":false,"template":"","format":"standard","meta":{"footnotes":""},"categories":[9],"tags":[],"class_list":["post-490","post","type-post","status-publish","format-standard","hentry","category-9"],"_links":{"self":[{"href":"https:\/\/www.kardoskut.hu\/index.php?rest_route=\/wp\/v2\/posts\/490","targetHints":{"allow":["GET"]}}],"collection":[{"href":"https:\/\/www.kardoskut.hu\/index.php?rest_route=\/wp\/v2\/posts"}],"about":[{"href":"https:\/\/www.kardoskut.hu\/index.php?rest_route=\/wp\/v2\/types\/post"}],"author":[{"embeddable":true,"href":"https:\/\/www.kardoskut.hu\/index.php?rest_route=\/wp\/v2\/users\/1"}],"replies":[{"embeddable":true,"href":"https:\/\/www.kardoskut.hu\/index.php?rest_route=%2Fwp%2Fv2%2Fcomments&post=490"}],"version-history":[{"count":2,"href":"https:\/\/www.kardoskut.hu\/index.php?rest_route=\/wp\/v2\/posts\/490\/revisions"}],"predecessor-version":[{"id":503,"href":"https:\/\/www.kardoskut.hu\/index.php?rest_route=\/wp\/v2\/posts\/490\/revisions\/503"}],"wp:attachment":[{"href":"https:\/\/www.kardoskut.hu\/index.php?rest_route=%2Fwp%2Fv2%2Fmedia&parent=490"}],"wp:term":[{"taxonomy":"category","embeddable":true,"href":"https:\/\/www.kardoskut.hu\/index.php?rest_route=%2Fwp%2Fv2%2Fcategories&post=490"},{"taxonomy":"post_tag","embeddable":true,"href":"https:\/\/www.kardoskut.hu\/index.php?rest_route=%2Fwp%2Fv2%2Ftags&post=490"}],"curies":[{"name":"wp","href":"https:\/\/api.w.org\/{rel}","templated":true}]}}