{"id":485,"date":"2007-02-12T01:37:42","date_gmt":"2007-02-12T01:37:42","guid":{"rendered":"http:\/\/new.kardoskut.hu\/?p=485"},"modified":"2017-11-20T10:26:01","modified_gmt":"2017-11-20T10:26:01","slug":"falugyules-2","status":"publish","type":"post","link":"https:\/\/www.kardoskut.hu\/?p=485","title":{"rendered":"Falugy\u0171l\u00e9s"},"content":{"rendered":"<p><a href=\"https:\/\/www.flickr.com\/photos\/kardoskuthu\/albums\/72157659350133921\"><img loading=\"lazy\" decoding=\"async\" class=\"alignnone wp-image-486 size-large\" src=\"http:\/\/new.kardoskut.hu\/wp-content\/uploads\/2017\/11\/falugyules_2007-10-1024x768.jpg\" alt=\"\" width=\"525\" height=\"394\" srcset=\"https:\/\/www.kardoskut.hu\/wp-content\/uploads\/2017\/11\/falugyules_2007-10.jpg 1024w, https:\/\/www.kardoskut.hu\/wp-content\/uploads\/2017\/11\/falugyules_2007-10-300x225.jpg 300w, https:\/\/www.kardoskut.hu\/wp-content\/uploads\/2017\/11\/falugyules_2007-10-768x576.jpg 768w\" sizes=\"auto, (max-width: 525px) 100vw, 525px\" \/><\/a>Els\u0151 helyen az int\u00e9zm\u00e9nyek zavartalan m\u0171k\u00f6d\u00e9s\u00e9nek biztos\u00edt\u00e1sa \u00e1ll.<\/p>\n<p>febru\u00e1r 12-\u00e9n 18 \u00f3rai kezdettel 50 \u00e9rdekl\u0151d\u0151 el\u0151tt kezd\u0151d\u00f6tt meg az idei falugy\u0171l\u00e9s a m\u0171vel\u0151d\u00e9si h\u00e1zban. Ramasz Imre polg\u00e1rmester \u00far bevezet\u0151j\u00e9ben k\u00f6sz\u00f6nt\u00f6tte az \u00faj test\u00fcletet, majd a 2006-os \u00e9vre kit\u0171z\u00f6tt c\u00e9lok teljes\u00edt\u00e9s\u00e9r\u0151l besz\u00e9lt.<\/p>\n<p>Eredm\u00e9nyes k\u00f6lts\u00e9gvet\u00e9si \u00e9vet z\u00e1rt az \u00f6nkorm\u00e1nyzat. A sikeres p\u00e1ly\u00e1zatoknak k\u00f6sz\u00f6nhet\u0151en t\u00f6bb fejleszt\u00e9s megval\u00f3sulhatott, amelyekb\u0151l n\u00e9h\u00e1ny:<\/p>\n<p>&#8211; \u00fatfel\u00faj\u00edt\u00e1s<\/p>\n<p>&#8211; ker\u00e9kp\u00e1r\u00fat fel\u00faj\u00edt\u00e1sa,<\/p>\n<p>&#8211; \u00a0m\u0171vel\u0151d\u00e9si h\u00e1zn\u00e1l l\u00e9v\u0151 szolg\u00e1lati lak\u00e1s teljes fel\u00faj\u00edt\u00e1sa<\/p>\n<p>&#8211; korszer\u0171 sz\u00e1m\u00edt\u00f3g\u00e9pek v\u00e1s\u00e1rl\u00e1sa az \u00e1ltal\u00e1nos iskola r\u00e9sze, valamint egy nyelvi labor ki\u00e9p\u00edt\u00e9se, g\u00e1zkaz\u00e1n csere<\/p>\n<p>&#8211; Pusztak\u00f6zponton az Oncsa sorra iv\u00f3v\u00edz h\u00e1l\u00f3zat ki\u00e9p\u00edt\u00e9se<br \/>\n&#8211; \u00f6nkorm\u00e1nyzati el\u0151v\u00e1s\u00e1rl\u00e1si joggal \u00e9lve term\u0151f\u00f6ldv\u00e1s\u00e1rl\u00e1s<br \/>\n&#8211; \u00e1tereszek elk\u00e9sz\u00edt\u00e9se<\/p>\n<p>A 2007-es \u00e9v k\u00f6lts\u00e9gvet\u00e9s\u00e9re a korm\u00e1ny megszor\u00edt\u00f3 csomagja &#8211; m\u00e1s telep\u00fcl\u00e9sekhez hasonl\u00f3an-\u00a0 itt is r\u00e1nyomja b\u00e9lyeg\u00e9t. L\u00e9nyegesen kevesebb p\u00e9nzb\u0151l gazd\u00e1lkodhat az id\u00e9n a test\u00fclet. A k\u00f6lts\u00e9gvet\u00e9s tervezet els\u0151dleges szempontja, hogy az int\u00e9zm\u00e9nyeknek tov\u00e1bbra is rendelkez\u00e9s\u00e9re \u00e1lljanak a p\u00e9nzeszk\u00f6z\u00f6k a zavartalan m\u0171k\u00f6d\u00e9shez. K\u00e9t alternat\u00edva k\u00f6z\u00fcl d\u00f6nthet a test\u00fclet:<\/p>\n<p>&#8211; egy visszafogottabb k\u00f6lts\u00e9gvet\u00e9s elfogad\u00e1sa eset\u00e9n kisebb fel\u00faj\u00edt\u00e1si munk\u00e1k mellett nagyobb t\u0151ketartal\u00e9kkal n\u00e9zni a j\u00f6v\u0151 fel\u00e9 &#8211; esetleg egy dinamikus fejleszt\u00e9st t\u00e1mogat\u00f3 k\u00f6lts\u00e9gvet\u00e9s mellett d\u00f6nteni, amely esetben nagyobb beruh\u00e1z\u00e1sok j\u00f6hetnek l\u00e9tre az id\u00e9n. Viszont kevesebb p\u00e9nz marad a j\u00f6v\u0151 \u00e9vre \u00e1tvihet\u0151b\u0151l.<\/p>\n<p>Mindk\u00e9t k\u00f6lts\u00e9gvet\u00e9s tervezet mellett \u00e1llnak \u00e9rvek \u00e9s ellen\u00e9rvek. Az id\u00e9n m\u00e9g a telep\u00fcl\u00e9s\u00fcnk rendelkez\u00e9s\u00e9re \u00e1ll az a 120 milli\u00f3 forint, amely az ipar\u0171z\u00e9si ad\u00f3b\u00f3l folyik a k\u00f6lts\u00e9gvet\u00e9sbe. Az ipar\u0171z\u00e9si ad\u00f3 j\u00f6v\u0151je azonban bizonytalan. Ennek az \u00f3ri\u00e1si p\u00e9nz\u00f6sszegnek a megvon\u00e1s\u00e1t igencsak meg\u00e9rezn\u00e9 a telep\u00fcl\u00e9s.<\/p>\n","protected":false},"excerpt":{"rendered":"<p>Els\u0151 helyen az int\u00e9zm\u00e9nyek zavartalan m\u0171k\u00f6d\u00e9s\u00e9nek biztos\u00edt\u00e1sa \u00e1ll. febru\u00e1r 12-\u00e9n 18 \u00f3rai kezdettel 50 \u00e9rdekl\u0151d\u0151 el\u0151tt kezd\u0151d\u00f6tt meg az idei falugy\u0171l\u00e9s a m\u0171vel\u0151d\u00e9si h\u00e1zban. Ramasz Imre polg\u00e1rmester \u00far bevezet\u0151j\u00e9ben k\u00f6sz\u00f6nt\u00f6tte az \u00faj test\u00fcletet, majd a 2006-os \u00e9vre kit\u0171z\u00f6tt c\u00e9lok teljes\u00edt\u00e9s\u00e9r\u0151l besz\u00e9lt. Eredm\u00e9nyes k\u00f6lts\u00e9gvet\u00e9si \u00e9vet z\u00e1rt az \u00f6nkorm\u00e1nyzat. A sikeres p\u00e1ly\u00e1zatoknak k\u00f6sz\u00f6nhet\u0151en t\u00f6bb fejleszt\u00e9s megval\u00f3sulhatott, amelyekb\u0151l &hellip; <\/p>\n<p class=\"link-more\"><a href=\"https:\/\/www.kardoskut.hu\/?p=485\" class=\"more-link\"><span class=\"screen-reader-text\">&#8222;Falugy\u0171l\u00e9s&#8221;<\/span> b\u0151vebben<\/a><\/p>\n","protected":false},"author":1,"featured_media":0,"comment_status":"closed","ping_status":"closed","sticky":false,"template":"","format":"standard","meta":{"footnotes":""},"categories":[9],"tags":[],"class_list":["post-485","post","type-post","status-publish","format-standard","hentry","category-9"],"_links":{"self":[{"href":"https:\/\/www.kardoskut.hu\/index.php?rest_route=\/wp\/v2\/posts\/485","targetHints":{"allow":["GET"]}}],"collection":[{"href":"https:\/\/www.kardoskut.hu\/index.php?rest_route=\/wp\/v2\/posts"}],"about":[{"href":"https:\/\/www.kardoskut.hu\/index.php?rest_route=\/wp\/v2\/types\/post"}],"author":[{"embeddable":true,"href":"https:\/\/www.kardoskut.hu\/index.php?rest_route=\/wp\/v2\/users\/1"}],"replies":[{"embeddable":true,"href":"https:\/\/www.kardoskut.hu\/index.php?rest_route=%2Fwp%2Fv2%2Fcomments&post=485"}],"version-history":[{"count":2,"href":"https:\/\/www.kardoskut.hu\/index.php?rest_route=\/wp\/v2\/posts\/485\/revisions"}],"predecessor-version":[{"id":499,"href":"https:\/\/www.kardoskut.hu\/index.php?rest_route=\/wp\/v2\/posts\/485\/revisions\/499"}],"wp:attachment":[{"href":"https:\/\/www.kardoskut.hu\/index.php?rest_route=%2Fwp%2Fv2%2Fmedia&parent=485"}],"wp:term":[{"taxonomy":"category","embeddable":true,"href":"https:\/\/www.kardoskut.hu\/index.php?rest_route=%2Fwp%2Fv2%2Fcategories&post=485"},{"taxonomy":"post_tag","embeddable":true,"href":"https:\/\/www.kardoskut.hu\/index.php?rest_route=%2Fwp%2Fv2%2Ftags&post=485"}],"curies":[{"name":"wp","href":"https:\/\/api.w.org\/{rel}","templated":true}]}}