{"id":481,"date":"2007-02-06T17:33:21","date_gmt":"2007-02-06T17:33:21","guid":{"rendered":"http:\/\/new.kardoskut.hu\/?p=481"},"modified":"2017-11-20T10:29:35","modified_gmt":"2017-11-20T10:29:35","slug":"potszilveszter-a-nyugdijas-klubban","status":"publish","type":"post","link":"https:\/\/www.kardoskut.hu\/?p=481","title":{"rendered":"P\u00f3tszilveszter a nyugd\u00edjas klubban"},"content":{"rendered":"<p>Nagy s\u00fcrg\u00e9s-forg\u00e1s volt kedden d\u00e9lut\u00e1n a M\u00f3ra Ferenc M\u0171vel\u0151d\u00e9si H\u00e1z konyh\u00e1j\u00e1ban. A Radn\u00f3ti Mikl\u00f3s Nyugd\u00edjas Klub vacsor\u00e1s rendezv\u00e9ny\u00e9re k\u00e9sz\u00fcl\u0151dtek szorgalmasan a klub n\u0151tagjai. M\u00e1r eb\u00e9d ut\u00e1n megtelt a konyha, mindenkire jutott valami teend\u0151 a vacsora elk\u00e9sz\u00edt\u00e9s\u00e9hez. M\u00e1r minden elk\u00e9sz\u00fclt, \u00e1m &#8211; m\u00e9g a tal\u00e1lkoz\u00f3 megkezd\u00e9se el\u0151tt- n\u00e9h\u00e1nyan a beteg klubt\u00e1rsakhoz ell\u00e1togattunk, hogy \u0151k se maradjanak ki a finoms\u00e1gok megk\u00f3stol\u00e1s\u00e1b\u00f3l. A hagyom\u00e1nyok szerint tombola is sz\u00ednes\u00edtette az est\u00e9t, illetve Cs\u00e1ki Sanyi b\u00e1csi citeraj\u00e1t\u00e9ka sz\u00f3rakoztatta, k\u00eds\u00e9rte a dalos kedv\u0171ek \u00e9nek\u00e9t. \u00d6r\u00fcl\u00fcnk annak, hogy janu\u00e1rban ism\u00e9t 4 \u00faj taggal b\u0151v\u00fclt a klub, rem\u00e9lj\u00fck egyre t\u00f6bben bekapcsol\u00f3dnak az id\u0151sebbek k\u00f6z\u00f6ss\u00e9gi \u00e9let\u00e9be. A ny\u00e1rra ism\u00e9t kir\u00e1ndul\u00e1st tervez\u00fcnk a Dun\u00e1n-t\u00falra a Bory v\u00e1rba,\u00a0 ahova a k\u00f6zs\u00e9g t\u00f6bbi nyugd\u00edjasa k\u00f6z\u00fcl is v\u00e1runk jelentkez\u0151ket.<\/p>\n<p>Az esem\u00e9nyen k\u00e9sz\u00fclt fot\u00f3k <a href=\"https:\/\/www.flickr.com\/photos\/kardoskuthu\/albums\/72157659351217475\">ITT<\/a> \u00e9rhet\u0151ek el.<\/p>\n","protected":false},"excerpt":{"rendered":"<p>Nagy s\u00fcrg\u00e9s-forg\u00e1s volt kedden d\u00e9lut\u00e1n a M\u00f3ra Ferenc M\u0171vel\u0151d\u00e9si H\u00e1z konyh\u00e1j\u00e1ban. A Radn\u00f3ti Mikl\u00f3s Nyugd\u00edjas Klub vacsor\u00e1s rendezv\u00e9ny\u00e9re k\u00e9sz\u00fcl\u0151dtek szorgalmasan a klub n\u0151tagjai. M\u00e1r eb\u00e9d ut\u00e1n megtelt a konyha, mindenkire jutott valami teend\u0151 a vacsora elk\u00e9sz\u00edt\u00e9s\u00e9hez. M\u00e1r minden elk\u00e9sz\u00fclt, \u00e1m &#8211; m\u00e9g a tal\u00e1lkoz\u00f3 megkezd\u00e9se el\u0151tt- n\u00e9h\u00e1nyan a beteg klubt\u00e1rsakhoz ell\u00e1togattunk, hogy \u0151k se maradjanak &hellip; <\/p>\n<p class=\"link-more\"><a href=\"https:\/\/www.kardoskut.hu\/?p=481\" class=\"more-link\"><span class=\"screen-reader-text\">&#8222;P\u00f3tszilveszter a nyugd\u00edjas klubban&#8221;<\/span> b\u0151vebben<\/a><\/p>\n","protected":false},"author":1,"featured_media":0,"comment_status":"closed","ping_status":"closed","sticky":false,"template":"","format":"standard","meta":{"footnotes":""},"categories":[9],"tags":[],"class_list":["post-481","post","type-post","status-publish","format-standard","hentry","category-9"],"_links":{"self":[{"href":"https:\/\/www.kardoskut.hu\/index.php?rest_route=\/wp\/v2\/posts\/481","targetHints":{"allow":["GET"]}}],"collection":[{"href":"https:\/\/www.kardoskut.hu\/index.php?rest_route=\/wp\/v2\/posts"}],"about":[{"href":"https:\/\/www.kardoskut.hu\/index.php?rest_route=\/wp\/v2\/types\/post"}],"author":[{"embeddable":true,"href":"https:\/\/www.kardoskut.hu\/index.php?rest_route=\/wp\/v2\/users\/1"}],"replies":[{"embeddable":true,"href":"https:\/\/www.kardoskut.hu\/index.php?rest_route=%2Fwp%2Fv2%2Fcomments&post=481"}],"version-history":[{"count":3,"href":"https:\/\/www.kardoskut.hu\/index.php?rest_route=\/wp\/v2\/posts\/481\/revisions"}],"predecessor-version":[{"id":501,"href":"https:\/\/www.kardoskut.hu\/index.php?rest_route=\/wp\/v2\/posts\/481\/revisions\/501"}],"wp:attachment":[{"href":"https:\/\/www.kardoskut.hu\/index.php?rest_route=%2Fwp%2Fv2%2Fmedia&parent=481"}],"wp:term":[{"taxonomy":"category","embeddable":true,"href":"https:\/\/www.kardoskut.hu\/index.php?rest_route=%2Fwp%2Fv2%2Fcategories&post=481"},{"taxonomy":"post_tag","embeddable":true,"href":"https:\/\/www.kardoskut.hu\/index.php?rest_route=%2Fwp%2Fv2%2Ftags&post=481"}],"curies":[{"name":"wp","href":"https:\/\/api.w.org\/{rel}","templated":true}]}}