{"id":476,"date":"2007-01-26T17:27:03","date_gmt":"2007-01-26T17:27:03","guid":{"rendered":"http:\/\/new.kardoskut.hu\/?p=476"},"modified":"2017-11-15T17:33:08","modified_gmt":"2017-11-15T17:33:08","slug":"notas-konyvbemutato","status":"publish","type":"post","link":"https:\/\/www.kardoskut.hu\/?p=476","title":{"rendered":"N\u00f3t\u00e1s k\u00f6nyvbemutat\u00f3"},"content":{"rendered":"<p><img loading=\"lazy\" decoding=\"async\" class=\"size-full wp-image-477 alignleft\" src=\"http:\/\/new.kardoskut.hu\/wp-content\/uploads\/2017\/11\/papa.jpg\" alt=\"\" width=\"327\" height=\"410\" srcset=\"https:\/\/www.kardoskut.hu\/wp-content\/uploads\/2017\/11\/papa.jpg 327w, https:\/\/www.kardoskut.hu\/wp-content\/uploads\/2017\/11\/papa-239x300.jpg 239w\" sizes=\"auto, (max-width: 327px) 100vw, 327px\" \/>Valamit nagyon eltal\u00e1ltak tegnap Kardosk\u00faton a m\u00fcv. h\u00e1zban. Mert az\u00e9rt az furcsa, (s\u0151t,) hogy csurig telt meg a k\u00f6zs\u00e9g kult\u00farh\u00e1z\u00e1nak nagyterme B\u00e1rdos Zsuzsa k\u00f6nyvbemutat\u00f3j\u00e1n. \u00c9s miel\u0151tt lemond\u00f3an legyintene b\u00e1rki is, el\u00e1rulhatom, ez a nagyterem speciel t\u00e9nyleg nagy terem. \u0150szint\u00e9n bevallom, n\u00e9mi irigys\u00e9g is vegy\u00fclt az \u00e1mulatomba, amikor v\u00e9gign\u00e9ztem a t\u00f6m\u00f6tt sz\u00e9ksorokon, mert az orosh\u00e1zi m\u00fazeumnak \u00e9s a kardosk\u00fati \u00f6nkorm\u00e1nyzatnak (vagy m\u0171vel\u0151d\u00e9si h\u00e1znak? nem szeretn\u00e9m megb\u00e1ntani a val\u00f3di \u00f6tletgazd\u00e1t) siker\u00fclt annyi embert megmozgatni egy k\u00f6nyvbemutat\u00f3 alkalm\u00e1b\u00f3l, amir\u0151l mi \u00e1lmodni is csak ritk\u00e1n \u00e1lmodunk.<\/p>\n<p>R\u00f3zsa Imr\u00e9r\u0151l, a kardosk\u00fati k\u00f6lt\u0151r\u0151l, dalk\u00f6lt\u0151r\u0151l sz\u00f3l a k\u00f6nyv, \u00e9s erre alapozt\u00e1k az eg\u00e9sz est\u00e9t: R\u00f3zsa Imre 1952-ben vetett v\u00e9get szomor\u00fa \u00e9let\u00e9nek, \u00edgy sokan ismerhett\u00e9k szem\u00e9lyesen is. Plusz volt \u00e9l\u0151zene is n\u00f3ta\u00e9nekessel, ami olyan hangulatot teremtett m\u00e1r a szerz\u0151vel t\u00f6rt\u00e9n\u0151 besz\u00e9lget\u00e9s el\u0151tt, hogy F\u00fcvesi Sanyi, mint a besz\u00e9lget\u0151t\u00e1rs, \u00e9s B\u00e1rdos Zsuzsa, mint f\u0151szerepl\u0151 tulajdonk\u00e9ppen mondhattak volna b\u00e1rmit. El\u00e1rulhatom, ellent\u00e9tben a tegnapi k\u00f6z\u00f6ns\u00e9g legal\u00e1bb 90%-\u00e1val, engem egy\u00e1ltal\u00e1n nem sz\u00f3rakoztat a n\u00f3tazene, \u00fagyhogy am\u00edg Laboz\u00e1r Antal zenekara \u00e9s Fejes S\u00e1ndor n\u00e9pdal\u00e9nekes h\u00fazt\u00e1k a talpal\u00e1val\u00f3t, alaposan \u00e1tolvastam a k\u00f6nyvet. Nagyon \u00e9rdekes, nagyon j\u00f3, \u00e9s ez most komoly. Azt, hogy a k\u00f6nyvnek t\u00f6bb mint fele kottam\u00e1solatokb\u00f3l \u00e9s versekb\u0151l \u00e1ll \u00f6ssze, \u00e9n nem is felt\u00e9tlen\u00fcl \u00edrn\u00e1m a kiadv\u00e1ny jav\u00e1ra, mert elvesz B\u00e1rdos Zsuzs\u00e1t\u00f3l oldalakat. Ami meg k\u00e1r, mert szenz\u00e1ci\u00f3san \u00fcgyesen \u00edrta meg ezt a k\u00f6nyvet. Nyilv\u00e1n a t\u00f6bbs\u00e9g egy alapos R\u00f3zsa Imre \u00e9letrajzot v\u00e1rt a m\u00e1r eml\u00edtett kott\u00e1kkal \u00e9s versekkel, amit meg is kapunk, de a szerz\u0151 hihetetlen\u00fcl alapos kitekint\u00e9st is ad a sz\u00e1zadel\u0151 irodalmi hangulat\u00e1r\u00f3l, k\u00fcl\u00f6n\u00f6s tekintettel a n\u00f3taszerz\u0151k megbecs\u00fcl\u00e9s\u00e9r\u0151l. Sz\u00e1momra eddig sem volt ismeretlen R\u00f3zsa Imre \u00e9letm\u0171ve \u00e9s \u00e9letrajza, \u00edgy kicsit tartottam is t\u0151le, hogy egy ilyen elk\u00e9peszt\u0151en szerencs\u00e9tlen sors\u00fa emberr\u0151l csak szomor\u00fa k\u00f6nyv sz\u00fclethet. De B\u00e1rdos Zsuzsa bizony\u00edtotta, hogy ez nem felt\u00e9tlen\u00fcl van \u00edgy: sz\u00e1mtalan \u00e9rdekes kult\u00fart\u00f6rt\u00e9neti vonatkoz\u00e1s, meg j\u00f3 adag humor sz\u00ednes\u00edti a R\u00f3zsa-\u00e9letm\u0171 ismertet\u00e9s\u00e9t.<\/p>\n<p>A \u201eN\u00f3t\u00e1t vetett a r\u00e9t hajlat\u00e1n\u201d c\u00edm\u0171 k\u00f6nyvb\u0151l az \u00f6sszes p\u00e9ld\u00e1ny elkelt, amit kihozott a m\u00fazeum, hasonl\u00f3 n\u00e1lunk Grecs\u00f3 Kriszti\u00e1n reg\u00e9ny\u00e9nek bemutat\u00f3j\u00e1n t\u00f6rt\u00e9nt. Mindenesetre, akinek most nem jutott, p\u00f3tolhatja ak\u00e1r a m\u00fazeumban, ak\u00e1r a kardosk\u00fati kult\u00farh\u00e1zban. maximum a dedik\u00e1ltat\u00e1s lesz kicsit komplik\u00e1ltabb.<\/p>\n<p><em>Forr\u00e1s: Buzai Csaba, http:\/\/blog.justhvk.hu<\/em><\/p>\n<p><strong>A j\u00f3 est a siker, a taps pedig az \u00f6r\u00f6m&#8230;<\/strong><\/p>\n<p><img loading=\"lazy\" decoding=\"async\" class=\"alignleft wp-image-479 size-medium\" src=\"http:\/\/new.kardoskut.hu\/wp-content\/uploads\/2007\/01\/rozsaplakat-197x300.jpg\" alt=\"\" width=\"197\" height=\"300\" srcset=\"https:\/\/www.kardoskut.hu\/wp-content\/uploads\/2007\/01\/rozsaplakat-197x300.jpg 197w, https:\/\/www.kardoskut.hu\/wp-content\/uploads\/2007\/01\/rozsaplakat.jpg 508w\" sizes=\"auto, (max-width: 197px) 100vw, 197px\" \/>Az idei janu\u00e1r v\u00e9ge mozgal\u00admas volt. Nem csup\u00e1n az\u00e9rt, mert sok helyre elsz\u00f3l\u00edtottak (s \u00f6r\u00f6mmel mentem), ha\u00adnem mert szokatlan volt az \u00e9rdekl\u0151d\u00e9s a magyar kult\u00fara napja rendezv\u00e9nyei ir\u00e1nt. Orosh\u00e1z\u00e1n rendezv\u00e9nysoro\u00adzat alakult ki, B\u00e9k\u00e9scsab\u00e1n kiosztott\u00e1k a B\u00e1rka-d\u00edjakat a Megyei K\u00f6nyvt\u00e1rban (azt mondta valaki, hogy a B\u00e1rka-estek t\u00f6rt\u00e9net\u00e9ben ezen volt a legnagyobb a k\u00f6z\u00f6ns\u00e9g \u00e9rdekl\u0151d\u00e9se), s azt\u00e1n Kardosk\u00fat: \u00fcnnepi k\u00f6nyvbemutat\u00f3.<br \/>\nAzt gondoltam, hogy egy k\u00f6nyvbemutat\u00f3 nem nagy \u00fcgy. N\u00e9h\u00e1nyon m\u00e1r voltam, voltunk p\u00e1ran, s \u00f6r\u00fclt\u00fcnk, hogy ennyien is vannak. De Kardosk\u00faton valami m\u00e1s t\u00f6rt\u00e9nt. Este hat \u00f3ra el\u0151tt valamivel \u00e9rkezt\u00fcnk a m\u0171vel\u0151d\u00e9si h\u00e1zba. R\u00e9gi id\u0151k eml\u00e9k\u00e9t id\u00e9zte az \u00e9p\u00fclet, b\u00e1r \u00fajult m\u00e1r, de az\u00e9rt \u0151riz m\u00e9g valamit a r\u00e9gi kult\u00farh\u00e1z hangulat\u00e1b\u00f3l. Persze ez is csak p\u00e9nzk\u00e9rd\u00e9s itt is, \u00e9s nem a sz\u00e1nd\u00e9k\u00e9. \u00dagy gon\u00addoltam, hogy valamelyik kis\u00adteremben meglesz\u00fcnk, akik elj\u00f6nnek B\u00e1rdos Zsuzsa \u00faj (harmadik) k\u00f6nyv\u00e9nek be\u00admutat\u00f3j\u00e1ra. T\u00e9vedtem. A sz\u00ednh\u00e1zterembe invit\u00e1ltak, illetve mutatt\u00e1k az utat, s biztattak, hogy verekedj\u00fck \u00e1t magunkat a t\u00f6megen, mert sokan \u00e1lldog\u00e1ltak a terem bej\u00e1rata el\u0151tt. Azt\u00e1n bel\u00e9p\u00adt\u00fcnk&#8230; Nem akartam hinni a szememnek!<br \/>\nMeg is k\u00e9rdeztem, j\u00f3 he\u00adlyen j\u00e1rok? &#8211; Persze, persze, valahol m\u00e9g lesz sz\u00e9k is, &#8211; de m\u00e1r hoznak is nek\u00fcnk az irod\u00e1b\u00f3l. Azt\u00e1n ismer\u0151s\u00f6ket l\u00e1tok a sz\u00ednpad el\u0151tt, Ramasz Imr\u00e9t,\u00a0\u00a0 Kardosk\u00fat polg\u00e1rmester\u00e9t, B\u00e1rdos Zsu\u00adzs\u00e1t, a k\u00f6nyv szerz\u0151j\u00e9t, R\u00f3\u00adzsa Zolt\u00e1n m\u00fazeumigazga\u00adt\u00f3t, F\u00fcvesi S\u00e1ndor m\u00fazeumi munkat\u00e1rsat, aki az est k\u00e9r\u00addez\u0151-rendez\u0151je volt. De az\u00adt\u00e1n ott el\u00f6l megl\u00e1tom, hogy Orosh\u00e1za is k\u00e9pviselteti ma\u00adg\u00e1t, N\u00e9meth B\u00e9la polg\u00e1r\u00admester, Cs\u00e1nyin\u00e9 K\u00e1d\u00e1r T\u00fcnde vezet\u0151 tan\u00e1csos sze\u00adm\u00e9ly\u00e9ben, de sokan, m\u00e1sok is elj\u00f6ttek szomsz\u00e9dolni, mint valaha r\u00e9gen volt az. J\u00f3 helyen j\u00e1runk. A sz\u00edn\u00adpadon Laboz\u00e1r Antal \u00e9s ze\u00adnekara j\u00e1tszik. Magyar n\u00f3t\u00e1\u00adkat \u00e9s R\u00f3zsa Imre dalait. H\u00e1t itt a siker titka. R\u00f3zsa Imre kardosk\u00fati dalk\u00f6lt\u0151re eml\u00e9keznek a k\u00f6zs\u00e9g lak\u00f3i, s azt hiszem senki nem ma\u00adradt otthon, mert a terem zs\u00fafol\u00e1sig megtelt. Vannak id\u0151sek, fiatalok, akadnak, akik ismert\u00e9k m\u00e9g R\u00f3zsa Imr\u00e9t, m\u00e1sok csak hallottak r\u00f3la. B\u00e1rdos Zsuzsa R\u00f3zsa Imre pusztai dalk\u00f6lt\u0151r\u0151l \u00edrt k\u00f6nyvet, N\u00f3t\u00e1t vetett a r\u00e9t hajlat\u00e1n c\u00edmmel. A k\u00f6zel 200 oldalas k\u00f6nyv egy tragikus sors\u00fa em\u00adbernek, a puszta dalos\u00e1nak \u00e1ll\u00edt eml\u00e9ket, aki a k\u00e9t vil\u00e1g\u00adh\u00e1bor\u00fa k\u00f6z\u00f6tt az eg\u00e9sz Ma\u00adgyarorsz\u00e1gon ismert volt, n\u00f3\u00adt\u00e1it kiadt\u00e1k, \u00e9nekelt\u00e9k. Azt\u00e1n j\u00f6tt egy hihetetlen\u00fcl kegyetlen korszak 1948 ut\u00e1n. Er\u0151sza\u00adkolt\u00e1k, hogy az \u00faj hatalmat dics\u0151\u00edt\u0151 verseket \u00edrjon, azt\u00e1n az \u00e1llamv\u00e9delmisek elvitt\u00e9k, verseib\u0151l lefoglaltak n\u00e9h\u00e1\u00adnyat. Hazaengedt\u00e9k, de soha nem besz\u00e9lt arr\u00f3l, mit k\u00e9rdez\u00adtek t\u0151le. 1952 m\u00e1jus\u00e1ban is\u00adm\u00e9t berendelt\u00e9k, de \u0151 kihasz\u00adn\u00e1lta, hogy feles\u00e9ge nincs ott\u00adhon, v\u00e9get vetett \u00e9let\u00e9nek. Sz\u00fcletett 1901-ben, meghalt 1952-ben. B\u00e1rdos Zsuzsa k\u00f6nyve R\u00f3zsa Imre alkot\u00f3i \u00fatj\u00e1t mutatja be. A k\u00f6nyv k\u00e9t nagy r\u00e9szre tagolhat\u00f3. Az els\u0151 90 oldal a R\u00f3zsa csa\u00adl\u00e1dr\u00f3l, a puszt\u00e1r\u00f3l, az ott\u00adhonteremt\u00e9sr\u0151l, a dalk\u00f6lt\u0151\u00adr\u0151l, a tragikus v\u00e9gr\u0151l sz\u00f3l. Ennek a r\u00e9sznek k\u00fcl\u00f6n\u00f6sen \u00e9rt\u00e9kes r\u00e9sze a V\u00e1zlatosan a magyar n\u00f3t\u00e1r\u00f3l c\u00edm\u0171 fe\u00adjezet. A k\u00f6nyv m\u00e1sodik fe\u00adle R\u00f3zsa Imre n\u00f3t\u00e1it, ver\u00adseit adja k\u00f6zre. A k\u00f6tet z\u00e1\u00adr\u00f3 \u00edr\u00e1si; Juh\u00e1sz Nagy Vil\u00admos, (az \u00e1rtalmatlanul meghurcolt \u00e9s beb\u00f6rt\u00f6n\u00adz\u00f6tt paraszt-polg\u00e1r, a m\u0171\u00advelt gazd\u00e1lkod\u00f3) le\u00e1ny\u00e1\u00adnak, Paulovics J\u00f3zsefn\u00e9nek a k\u00e9s\u0151i b\u00facs\u00faja, hiszen az \u0151 keresztapja volt R\u00f3zsa Imre. A k\u00f6tet \u00edr\u00f3j\u00e1nak v\u00e1lasz\u00adt\u00e9kos nyelvhaszn\u00e1lata ritka \u00e9rt\u00e9k a mai vil\u00e1gban, mon\u00addatainak g\u00f6rd\u00fcl\u00e9kenys\u00e9ge, pedig olvasm\u00e1nyoss\u00e1 teszi a k\u00f6nyvet. Bizony a mint\u00adegy 250 \u00e9rdekl\u0151d\u0151 el\u0151tti k\u00f6nyvbemutat\u00f3 siker, a sok taps, pedig mindenki\u00adnek \u00f6r\u00f6m.<\/p>\n<p><em>F\u00fcl\u00f6p B\u00e9la<\/em><\/p>\n","protected":false},"excerpt":{"rendered":"<p>Valamit nagyon eltal\u00e1ltak tegnap Kardosk\u00faton a m\u00fcv. h\u00e1zban. Mert az\u00e9rt az furcsa, (s\u0151t,) hogy csurig telt meg a k\u00f6zs\u00e9g kult\u00farh\u00e1z\u00e1nak nagyterme B\u00e1rdos Zsuzsa k\u00f6nyvbemutat\u00f3j\u00e1n. \u00c9s miel\u0151tt lemond\u00f3an legyintene b\u00e1rki is, el\u00e1rulhatom, ez a nagyterem speciel t\u00e9nyleg nagy terem. \u0150szint\u00e9n bevallom, n\u00e9mi irigys\u00e9g is vegy\u00fclt az \u00e1mulatomba, amikor v\u00e9gign\u00e9ztem a t\u00f6m\u00f6tt sz\u00e9ksorokon, mert az orosh\u00e1zi m\u00fazeumnak &hellip; <\/p>\n<p class=\"link-more\"><a href=\"https:\/\/www.kardoskut.hu\/?p=476\" class=\"more-link\"><span class=\"screen-reader-text\">&#8222;N\u00f3t\u00e1s k\u00f6nyvbemutat\u00f3&#8221;<\/span> b\u0151vebben<\/a><\/p>\n","protected":false},"author":1,"featured_media":0,"comment_status":"closed","ping_status":"closed","sticky":false,"template":"","format":"standard","meta":{"footnotes":""},"categories":[9],"tags":[],"class_list":["post-476","post","type-post","status-publish","format-standard","hentry","category-9"],"_links":{"self":[{"href":"https:\/\/www.kardoskut.hu\/index.php?rest_route=\/wp\/v2\/posts\/476","targetHints":{"allow":["GET"]}}],"collection":[{"href":"https:\/\/www.kardoskut.hu\/index.php?rest_route=\/wp\/v2\/posts"}],"about":[{"href":"https:\/\/www.kardoskut.hu\/index.php?rest_route=\/wp\/v2\/types\/post"}],"author":[{"embeddable":true,"href":"https:\/\/www.kardoskut.hu\/index.php?rest_route=\/wp\/v2\/users\/1"}],"replies":[{"embeddable":true,"href":"https:\/\/www.kardoskut.hu\/index.php?rest_route=%2Fwp%2Fv2%2Fcomments&post=476"}],"version-history":[{"count":2,"href":"https:\/\/www.kardoskut.hu\/index.php?rest_route=\/wp\/v2\/posts\/476\/revisions"}],"predecessor-version":[{"id":480,"href":"https:\/\/www.kardoskut.hu\/index.php?rest_route=\/wp\/v2\/posts\/476\/revisions\/480"}],"wp:attachment":[{"href":"https:\/\/www.kardoskut.hu\/index.php?rest_route=%2Fwp%2Fv2%2Fmedia&parent=476"}],"wp:term":[{"taxonomy":"category","embeddable":true,"href":"https:\/\/www.kardoskut.hu\/index.php?rest_route=%2Fwp%2Fv2%2Fcategories&post=476"},{"taxonomy":"post_tag","embeddable":true,"href":"https:\/\/www.kardoskut.hu\/index.php?rest_route=%2Fwp%2Fv2%2Ftags&post=476"}],"curies":[{"name":"wp","href":"https:\/\/api.w.org\/{rel}","templated":true}]}}