{"id":473,"date":"2006-12-19T16:56:37","date_gmt":"2006-12-19T16:56:37","guid":{"rendered":"http:\/\/new.kardoskut.hu\/?p=473"},"modified":"2017-11-15T16:58:04","modified_gmt":"2017-11-15T16:58:04","slug":"karacsonyi-teadelutan","status":"publish","type":"post","link":"https:\/\/www.kardoskut.hu\/?p=473","title":{"rendered":"Kar\u00e1csonyi tead\u00e9lut\u00e1n"},"content":{"rendered":"<p><img loading=\"lazy\" decoding=\"async\" class=\"alignnone size-full wp-image-474\" src=\"http:\/\/new.kardoskut.hu\/wp-content\/uploads\/2017\/11\/mifank.jpg\" alt=\"\" width=\"690\" height=\"829\" srcset=\"https:\/\/www.kardoskut.hu\/wp-content\/uploads\/2017\/11\/mifank.jpg 690w, https:\/\/www.kardoskut.hu\/wp-content\/uploads\/2017\/11\/mifank-250x300.jpg 250w\" sizes=\"auto, (max-width: 690px) 100vw, 690px\" \/><\/p>\n<p>K\u00f6z\u00f6sen d\u00edsz\u00edtett kar\u00e1csonyfa \u00e9kes\u00edti a m\u0171vel\u0151d\u00e9si h\u00e1z folyos\u00f3j\u00e1t a keddi tead\u00e9lut\u00e1n \u00f3ta. Kisebbek, nagyobbak \u00f6r\u00f6mmel \u00e9rkeztek, hogy saj\u00e1t feny\u0151d\u00edszeikkel fel\u00e9kes\u00edts\u00e9k a k\u00f6zs\u00e9g kar\u00e1csonyf\u00e1j\u00e1t. Nem j\u00f6tt senki sem \u00fcres k\u00e9zzel, hiszen a szeretet \u00fcnnep\u00e9nek jegy\u00e9ben egym\u00e1s apr\u00f3 aj\u00e1nd\u00e9kaival is gazdagodtunk. \u00c1m nem csup\u00e1n ezek \u00f6rvendeztett\u00e9k meg sz\u00edv\u00fcnket, hanem a sok mosolyg\u00f3s arc a narancsos d\u00edszek \u00e9s gyerty\u00e1k k\u00e9sz\u00edt\u00e9se k\u00f6zepette, a gyermekek p\u00e1sztorj\u00e1t\u00e9ka \u00e9s hangszeres muzsik\u00e1ja. A csal\u00e1dias hangulatban hamar eltelt az id\u0151 felett\u00fcnk. \u00d6r\u00f6m t\u00f6lt el, hogy sokan r\u00e9szesei lehett\u00fcnk!<\/p>\n<p>Mindenkinek szeretetteljes, sz\u00e9p kar\u00e1csonyi \u00fcnnepnapokat \u00e9s\u00a0 b\u00e9kess\u00e9gben elt\u00f6lt\u00f6tt, boldog \u00fajesztend\u0151t k\u00edv\u00e1nok!<\/p>\n","protected":false},"excerpt":{"rendered":"<p>K\u00f6z\u00f6sen d\u00edsz\u00edtett kar\u00e1csonyfa \u00e9kes\u00edti a m\u0171vel\u0151d\u00e9si h\u00e1z folyos\u00f3j\u00e1t a keddi tead\u00e9lut\u00e1n \u00f3ta. Kisebbek, nagyobbak \u00f6r\u00f6mmel \u00e9rkeztek, hogy saj\u00e1t feny\u0151d\u00edszeikkel fel\u00e9kes\u00edts\u00e9k a k\u00f6zs\u00e9g kar\u00e1csonyf\u00e1j\u00e1t. Nem j\u00f6tt senki sem \u00fcres k\u00e9zzel, hiszen a szeretet \u00fcnnep\u00e9nek jegy\u00e9ben egym\u00e1s apr\u00f3 aj\u00e1nd\u00e9kaival is gazdagodtunk. \u00c1m nem csup\u00e1n ezek \u00f6rvendeztett\u00e9k meg sz\u00edv\u00fcnket, hanem a sok mosolyg\u00f3s arc a narancsos d\u00edszek \u00e9s &hellip; <\/p>\n<p class=\"link-more\"><a href=\"https:\/\/www.kardoskut.hu\/?p=473\" class=\"more-link\"><span class=\"screen-reader-text\">&#8222;Kar\u00e1csonyi tead\u00e9lut\u00e1n&#8221;<\/span> b\u0151vebben<\/a><\/p>\n","protected":false},"author":1,"featured_media":0,"comment_status":"closed","ping_status":"closed","sticky":false,"template":"","format":"standard","meta":{"footnotes":""},"categories":[8],"tags":[],"class_list":["post-473","post","type-post","status-publish","format-standard","hentry","category-8"],"_links":{"self":[{"href":"https:\/\/www.kardoskut.hu\/index.php?rest_route=\/wp\/v2\/posts\/473","targetHints":{"allow":["GET"]}}],"collection":[{"href":"https:\/\/www.kardoskut.hu\/index.php?rest_route=\/wp\/v2\/posts"}],"about":[{"href":"https:\/\/www.kardoskut.hu\/index.php?rest_route=\/wp\/v2\/types\/post"}],"author":[{"embeddable":true,"href":"https:\/\/www.kardoskut.hu\/index.php?rest_route=\/wp\/v2\/users\/1"}],"replies":[{"embeddable":true,"href":"https:\/\/www.kardoskut.hu\/index.php?rest_route=%2Fwp%2Fv2%2Fcomments&post=473"}],"version-history":[{"count":1,"href":"https:\/\/www.kardoskut.hu\/index.php?rest_route=\/wp\/v2\/posts\/473\/revisions"}],"predecessor-version":[{"id":475,"href":"https:\/\/www.kardoskut.hu\/index.php?rest_route=\/wp\/v2\/posts\/473\/revisions\/475"}],"wp:attachment":[{"href":"https:\/\/www.kardoskut.hu\/index.php?rest_route=%2Fwp%2Fv2%2Fmedia&parent=473"}],"wp:term":[{"taxonomy":"category","embeddable":true,"href":"https:\/\/www.kardoskut.hu\/index.php?rest_route=%2Fwp%2Fv2%2Fcategories&post=473"},{"taxonomy":"post_tag","embeddable":true,"href":"https:\/\/www.kardoskut.hu\/index.php?rest_route=%2Fwp%2Fv2%2Ftags&post=473"}],"curies":[{"name":"wp","href":"https:\/\/api.w.org\/{rel}","templated":true}]}}