{"id":464,"date":"2006-11-23T16:51:30","date_gmt":"2006-11-23T16:51:30","guid":{"rendered":"http:\/\/new.kardoskut.hu\/?p=464"},"modified":"2017-11-15T16:53:20","modified_gmt":"2017-11-15T16:53:20","slug":"segito-kezet-nyujtottak-kardoskutnak","status":"publish","type":"post","link":"https:\/\/www.kardoskut.hu\/?p=464","title":{"rendered":"Seg\u00edt\u0151 kezet ny\u00fajtottak Kardosk\u00fatnak"},"content":{"rendered":"<p>Az orosh\u00e1zi sz\u00e9khely\u0171 \u201eTiszta Sz\u00edvvel Egym\u00e1s\u00e9rt Egyes\u00fclet\u201d 2006. november 23-\u00e1n \u00e9lelmiszercsomagokat osztott a M\u00f3ra Ferenc M\u0171vel\u0151d\u00e9si H\u00e1zban. Sz\u00e1z kardosk\u00fati csal\u00e1d r\u00e9szes\u00fclhetett r\u00e1szorults\u00e1g alapj\u00e1n a lisztb\u0151l, sz\u00e1razt\u00e9szt\u00e1b\u00f3l \u00e9s kekszb\u0151l \u00f6ssze\u00e1ll\u00edtott adom\u00e1nyb\u00f3l. Az egyes\u00fclet m\u00e9g kar\u00e1csony el\u0151tt ism\u00e9telten oszt\u00e1st szeretne rendezni-tudtam meg titk\u00e1rukt\u00f3l, L\u00e1szl\u00f3ffy Zolt\u00e1nn\u00e9t\u00f3l-, aki maga is r\u00e9szt vesz \u00f6nk\u00e9ntes munk\u00e1j\u00e1val az \u00e9lelmiszerek \u00e1tad\u00e1s\u00e1ban. Az egyes\u00fclet c\u00e9lj\u00e1r\u00f3l, megalakul\u00e1s\u00e1r\u00f3l r\u00f6viden \u00edgy nyilatkozott: 2005. \u00f3ta m\u0171k\u00f6dik egyes\u00fclet\u00fcnk 17 akt\u00edv taggal, akiket \u00f6nk\u00e9ntesek seg\u00edtenek. Az egyes\u00fclet eln\u00f6ke Budai S\u00e1ndor. Orosh\u00e1z\u00e1n \u00e9s kist\u00e9rs\u00e9g\u00e9ben t\u00f6rt\u00e9nik az \u00e9lelmiszerek kioszt\u00e1sa. Kardosk\u00fatra most j\u00f6tt\u00fcnk el\u0151sz\u00f6r karitat\u00edv c\u00e9llal, \u00e9s a k\u00f6zs\u00e9g r\u00e9sz\u00e9r\u0151l tapasztalt pozit\u00edv hozz\u00e1\u00e1ll\u00e1s eredm\u00e9nyek\u00e9nt a j\u00f6v\u0151ben folyamatos oszt\u00e1sokat szeretn\u00e9nk tartani. Az \u00e9lelmiszereket a Budapesti \u00c9lelmiszer Bankt\u00f3l kapjuk ingyenesen, a sz\u00e1ll\u00edt\u00e1st v\u00e1llalkoz\u00f3k v\u00e9gzik d\u00edjmentesen. Az egyes\u00fclet\u00fcnk adom\u00e1nylevelet ad a v\u00e1llalkoz\u00f3knak, akik \u00edgy ad\u00f3jukb\u00f3l le\u00edrhatj\u00e1k a k\u00f6lts\u00e9geket. 2006-ban eddig 12.000 csal\u00e1d kapott 70 tonna \u00e9lelmiszert \u00e1ltalunk. Az egyes\u00fclet el\u00e9rhet\u0151 Orosh\u00e1z\u00e1n, a Kutasi u. 25 sz\u00e1m alatt, ahol tov\u00e1bbra is v\u00e1rjuk az \u00f6nk\u00e9ntes munkat\u00e1rsakat \u00e9s az adom\u00e1nyokat!<\/p>\n<p>K\u00f6sz\u00f6netet \u00e9rdemel Tib\u00e1n\u00e9 Hamvasi Zsuzsa v\u00e9d\u0151n\u0151, aki egyeztetve a Polg\u00e1rmesteri Hivatal munkat\u00e1rsaival\u00a0 igyekezett minden r\u00e1szorul\u00f3 csal\u00e1dot megkeresni \u00e9s az oszt\u00e1sban k\u00f6zrem\u0171k\u00f6dni.<\/p>\n<p><img loading=\"lazy\" decoding=\"async\" class=\"alignnone size-large wp-image-465\" src=\"http:\/\/new.kardoskut.hu\/wp-content\/uploads\/2017\/11\/segely_november2006-2-1024x768.jpg\" alt=\"\" width=\"525\" height=\"394\" srcset=\"https:\/\/www.kardoskut.hu\/wp-content\/uploads\/2017\/11\/segely_november2006-2.jpg 1024w, https:\/\/www.kardoskut.hu\/wp-content\/uploads\/2017\/11\/segely_november2006-2-300x225.jpg 300w, https:\/\/www.kardoskut.hu\/wp-content\/uploads\/2017\/11\/segely_november2006-2-768x576.jpg 768w\" sizes=\"auto, (max-width: 525px) 100vw, 525px\" \/> <img loading=\"lazy\" decoding=\"async\" class=\"alignnone size-large wp-image-466\" src=\"http:\/\/new.kardoskut.hu\/wp-content\/uploads\/2017\/11\/segely_november2006-3-1024x768.jpg\" alt=\"\" width=\"525\" height=\"394\" srcset=\"https:\/\/www.kardoskut.hu\/wp-content\/uploads\/2017\/11\/segely_november2006-3.jpg 1024w, https:\/\/www.kardoskut.hu\/wp-content\/uploads\/2017\/11\/segely_november2006-3-300x225.jpg 300w, https:\/\/www.kardoskut.hu\/wp-content\/uploads\/2017\/11\/segely_november2006-3-768x576.jpg 768w\" sizes=\"auto, (max-width: 525px) 100vw, 525px\" \/><\/p>\n","protected":false},"excerpt":{"rendered":"<p>Az orosh\u00e1zi sz\u00e9khely\u0171 \u201eTiszta Sz\u00edvvel Egym\u00e1s\u00e9rt Egyes\u00fclet\u201d 2006. november 23-\u00e1n \u00e9lelmiszercsomagokat osztott a M\u00f3ra Ferenc M\u0171vel\u0151d\u00e9si H\u00e1zban. Sz\u00e1z kardosk\u00fati csal\u00e1d r\u00e9szes\u00fclhetett r\u00e1szorults\u00e1g alapj\u00e1n a lisztb\u0151l, sz\u00e1razt\u00e9szt\u00e1b\u00f3l \u00e9s kekszb\u0151l \u00f6ssze\u00e1ll\u00edtott adom\u00e1nyb\u00f3l. Az egyes\u00fclet m\u00e9g kar\u00e1csony el\u0151tt ism\u00e9telten oszt\u00e1st szeretne rendezni-tudtam meg titk\u00e1rukt\u00f3l, L\u00e1szl\u00f3ffy Zolt\u00e1nn\u00e9t\u00f3l-, aki maga is r\u00e9szt vesz \u00f6nk\u00e9ntes munk\u00e1j\u00e1val az \u00e9lelmiszerek \u00e1tad\u00e1s\u00e1ban. Az egyes\u00fclet &hellip; <\/p>\n<p class=\"link-more\"><a href=\"https:\/\/www.kardoskut.hu\/?p=464\" class=\"more-link\"><span class=\"screen-reader-text\">&#8222;Seg\u00edt\u0151 kezet ny\u00fajtottak Kardosk\u00fatnak&#8221;<\/span> b\u0151vebben<\/a><\/p>\n","protected":false},"author":1,"featured_media":0,"comment_status":"closed","ping_status":"closed","sticky":false,"template":"","format":"standard","meta":{"footnotes":""},"categories":[8],"tags":[],"class_list":["post-464","post","type-post","status-publish","format-standard","hentry","category-8"],"_links":{"self":[{"href":"https:\/\/www.kardoskut.hu\/index.php?rest_route=\/wp\/v2\/posts\/464","targetHints":{"allow":["GET"]}}],"collection":[{"href":"https:\/\/www.kardoskut.hu\/index.php?rest_route=\/wp\/v2\/posts"}],"about":[{"href":"https:\/\/www.kardoskut.hu\/index.php?rest_route=\/wp\/v2\/types\/post"}],"author":[{"embeddable":true,"href":"https:\/\/www.kardoskut.hu\/index.php?rest_route=\/wp\/v2\/users\/1"}],"replies":[{"embeddable":true,"href":"https:\/\/www.kardoskut.hu\/index.php?rest_route=%2Fwp%2Fv2%2Fcomments&post=464"}],"version-history":[{"count":1,"href":"https:\/\/www.kardoskut.hu\/index.php?rest_route=\/wp\/v2\/posts\/464\/revisions"}],"predecessor-version":[{"id":467,"href":"https:\/\/www.kardoskut.hu\/index.php?rest_route=\/wp\/v2\/posts\/464\/revisions\/467"}],"wp:attachment":[{"href":"https:\/\/www.kardoskut.hu\/index.php?rest_route=%2Fwp%2Fv2%2Fmedia&parent=464"}],"wp:term":[{"taxonomy":"category","embeddable":true,"href":"https:\/\/www.kardoskut.hu\/index.php?rest_route=%2Fwp%2Fv2%2Fcategories&post=464"},{"taxonomy":"post_tag","embeddable":true,"href":"https:\/\/www.kardoskut.hu\/index.php?rest_route=%2Fwp%2Fv2%2Ftags&post=464"}],"curies":[{"name":"wp","href":"https:\/\/api.w.org\/{rel}","templated":true}]}}