{"id":456,"date":"2006-11-17T13:00:53","date_gmt":"2006-11-17T13:00:53","guid":{"rendered":"http:\/\/new.kardoskut.hu\/?p=456"},"modified":"2017-11-15T10:41:47","modified_gmt":"2017-11-15T10:41:47","slug":"a-csanadpalotaiak-szinieloadasat-lathattuk","status":"publish","type":"post","link":"https:\/\/www.kardoskut.hu\/?p=456","title":{"rendered":"A Csan\u00e1dpalotaiak sz\u00edniel\u0151ad\u00e1s\u00e1t l\u00e1thattuk"},"content":{"rendered":"<p>Hossz\u00fa id\u0151szak ut\u00e1n \u00fajra sz\u00ednh\u00e1zi \u00e9lm\u00e9nyben r\u00e9szes\u00fclhett\u00fcnk a csan\u00e1dpalotai Kelemen L\u00e1szl\u00f3 Amat\u0151r Sz\u00ednj\u00e1tsz\u00f3 T\u00e1rsulat j\u00f3volt\u00e1b\u00f3l. Manaps\u00e1g ritkas\u00e1gnak sz\u00e1m\u00edt az, ha egy t\u00e1rsulat saj\u00e1t maga \u00e9s n\u00e9z\u0151inek \u00f6r\u00f6m\u00e9re \u00f6nzetlen\u00fcl l\u00e9p fel. Ez t\u00f6rt\u00e9nt a M\u00f3ra Ferenc M\u0171vel\u0151d\u00e9si H\u00e1zban is, ahol 2006. november 17-\u00e9n este j\u00f3 hangulatot, vid\u00e1m perceket szereztek nek\u00fcnk. Az el\u0151ad\u00e1s el\u0151tt \u00c1dok Istv\u00e1n, a csan\u00e1dpalotai m\u0171vel\u0151d\u00e9si h\u00e1z igazgat\u00f3ja ismertette a t\u00e1rsulat n\u00e9vad\u00f3j\u00e1nak jelent\u0151s\u00e9g\u00e9t. Megtudhattuk, hogy Kelemen L\u00e1szl\u00f3 volt az els\u0151 magyar nyelv\u0171 sz\u00ednh\u00e1z igazgat\u00f3ja, s Csan\u00e1dpalot\u00e1n 1811-1814 k\u00f6z\u00f6tt \u0151 t\u00f6lt\u00f6tte be a k\u00e1ntor-tan\u00edt\u00f3i tisztet. Tragikus hal\u00e1llal v\u00e9gz\u0151d\u00f6tt \u00e9lete, megvadult lovai \u00e1rokba ford\u00edtott\u00e1k kocsij\u00e1t, s r\u00f6gt\u00f6n sz\u00f6rnyethalt. Csan\u00e1dpalot\u00e1n az \u00d3temet\u0151ben van eltemetve, s\u00edrhelye k\u00f6r\u00fcl nagy Eml\u00e9kpark \u00e1ll.\u00a0 Kelemen L\u00e1szl\u00f3 \u00edgy k\u00f6t\u0151dik e Csongr\u00e1d megyei kistelep\u00fcl\u00e9shez. A palotaiak m\u00e1r az 1920-as \u00e9vekt\u0151l kezd\u0151d\u0151en szorgalmazt\u00e1k sz\u00ednt\u00e1rsulat m\u0171k\u00f6d\u00e9s\u00e9t. Kisebb kihagy\u00e1sokkal folyamatosan volt sz\u00ednj\u00e1tsz\u00f3 csoport Csan\u00e1dpalot\u00e1n. A jelenlegi t\u00e1rsulat 2001-ben, 20-25 \u00e1lland\u00f3 taggal alakult \u00fajj\u00e1 \u00c1dok Istv\u00e1n \u00f6szt\u00f6nz\u00e9s\u00e9re. Rendszeresen \u00faj sz\u00edndarabokkal l\u00e9pnek fel vid\u00e9ken \u00e9s k\u00fclf\u00f6ld\u00f6n is. Az \u00fan. szomsz\u00e9dol\u00e1sok alkalm\u00e1val egyik k\u00f6zs\u00e9g t\u00e1rsulata ell\u00e1togat a m\u00e1sik telep\u00fcl\u00e9s sz\u00ednj\u00e1tsz\u00f3 k\u00f6r\u00e9hez, \u00edgy egym\u00e1st \u00e9s a n\u00e9z\u0151ket sz\u00f3rakoztatva k\u00f6z\u00f6s \u00e9lm\u00e9nyekben r\u00e9szes\u00fclnek. Nagy \u00f6r\u00f6m\u00fcnkre szolg\u00e1lt, hogy megh\u00edv\u00e1somra most h\u00e1rom sz\u00edndarabbal Kardosk\u00fatra is ell\u00e1togattak, ahol jelenleg nincs t\u00e1rsulat, de r\u00e9gebben itt is m\u0171k\u00f6d\u00f6tt. Az el\u0151ad\u00e1sra nagy izgalommal k\u00e9sz\u00fclt\u00fcnk &#8211; k\u00e9sz\u00fcltek, hiszen minden helynek meg van a maga atmoszf\u00e9r\u00e1ja, saj\u00e1tos k\u00f6z\u00f6ns\u00e9ge. Szerencs\u00e9s helyzet alakult ki n\u00e1lunk, hiszen a legkisebb gyermekekt\u0151l kezdve a nyugd\u00edjasokig minden koroszt\u00e1ly k\u00e9pviseltette mag\u00e1t a n\u00e9z\u0151t\u00e9ren. Rem\u00e9lj\u00fck, hogy az \u00faj reperto\u00e1r tavaszi bemutat\u00f3ja ut\u00e1n ism\u00e9t vend\u00e9geink lesznek, s a mostani el\u0151ad\u00e1s visszhangja ut\u00e1n m\u00e9g t\u00f6bben n\u00e9zik meg a palotaiak j\u00e1t\u00e9k\u00e1t. V\u00e9gezet\u00fcl engedtess\u00e9k meg egy utols\u00f3 gondolat, ami a h\u00e1rom sz\u00edndarab megtekint\u00e9se ut\u00e1n fogalmaz\u00f3dott meg bennem: el lehet menni &#8211; s\u0151t kell is- nagy sz\u00ednh\u00e1zakba, meg lehet tekinteni elismert nagy m\u0171v\u00e9szeket, de ilyen \u00f6nfeledt j\u00e1t\u00e9k \u00e9s nevet\u00e9s ut\u00e1n azt a var\u00e1zslatot, amit a kardosk\u00fati n\u00e9z\u0151k meg\u00e9lhettek, nem biztos, hogy m\u00e1shol \u00e9s m\u00e1sokt\u00f3l ilyenform\u00e1ban megkaphattuk volna!<\/p>\n<p>T\u00e9nyleg sz\u00edvb\u0151l j\u00f6tt a tapsunk!<\/p>\n","protected":false},"excerpt":{"rendered":"<p>Hossz\u00fa id\u0151szak ut\u00e1n \u00fajra sz\u00ednh\u00e1zi \u00e9lm\u00e9nyben r\u00e9szes\u00fclhett\u00fcnk a csan\u00e1dpalotai Kelemen L\u00e1szl\u00f3 Amat\u0151r Sz\u00ednj\u00e1tsz\u00f3 T\u00e1rsulat j\u00f3volt\u00e1b\u00f3l. Manaps\u00e1g ritkas\u00e1gnak sz\u00e1m\u00edt az, ha egy t\u00e1rsulat saj\u00e1t maga \u00e9s n\u00e9z\u0151inek \u00f6r\u00f6m\u00e9re \u00f6nzetlen\u00fcl l\u00e9p fel. Ez t\u00f6rt\u00e9nt a M\u00f3ra Ferenc M\u0171vel\u0151d\u00e9si H\u00e1zban is, ahol 2006. november 17-\u00e9n este j\u00f3 hangulatot, vid\u00e1m perceket szereztek nek\u00fcnk. Az el\u0151ad\u00e1s el\u0151tt \u00c1dok Istv\u00e1n, a &hellip; <\/p>\n<p class=\"link-more\"><a href=\"https:\/\/www.kardoskut.hu\/?p=456\" class=\"more-link\"><span class=\"screen-reader-text\">&#8222;A Csan\u00e1dpalotaiak sz\u00edniel\u0151ad\u00e1s\u00e1t l\u00e1thattuk&#8221;<\/span> b\u0151vebben<\/a><\/p>\n","protected":false},"author":1,"featured_media":0,"comment_status":"closed","ping_status":"closed","sticky":false,"template":"","format":"standard","meta":{"footnotes":""},"categories":[8],"tags":[],"class_list":["post-456","post","type-post","status-publish","format-standard","hentry","category-8"],"_links":{"self":[{"href":"https:\/\/www.kardoskut.hu\/index.php?rest_route=\/wp\/v2\/posts\/456","targetHints":{"allow":["GET"]}}],"collection":[{"href":"https:\/\/www.kardoskut.hu\/index.php?rest_route=\/wp\/v2\/posts"}],"about":[{"href":"https:\/\/www.kardoskut.hu\/index.php?rest_route=\/wp\/v2\/types\/post"}],"author":[{"embeddable":true,"href":"https:\/\/www.kardoskut.hu\/index.php?rest_route=\/wp\/v2\/users\/1"}],"replies":[{"embeddable":true,"href":"https:\/\/www.kardoskut.hu\/index.php?rest_route=%2Fwp%2Fv2%2Fcomments&post=456"}],"version-history":[{"count":2,"href":"https:\/\/www.kardoskut.hu\/index.php?rest_route=\/wp\/v2\/posts\/456\/revisions"}],"predecessor-version":[{"id":458,"href":"https:\/\/www.kardoskut.hu\/index.php?rest_route=\/wp\/v2\/posts\/456\/revisions\/458"}],"wp:attachment":[{"href":"https:\/\/www.kardoskut.hu\/index.php?rest_route=%2Fwp%2Fv2%2Fmedia&parent=456"}],"wp:term":[{"taxonomy":"category","embeddable":true,"href":"https:\/\/www.kardoskut.hu\/index.php?rest_route=%2Fwp%2Fv2%2Fcategories&post=456"},{"taxonomy":"post_tag","embeddable":true,"href":"https:\/\/www.kardoskut.hu\/index.php?rest_route=%2Fwp%2Fv2%2Ftags&post=456"}],"curies":[{"name":"wp","href":"https:\/\/api.w.org\/{rel}","templated":true}]}}