{"id":451,"date":"2006-11-12T12:57:10","date_gmt":"2006-11-12T12:57:10","guid":{"rendered":"http:\/\/new.kardoskut.hu\/?p=451"},"modified":"2017-11-15T10:41:47","modified_gmt":"2017-11-15T10:41:47","slug":"jatek-keszito-verseny","status":"publish","type":"post","link":"https:\/\/www.kardoskut.hu\/?p=451","title":{"rendered":"J\u00e1t\u00e9k k\u00e9sz\u00edt\u0151 verseny"},"content":{"rendered":"<p>J\u00e1t\u00e9kk\u00e9sz\u00edt\u0151- \u00e9s rajzp\u00e1ly\u00e1zatot hirdetett meg az orosh\u00e1zi Pet\u0151fi M\u0171vel\u0151d\u00e9si K\u00f6zpont Kht. November 10-12. k\u00f6z\u00f6tt szakmai tan\u00e1cskoz\u00e1st is szerveztek, illetve j\u00e1t\u00e9kk\u00e9sz\u00edt\u0151 iparosok, keresked\u0151k is ki\u00e1ll\u00edtott\u00e1k munk\u00e1ikat. A m\u0171vel\u0151d\u00e9si k\u00f6zpont folyos\u00f3j\u00e1n a gyermekek rajzait l\u00e1thattuk, legnagyobb \u00f6r\u00f6m\u00fcnkre a legkisebbek kateg\u00f3ri\u00e1j\u00e1ban <em>L\u0151rincz Kitti <\/em>(5 \u00e9ves) I. d\u00edjas lett! A r\u00e9gi id\u0151k j\u00e1t\u00e9kait megeleven\u00edtve igaz\u00e1n csek\u00e9ly sz\u00e1m\u00fa ki\u00e1ll\u00edtott t\u00e1rgyat l\u00e1thatott a k\u00f6z\u00f6ns\u00e9g. K\u00e1r, hogy nem gy\u0171lt \u00f6ssze t\u00f6bb j\u00e1t\u00e9k, nem volt \u00e9rdekl\u0151d\u00e9s ez ir\u00e1nt. A koncertterembe bel\u00e9pve az \u00e1rusok port\u00e9k\u00e1i mellett megcsod\u00e1lhattuk a gyermekek \u00e9s a feln\u0151ttek saj\u00e1t k\u00e9sz\u00edt\u00e9s\u0171 p\u00e1lyamunk\u00e1it. A <em>Kardosk\u00fati K\u00e9zm\u0171ves K\u00f6r<\/em> geszteny\u00e9b\u0151l k\u00e9sz\u00edtett mem\u00f3riaj\u00e1t\u00e9k\u00e1t a zs\u0171ri III. d\u00edjjal jutalmazta. 10 gyermek \u00f6r\u00fclhet az aj\u00e1nd\u00e9kul felaj\u00e1nlott helikopter-makettnak, amit a k\u00f6vetkez\u0151 foglalkoz\u00e1sok valamelyik\u00e9n \u00f6ssze is fogunk \u00e1ll\u00edtani. Nagyon meg\u00f6r\u00fclt\u00fcnk, amikor az eredm\u00e9nyek elhangz\u00e1sakor <em>Kocs\u00e1ny Kitti<\/em> nev\u00e9t is meghallottuk. Korcsoportj\u00e1ban egy\u00e9ni II. helyezett lett. Kitti malomj\u00e1t\u00e9kot k\u00e9sz\u00edtett fonott csuh\u00e9 technik\u00e1val \u00e9s kukoricaszemek felhaszn\u00e1l\u00e1s\u00e1val. A feln\u0151ttek k\u00f6z\u00fcl <em>Andr\u00e9k\u00f3 P\u00e1ln\u00e9<\/em> a II. d\u00edjat hozta el t\u00e1rsaival. Katika n\u00e9ni egy orosh\u00e1zi \u00e9s egy gyomaendr\u0151di j\u00e1t\u00e9kk\u00e9sz\u00edt\u0151vel k\u00f6z\u00f6sen k\u00e9sz\u00edtette el a d\u00edjazott munk\u00e1kat. Az eredm\u00e9nyhirdet\u00e9st egy kicsit sz\u0171kszav\u00fanak tal\u00e1ltuk &#8211; sz\u00f3beli \u00e9rt\u00e9kel\u00e9s nem volt-, de ez \u00f6r\u00f6m\u00fcnket nem szegte! Folytatjuk tov\u00e1bb a k\u00f6z\u00f6s j\u00e1t\u00e9kot!<\/p>\n<p>A legut\u00f3bbi foglalkoz\u00e1son m\u00e1r elkezdt\u00fck az adventre val\u00f3 k\u00e9sz\u00fcl\u0151d\u00e9st:<\/p>\n<p><img loading=\"lazy\" decoding=\"async\" class=\"alignleft size-large wp-image-452\" src=\"http:\/\/new.kardoskut.hu\/wp-content\/uploads\/2017\/11\/advent-1-1024x768.jpg\" alt=\"\" width=\"525\" height=\"394\" srcset=\"https:\/\/www.kardoskut.hu\/wp-content\/uploads\/2017\/11\/advent-1.jpg 1024w, https:\/\/www.kardoskut.hu\/wp-content\/uploads\/2017\/11\/advent-1-300x225.jpg 300w, https:\/\/www.kardoskut.hu\/wp-content\/uploads\/2017\/11\/advent-1-768x576.jpg 768w\" sizes=\"auto, (max-width: 525px) 100vw, 525px\" \/> <img loading=\"lazy\" decoding=\"async\" class=\"alignleft size-large wp-image-453\" src=\"http:\/\/new.kardoskut.hu\/wp-content\/uploads\/2017\/11\/advent-2-1024x768.jpg\" alt=\"\" width=\"525\" height=\"394\" srcset=\"https:\/\/www.kardoskut.hu\/wp-content\/uploads\/2017\/11\/advent-2.jpg 1024w, https:\/\/www.kardoskut.hu\/wp-content\/uploads\/2017\/11\/advent-2-300x225.jpg 300w, https:\/\/www.kardoskut.hu\/wp-content\/uploads\/2017\/11\/advent-2-768x576.jpg 768w\" sizes=\"auto, (max-width: 525px) 100vw, 525px\" \/> <img loading=\"lazy\" decoding=\"async\" class=\"alignleft size-large wp-image-454\" src=\"http:\/\/new.kardoskut.hu\/wp-content\/uploads\/2017\/11\/advent-4-1024x768.jpg\" alt=\"\" width=\"525\" height=\"394\" srcset=\"https:\/\/www.kardoskut.hu\/wp-content\/uploads\/2017\/11\/advent-4.jpg 1024w, https:\/\/www.kardoskut.hu\/wp-content\/uploads\/2017\/11\/advent-4-300x225.jpg 300w, https:\/\/www.kardoskut.hu\/wp-content\/uploads\/2017\/11\/advent-4-768x576.jpg 768w\" sizes=\"auto, (max-width: 525px) 100vw, 525px\" \/><\/p>\n","protected":false},"excerpt":{"rendered":"<p>J\u00e1t\u00e9kk\u00e9sz\u00edt\u0151- \u00e9s rajzp\u00e1ly\u00e1zatot hirdetett meg az orosh\u00e1zi Pet\u0151fi M\u0171vel\u0151d\u00e9si K\u00f6zpont Kht. November 10-12. k\u00f6z\u00f6tt szakmai tan\u00e1cskoz\u00e1st is szerveztek, illetve j\u00e1t\u00e9kk\u00e9sz\u00edt\u0151 iparosok, keresked\u0151k is ki\u00e1ll\u00edtott\u00e1k munk\u00e1ikat. A m\u0171vel\u0151d\u00e9si k\u00f6zpont folyos\u00f3j\u00e1n a gyermekek rajzait l\u00e1thattuk, legnagyobb \u00f6r\u00f6m\u00fcnkre a legkisebbek kateg\u00f3ri\u00e1j\u00e1ban L\u0151rincz Kitti (5 \u00e9ves) I. d\u00edjas lett! A r\u00e9gi id\u0151k j\u00e1t\u00e9kait megeleven\u00edtve igaz\u00e1n csek\u00e9ly sz\u00e1m\u00fa ki\u00e1ll\u00edtott t\u00e1rgyat &hellip; <\/p>\n<p class=\"link-more\"><a href=\"https:\/\/www.kardoskut.hu\/?p=451\" class=\"more-link\"><span class=\"screen-reader-text\">&#8222;J\u00e1t\u00e9k k\u00e9sz\u00edt\u0151 verseny&#8221;<\/span> b\u0151vebben<\/a><\/p>\n","protected":false},"author":1,"featured_media":0,"comment_status":"closed","ping_status":"closed","sticky":false,"template":"","format":"standard","meta":{"footnotes":""},"categories":[8],"tags":[],"class_list":["post-451","post","type-post","status-publish","format-standard","hentry","category-8"],"_links":{"self":[{"href":"https:\/\/www.kardoskut.hu\/index.php?rest_route=\/wp\/v2\/posts\/451","targetHints":{"allow":["GET"]}}],"collection":[{"href":"https:\/\/www.kardoskut.hu\/index.php?rest_route=\/wp\/v2\/posts"}],"about":[{"href":"https:\/\/www.kardoskut.hu\/index.php?rest_route=\/wp\/v2\/types\/post"}],"author":[{"embeddable":true,"href":"https:\/\/www.kardoskut.hu\/index.php?rest_route=\/wp\/v2\/users\/1"}],"replies":[{"embeddable":true,"href":"https:\/\/www.kardoskut.hu\/index.php?rest_route=%2Fwp%2Fv2%2Fcomments&post=451"}],"version-history":[{"count":1,"href":"https:\/\/www.kardoskut.hu\/index.php?rest_route=\/wp\/v2\/posts\/451\/revisions"}],"predecessor-version":[{"id":455,"href":"https:\/\/www.kardoskut.hu\/index.php?rest_route=\/wp\/v2\/posts\/451\/revisions\/455"}],"wp:attachment":[{"href":"https:\/\/www.kardoskut.hu\/index.php?rest_route=%2Fwp%2Fv2%2Fmedia&parent=451"}],"wp:term":[{"taxonomy":"category","embeddable":true,"href":"https:\/\/www.kardoskut.hu\/index.php?rest_route=%2Fwp%2Fv2%2Fcategories&post=451"},{"taxonomy":"post_tag","embeddable":true,"href":"https:\/\/www.kardoskut.hu\/index.php?rest_route=%2Fwp%2Fv2%2Ftags&post=451"}],"curies":[{"name":"wp","href":"https:\/\/api.w.org\/{rel}","templated":true}]}}