{"id":4483,"date":"2020-05-24T13:48:22","date_gmt":"2020-05-24T13:48:22","guid":{"rendered":"http:\/\/www.kardoskut.hu\/?p=4483"},"modified":"2020-05-24T13:48:22","modified_gmt":"2020-05-24T13:48:22","slug":"hosok-napja-csendes-fohajtas","status":"publish","type":"post","link":"https:\/\/www.kardoskut.hu\/?p=4483","title":{"rendered":"H\u0151s\u00f6k Napja &#8211; csendes f\u0151hajt\u00e1s"},"content":{"rendered":"<p><a href=\"https:\/\/www.flickr.com\/photos\/kardoskuthu\/albums\/72157714436602307\"><img loading=\"lazy\" decoding=\"async\" class=\"alignnone size-full wp-image-4484\" src=\"http:\/\/www.kardoskut.hu\/wp-content\/uploads\/2020\/05\/20200524_141025.jpg\" alt=\"\" width=\"807\" height=\"1015\" srcset=\"https:\/\/www.kardoskut.hu\/wp-content\/uploads\/2020\/05\/20200524_141025.jpg 807w, https:\/\/www.kardoskut.hu\/wp-content\/uploads\/2020\/05\/20200524_141025-239x300.jpg 239w, https:\/\/www.kardoskut.hu\/wp-content\/uploads\/2020\/05\/20200524_141025-768x966.jpg 768w\" sizes=\"auto, (max-width: 767px) 89vw, (max-width: 1000px) 54vw, (max-width: 1071px) 543px, 580px\" \/><\/a><br \/>\nTov\u00e1bbi fot\u00f3k\u00e9rt k\u00e9rem kattintson a fenti k\u00e9pre. (Fot\u00f3k: VNB)<\/p>\n<p>Harminc \u00e9ves kerek \u00e9vfordul\u00f3j\u00e1t \u00fcnnepli az id\u00e9n a templomkertben fel\u00e1ll\u00edtott eml\u00e9km\u0171. Laczki J\u00e1nos evang\u00e9likus lelk\u00e9sszel k\u00f6z\u00f6sen m\u00e1r az \u00e9v elej\u00e9n k\u00f6rvonalaz\u00f3dott \u00e9s szervez\u00e9sre ker\u00fclt egy m\u00e9lt\u00f3 \u00fcnnep: neves sz\u00f3nokot \u00e9s katonazenekart szerett\u00fcnk volna h\u00edvni erre a kerek \u00e9vfordul\u00f3ra. Az \u00e9let azonban k\u00f6zbesz\u00f3lt: a koronav\u00edrus miatti korl\u00e1toz\u00e1sokkal \u00f6sszhangban sz\u0171k k\u00f6rben hajtottunk fejet a H\u0151s katon\u00e1k eml\u00e9ke el\u0151tt. B\u00edzzunk abban, hogy j\u00f6v\u0151re ism\u00e9t megt\u00f6ltj\u00fck e jeles napon a templomkertet.<\/p>\n","protected":false},"excerpt":{"rendered":"<p>Tov\u00e1bbi fot\u00f3k\u00e9rt k\u00e9rem kattintson a fenti k\u00e9pre. (Fot\u00f3k: VNB) Harminc \u00e9ves kerek \u00e9vfordul\u00f3j\u00e1t \u00fcnnepli az id\u00e9n a templomkertben fel\u00e1ll\u00edtott eml\u00e9km\u0171. Laczki J\u00e1nos evang\u00e9likus lelk\u00e9sszel k\u00f6z\u00f6sen m\u00e1r az \u00e9v elej\u00e9n k\u00f6rvonalaz\u00f3dott \u00e9s szervez\u00e9sre ker\u00fclt egy m\u00e9lt\u00f3 \u00fcnnep: neves sz\u00f3nokot \u00e9s katonazenekart szerett\u00fcnk volna h\u00edvni erre a kerek \u00e9vfordul\u00f3ra. Az \u00e9let azonban k\u00f6zbesz\u00f3lt: a koronav\u00edrus miatti korl\u00e1toz\u00e1sokkal &hellip; <\/p>\n<p class=\"link-more\"><a href=\"https:\/\/www.kardoskut.hu\/?p=4483\" class=\"more-link\"><span class=\"screen-reader-text\">&#8222;H\u0151s\u00f6k Napja &#8211; csendes f\u0151hajt\u00e1s&#8221;<\/span> b\u0151vebben<\/a><\/p>\n","protected":false},"author":1,"featured_media":0,"comment_status":"closed","ping_status":"closed","sticky":false,"template":"","format":"standard","meta":{"footnotes":""},"categories":[42],"tags":[],"class_list":["post-4483","post","type-post","status-publish","format-standard","hentry","category-42"],"_links":{"self":[{"href":"https:\/\/www.kardoskut.hu\/index.php?rest_route=\/wp\/v2\/posts\/4483","targetHints":{"allow":["GET"]}}],"collection":[{"href":"https:\/\/www.kardoskut.hu\/index.php?rest_route=\/wp\/v2\/posts"}],"about":[{"href":"https:\/\/www.kardoskut.hu\/index.php?rest_route=\/wp\/v2\/types\/post"}],"author":[{"embeddable":true,"href":"https:\/\/www.kardoskut.hu\/index.php?rest_route=\/wp\/v2\/users\/1"}],"replies":[{"embeddable":true,"href":"https:\/\/www.kardoskut.hu\/index.php?rest_route=%2Fwp%2Fv2%2Fcomments&post=4483"}],"version-history":[{"count":1,"href":"https:\/\/www.kardoskut.hu\/index.php?rest_route=\/wp\/v2\/posts\/4483\/revisions"}],"predecessor-version":[{"id":4485,"href":"https:\/\/www.kardoskut.hu\/index.php?rest_route=\/wp\/v2\/posts\/4483\/revisions\/4485"}],"wp:attachment":[{"href":"https:\/\/www.kardoskut.hu\/index.php?rest_route=%2Fwp%2Fv2%2Fmedia&parent=4483"}],"wp:term":[{"taxonomy":"category","embeddable":true,"href":"https:\/\/www.kardoskut.hu\/index.php?rest_route=%2Fwp%2Fv2%2Fcategories&post=4483"},{"taxonomy":"post_tag","embeddable":true,"href":"https:\/\/www.kardoskut.hu\/index.php?rest_route=%2Fwp%2Fv2%2Ftags&post=4483"}],"curies":[{"name":"wp","href":"https:\/\/api.w.org\/{rel}","templated":true}]}}