{"id":440,"date":"2006-10-22T12:49:51","date_gmt":"2006-10-22T12:49:51","guid":{"rendered":"http:\/\/new.kardoskut.hu\/?p=440"},"modified":"2017-11-15T10:41:47","modified_gmt":"2017-11-15T10:41:47","slug":"rendhagyo-unnepi-megemlekezes","status":"publish","type":"post","link":"https:\/\/www.kardoskut.hu\/?p=440","title":{"rendered":"Rendhagy\u00f3 \u00fcnnepi megeml\u00e9kez\u00e9s"},"content":{"rendered":"<p>M\u00falt, ami elm\u00falt? Egy n\u00e9p, amely elhullt? Hol volt, hol nem volt\u2026 Se \u00e9l\u0151, se holt. Elfelejtetted a Tettet? Amikor a semmib\u0151l sok ember Valamit teremtett. Sok\u00e1ig nem is lehetett hallani, hogy mi volt ez a Valami. Hogy Valami volt: s ez a szabads\u00e1g. \u00c9s hogy\u2019 futott el\u0151le a Gazs\u00e1g! Pattant a r\u00e1nk szor\u00edtott bilincs, amikor utc\u00e1ra l\u00e9pett a sok Nevenincs. A sokat emlegetett N\u00e9p. Aki l\u00e1tta, felejthetetlen a k\u00e9p: ahogy ott vonult, ahogy a Veres Csillag az utc\u00e1ra hullt. Ahogy d\u0151lt a Szobor, s m\u00e9g d\u0151lt\u00e9ben is \u00f6lt. Ahogy egy n\u00e9p ellen fordult a Gyilkos t\u0151re, s aki addig nem hitte: l\u00e1thatta, hogy gyilkosa is \u0151, nem csak \u0151re. Azt hitted, v\u00e9get \u00e9rt a rabs\u00e1g, s hogy el\u00e9rkezik v\u00e9gre a Szabads\u00e1g? \u00c9s hogy mert szabad vagy, a j\u00f6v\u0151det is visszaadj\u00e1k? A csillag lehullt, a Nap ragyog. Azt hitted, kis magyar, hogy eln\u00e9zik neked a Nagyok?! Nem k\u00e9rt\u00e9l sokat, csak az \u00e9leted, s balg\u00e1n azt hitted, hogy ellen\u00e9rt\u00e9knek besz\u00e1m\u00edthatj\u00e1k tal\u00e1n a v\u00e9redet. V\u00e9r-v\u00e1r. V\u00e9r-v\u00e1d. V\u00e9r- ver. Al\u00e9ltan elhever. A puszta f\u00f6ld. \u00d6k\u00f6l. Szor\u00edt, elernyed. F\u00f6ldedbe bevernek, mint jelz\u0151kar\u00f3t. \u00c9lethosszig fizetheted ezt az ad\u00f3t! J\u00f6n a defterd\u00e1r, s t\u0151le megtudod: n\u00e9h\u00e1ny sz\u00e9p nap\u00e9rt mennyi az \u00e1r. Mi volt az \u00e9leted? Hi\u00e1ba k\u00e9rdezed\u2026 Ahogy a helyed n\u00e9zed n\u00e9peknek sor\u00e1ban, l\u00e9gy b\u00fcszke arra: ha csak kicsiny kok\u00e1rda vagy Vil\u00e1gnak gomblyuk\u00e1ban.<\/p>\n<p>Ez valami m\u00e1s volt. Valami \u00faj. Rendhagy\u00f3 \u00fcnnepi m\u0171sorral k\u00f6sz\u00f6nt\u00f6tt\u00fck az 50 \u00e9ves \u00e9vfordul\u00f3j\u00e1t \u00fcnnepl\u0151 forradalmat. Gombk\u00f6t\u0151 Csab\u00e1n\u00e9\u00a0 tan\u00e1r, \u00f6nkorm\u00e1nyzati k\u00e9pvisel\u0151 nyitotta meg az \u00fcnneps\u00e9get, visszaeml\u00e9kezve 1956-os eml\u00e9keire. Ezt k\u00f6vet\u0151en az \u00e1ltal\u00e1nos iskol\u00e1sok m\u0171sor\u00e1t tekinthette meg a n\u00e9pes sz\u00e1m\u00fa k\u00f6z\u00f6ns\u00e9g, korabeli fot\u00f3kb\u00f3l \u00f6ssze\u00e1ll\u00edtott filmvet\u00edt\u00e9s k\u00eds\u00e9ret\u00e9ben. A sz\u00ednpad el\u0151tt \u00e9g\u0151 m\u00e9csesek meleg \u00fcnnepi hangulatot teremtettek a m\u0171vel\u0151d\u00e9si h\u00e1z nagyterm\u00e9be. Ramasz Imre \u00fcnnepi besz\u00e9de ut\u00e1n kivonultunk a h\u0151s\u00f6k eml\u00e9km\u0171v\u00e9hez, ahol koszor\u00faz\u00e1s z\u00e1rta az eml\u00e9kez\u00e9s \u00f3r\u00e1j\u00e1t.<\/p>\n","protected":false},"excerpt":{"rendered":"<p>M\u00falt, ami elm\u00falt? Egy n\u00e9p, amely elhullt? Hol volt, hol nem volt\u2026 Se \u00e9l\u0151, se holt. Elfelejtetted a Tettet? Amikor a semmib\u0151l sok ember Valamit teremtett. Sok\u00e1ig nem is lehetett hallani, hogy mi volt ez a Valami. Hogy Valami volt: s ez a szabads\u00e1g. \u00c9s hogy\u2019 futott el\u0151le a Gazs\u00e1g! Pattant a r\u00e1nk szor\u00edtott bilincs, &hellip; <\/p>\n<p class=\"link-more\"><a href=\"https:\/\/www.kardoskut.hu\/?p=440\" class=\"more-link\"><span class=\"screen-reader-text\">&#8222;Rendhagy\u00f3 \u00fcnnepi megeml\u00e9kez\u00e9s&#8221;<\/span> b\u0151vebben<\/a><\/p>\n","protected":false},"author":1,"featured_media":0,"comment_status":"closed","ping_status":"closed","sticky":false,"template":"","format":"standard","meta":{"footnotes":""},"categories":[8],"tags":[],"class_list":["post-440","post","type-post","status-publish","format-standard","hentry","category-8"],"_links":{"self":[{"href":"https:\/\/www.kardoskut.hu\/index.php?rest_route=\/wp\/v2\/posts\/440","targetHints":{"allow":["GET"]}}],"collection":[{"href":"https:\/\/www.kardoskut.hu\/index.php?rest_route=\/wp\/v2\/posts"}],"about":[{"href":"https:\/\/www.kardoskut.hu\/index.php?rest_route=\/wp\/v2\/types\/post"}],"author":[{"embeddable":true,"href":"https:\/\/www.kardoskut.hu\/index.php?rest_route=\/wp\/v2\/users\/1"}],"replies":[{"embeddable":true,"href":"https:\/\/www.kardoskut.hu\/index.php?rest_route=%2Fwp%2Fv2%2Fcomments&post=440"}],"version-history":[{"count":1,"href":"https:\/\/www.kardoskut.hu\/index.php?rest_route=\/wp\/v2\/posts\/440\/revisions"}],"predecessor-version":[{"id":441,"href":"https:\/\/www.kardoskut.hu\/index.php?rest_route=\/wp\/v2\/posts\/440\/revisions\/441"}],"wp:attachment":[{"href":"https:\/\/www.kardoskut.hu\/index.php?rest_route=%2Fwp%2Fv2%2Fmedia&parent=440"}],"wp:term":[{"taxonomy":"category","embeddable":true,"href":"https:\/\/www.kardoskut.hu\/index.php?rest_route=%2Fwp%2Fv2%2Fcategories&post=440"},{"taxonomy":"post_tag","embeddable":true,"href":"https:\/\/www.kardoskut.hu\/index.php?rest_route=%2Fwp%2Fv2%2Ftags&post=440"}],"curies":[{"name":"wp","href":"https:\/\/api.w.org\/{rel}","templated":true}]}}