{"id":4256,"date":"2020-03-09T16:41:29","date_gmt":"2020-03-09T16:41:29","guid":{"rendered":"http:\/\/www.kardoskut.hu\/?p=4256"},"modified":"2020-03-09T16:41:29","modified_gmt":"2020-03-09T16:41:29","slug":"sertes-osszeiras","status":"publish","type":"post","link":"https:\/\/www.kardoskut.hu\/?p=4256","title":{"rendered":"Sert\u00e9s \u00f6ssze\u00edr\u00e1s"},"content":{"rendered":"<p><strong>Tisztelt kardosk\u00fati lakosok!<\/strong><\/p>\n<p>Mindannyiunk \u00e9rdeke, hogy mind a megy\u00e9nk, mind Magyarorsz\u00e1g h\u00e1zt\u00e1ji \u00e9s nagy\u00fczemi sert\u00e9s\u00e1llom\u00e1ny\u00e1t megv\u00e9dj\u00fck az afrikai sert\u00e9spestis \u00e1ltal okozott gazdas\u00e1gi k\u00e1rokt\u00f3l.<\/p>\n<p>Megel\u0151z\u00e9sk\u00e9ppen a j\u00e1r\u00e1s t\u00f6bbi telep\u00fcl\u00e9s\u00e9hez hasonl\u00f3an Kardosk\u00faton is \u00f6ssze\u00edr\u00e1sa ker\u00fcl a sert\u00e9s\u00e1llom\u00e1ny. Az \u00f6ssze\u00edr\u00e1st k\u00f6vet\u0151en valamennyi sert\u00e9s\u00e1llom\u00e1ny \u00e1llatorvos \u00e1ltal vizsg\u00e1latra fog ker\u00fclni.<\/p>\n<p>K\u00e9rem, hogy m\u0171k\u00f6djenek k\u00f6zre az \u00f6ssze\u00edr\u00f3val.<\/p>\n<p>K\u00f6sz\u00f6nettel:<\/p>\n<p><em>Varga P\u00e1l polg\u00e1rmester<\/em><\/p>\n<p><a href=\"http:\/\/www.kardoskut.hu\/wp-content\/uploads\/2020\/03\/sertes_osszeiras_2020_03.jpg\"><img loading=\"lazy\" decoding=\"async\" class=\"alignnone size-large wp-image-4257\" src=\"http:\/\/www.kardoskut.hu\/wp-content\/uploads\/2020\/03\/sertes_osszeiras_2020_03-713x1024.jpg\" alt=\"\" width=\"525\" height=\"754\" srcset=\"https:\/\/www.kardoskut.hu\/wp-content\/uploads\/2020\/03\/sertes_osszeiras_2020_03-713x1024.jpg 713w, https:\/\/www.kardoskut.hu\/wp-content\/uploads\/2020\/03\/sertes_osszeiras_2020_03-209x300.jpg 209w, https:\/\/www.kardoskut.hu\/wp-content\/uploads\/2020\/03\/sertes_osszeiras_2020_03-768x1103.jpg 768w, https:\/\/www.kardoskut.hu\/wp-content\/uploads\/2020\/03\/sertes_osszeiras_2020_03-1069x1536.jpg 1069w, https:\/\/www.kardoskut.hu\/wp-content\/uploads\/2020\/03\/sertes_osszeiras_2020_03.jpg 1419w\" sizes=\"auto, (max-width: 525px) 100vw, 525px\" \/><\/a><\/p>\n","protected":false},"excerpt":{"rendered":"<p>Tisztelt kardosk\u00fati lakosok! Mindannyiunk \u00e9rdeke, hogy mind a megy\u00e9nk, mind Magyarorsz\u00e1g h\u00e1zt\u00e1ji \u00e9s nagy\u00fczemi sert\u00e9s\u00e1llom\u00e1ny\u00e1t megv\u00e9dj\u00fck az afrikai sert\u00e9spestis \u00e1ltal okozott gazdas\u00e1gi k\u00e1rokt\u00f3l. Megel\u0151z\u00e9sk\u00e9ppen a j\u00e1r\u00e1s t\u00f6bbi telep\u00fcl\u00e9s\u00e9hez hasonl\u00f3an Kardosk\u00faton is \u00f6ssze\u00edr\u00e1sa ker\u00fcl a sert\u00e9s\u00e1llom\u00e1ny. Az \u00f6ssze\u00edr\u00e1st k\u00f6vet\u0151en valamennyi sert\u00e9s\u00e1llom\u00e1ny \u00e1llatorvos \u00e1ltal vizsg\u00e1latra fog ker\u00fclni. K\u00e9rem, hogy m\u0171k\u00f6djenek k\u00f6zre az \u00f6ssze\u00edr\u00f3val. K\u00f6sz\u00f6nettel: Varga P\u00e1l polg\u00e1rmester<\/p>\n","protected":false},"author":1,"featured_media":0,"comment_status":"closed","ping_status":"closed","sticky":false,"template":"","format":"standard","meta":{"footnotes":""},"categories":[42],"tags":[],"class_list":["post-4256","post","type-post","status-publish","format-standard","hentry","category-42"],"_links":{"self":[{"href":"https:\/\/www.kardoskut.hu\/index.php?rest_route=\/wp\/v2\/posts\/4256","targetHints":{"allow":["GET"]}}],"collection":[{"href":"https:\/\/www.kardoskut.hu\/index.php?rest_route=\/wp\/v2\/posts"}],"about":[{"href":"https:\/\/www.kardoskut.hu\/index.php?rest_route=\/wp\/v2\/types\/post"}],"author":[{"embeddable":true,"href":"https:\/\/www.kardoskut.hu\/index.php?rest_route=\/wp\/v2\/users\/1"}],"replies":[{"embeddable":true,"href":"https:\/\/www.kardoskut.hu\/index.php?rest_route=%2Fwp%2Fv2%2Fcomments&post=4256"}],"version-history":[{"count":1,"href":"https:\/\/www.kardoskut.hu\/index.php?rest_route=\/wp\/v2\/posts\/4256\/revisions"}],"predecessor-version":[{"id":4258,"href":"https:\/\/www.kardoskut.hu\/index.php?rest_route=\/wp\/v2\/posts\/4256\/revisions\/4258"}],"wp:attachment":[{"href":"https:\/\/www.kardoskut.hu\/index.php?rest_route=%2Fwp%2Fv2%2Fmedia&parent=4256"}],"wp:term":[{"taxonomy":"category","embeddable":true,"href":"https:\/\/www.kardoskut.hu\/index.php?rest_route=%2Fwp%2Fv2%2Fcategories&post=4256"},{"taxonomy":"post_tag","embeddable":true,"href":"https:\/\/www.kardoskut.hu\/index.php?rest_route=%2Fwp%2Fv2%2Ftags&post=4256"}],"curies":[{"name":"wp","href":"https:\/\/api.w.org\/{rel}","templated":true}]}}