{"id":424,"date":"2006-10-03T12:39:45","date_gmt":"2006-10-03T12:39:45","guid":{"rendered":"http:\/\/new.kardoskut.hu\/?p=424"},"modified":"2017-11-15T10:41:48","modified_gmt":"2017-11-15T10:41:48","slug":"az-idosek-vilagnapjat-unnepeltuk","status":"publish","type":"post","link":"https:\/\/www.kardoskut.hu\/?p=424","title":{"rendered":"Az id\u0151sek vil\u00e1gnapj\u00e1t \u00fcnnepelt\u00fck"},"content":{"rendered":"<p>Okt\u00f3ber 3-\u00e1n vacsor\u00e1s \u00f6sszej\u00f6vetelt tartott a Radn\u00f3ti Mikl\u00f3s Nyugd\u00edjas Klub. Az Id\u0151sek Vil\u00e1gnapja alkalm\u00e1b\u00f3l tartott rendezv\u00e9ny\u00fcnk\u00f6n a kialakult szok\u00e1s alapj\u00e1n k\u00f6sz\u00f6nt\u00f6tt\u00fck az id\u00e9n \u00e9vfordul\u00f3s sz\u00fclinapos tagjainkat. Nagyon \u00f6r\u00fclt\u00fcnk, hogy szem\u00e9lyesen is elj\u00f6tt Gombk\u00f6t\u0151 Mih\u00e1lyn\u00e9, Margitka n\u00e9ni, akit 80. sz\u00fclet\u00e9snapj\u00e1hoz k\u00f6zeledve felk\u00f6sz\u00f6nthett\u00fck, \u00e9s mihamarabbi gy\u00f3gyul\u00e1st k\u00edv\u00e1nhattunk neki. A klubtagok k\u00f6z\u00fcl a Cs\u00e1ki h\u00e1zasp\u00e1r is \u00fcnnepelt, hiszen S\u00e1ndor b\u00e1csi az id\u00e9n 70 \u00e9ves, Erzsike n\u00e9ni pedig 65 \u00e9ves. Aj\u00e1nd\u00e9kt\u00e1rggyal k\u00f6sz\u00f6nt\u00f6tt\u00fck a fiatalabbakat is, Zsigovics Imr\u00e9n\u00e9 Erzsike n\u00e9nit \u00e9s h\u00fag\u00e1t, B\u00edr\u00f3 D\u00e1vidn\u00e9 Ilonk\u00e1t. Az Id\u0151sek Vil\u00e1gnapj\u00e1t nem csup\u00e1n helyben fogjuk meg\u00fcnnepelni, mivel hamarosan k\u00e9t megyei rendezv\u00e9nyre is ell\u00e1togatunk. Okt\u00f3ber 12-\u00e9n, V\u00e9szt\u0151n, a helyi m\u0171vel\u0151d\u00e9si h\u00e1zban tartand\u00f3 megeml\u00e9kez\u00e9sre l\u00e1togat el a klub k\u00e9pviselet\u00e9ben egy 5 f\u0151s kiscsoport. Okt\u00f3ber 20-\u00e1n a Megyei Nyugd\u00edjas Egyes\u00fclet \u00e1ltal rendezett nagyszab\u00e1s\u00fa \u00fcnneps\u00e9g r\u00e9szesei lehet\u00fcnk B\u00e9k\u00e9scsab\u00e1n, a V\u00e1rosi Sportcsarnokban. Rem\u00e9lj\u00fck ezen alkalmak is lehet\u0151s\u00e9get adnak m\u00e1s nyugd\u00edjas csoportokkal val\u00f3 megismerked\u00e9sre, s a k\u00f6z\u00f6s kultur\u00e1lis rendezv\u00e9nyek pedig mindannyiunk \u00f6r\u00f6m\u00e9re szolg\u00e1lnak majd.<\/p>\n","protected":false},"excerpt":{"rendered":"<p>Okt\u00f3ber 3-\u00e1n vacsor\u00e1s \u00f6sszej\u00f6vetelt tartott a Radn\u00f3ti Mikl\u00f3s Nyugd\u00edjas Klub. Az Id\u0151sek Vil\u00e1gnapja alkalm\u00e1b\u00f3l tartott rendezv\u00e9ny\u00fcnk\u00f6n a kialakult szok\u00e1s alapj\u00e1n k\u00f6sz\u00f6nt\u00f6tt\u00fck az id\u00e9n \u00e9vfordul\u00f3s sz\u00fclinapos tagjainkat. Nagyon \u00f6r\u00fclt\u00fcnk, hogy szem\u00e9lyesen is elj\u00f6tt Gombk\u00f6t\u0151 Mih\u00e1lyn\u00e9, Margitka n\u00e9ni, akit 80. sz\u00fclet\u00e9snapj\u00e1hoz k\u00f6zeledve felk\u00f6sz\u00f6nthett\u00fck, \u00e9s mihamarabbi gy\u00f3gyul\u00e1st k\u00edv\u00e1nhattunk neki. A klubtagok k\u00f6z\u00fcl a Cs\u00e1ki h\u00e1zasp\u00e1r is \u00fcnnepelt, hiszen &hellip; <\/p>\n<p class=\"link-more\"><a href=\"https:\/\/www.kardoskut.hu\/?p=424\" class=\"more-link\"><span class=\"screen-reader-text\">&#8222;Az id\u0151sek vil\u00e1gnapj\u00e1t \u00fcnnepelt\u00fck&#8221;<\/span> b\u0151vebben<\/a><\/p>\n","protected":false},"author":1,"featured_media":0,"comment_status":"closed","ping_status":"closed","sticky":false,"template":"","format":"standard","meta":{"footnotes":""},"categories":[8],"tags":[],"class_list":["post-424","post","type-post","status-publish","format-standard","hentry","category-8"],"_links":{"self":[{"href":"https:\/\/www.kardoskut.hu\/index.php?rest_route=\/wp\/v2\/posts\/424","targetHints":{"allow":["GET"]}}],"collection":[{"href":"https:\/\/www.kardoskut.hu\/index.php?rest_route=\/wp\/v2\/posts"}],"about":[{"href":"https:\/\/www.kardoskut.hu\/index.php?rest_route=\/wp\/v2\/types\/post"}],"author":[{"embeddable":true,"href":"https:\/\/www.kardoskut.hu\/index.php?rest_route=\/wp\/v2\/users\/1"}],"replies":[{"embeddable":true,"href":"https:\/\/www.kardoskut.hu\/index.php?rest_route=%2Fwp%2Fv2%2Fcomments&post=424"}],"version-history":[{"count":1,"href":"https:\/\/www.kardoskut.hu\/index.php?rest_route=\/wp\/v2\/posts\/424\/revisions"}],"predecessor-version":[{"id":425,"href":"https:\/\/www.kardoskut.hu\/index.php?rest_route=\/wp\/v2\/posts\/424\/revisions\/425"}],"wp:attachment":[{"href":"https:\/\/www.kardoskut.hu\/index.php?rest_route=%2Fwp%2Fv2%2Fmedia&parent=424"}],"wp:term":[{"taxonomy":"category","embeddable":true,"href":"https:\/\/www.kardoskut.hu\/index.php?rest_route=%2Fwp%2Fv2%2Fcategories&post=424"},{"taxonomy":"post_tag","embeddable":true,"href":"https:\/\/www.kardoskut.hu\/index.php?rest_route=%2Fwp%2Fv2%2Ftags&post=424"}],"curies":[{"name":"wp","href":"https:\/\/api.w.org\/{rel}","templated":true}]}}