{"id":4174,"date":"2020-02-07T07:00:05","date_gmt":"2020-02-07T07:00:05","guid":{"rendered":"http:\/\/www.kardoskut.hu\/?p=4174"},"modified":"2020-02-07T07:00:50","modified_gmt":"2020-02-07T07:00:50","slug":"meheszeknek-szolo-felhivas","status":"publish","type":"post","link":"https:\/\/www.kardoskut.hu\/?p=4174","title":{"rendered":"M\u00e9h\u00e9szeknek sz\u00f3l\u00f3 felh\u00edv\u00e1s"},"content":{"rendered":"<p><strong>Tisztelt M\u00e9h\u00e9szek!<\/strong><\/p>\n<p>Az \u00e9v eleji egyik adminisztr\u00e1ci\u00f3s k\u00f6telezetts\u00e9g\u00fck a 70\/2003<br \/>\n(VI.27.) FVM rendelet 2.\u00a7 \u00e9rtelm\u00e9ben a m\u00e9h\u00e9szet\u00fck bejelent\u00e9se:<\/p>\n<p>_&#8221;A m\u00e9h\u00e9szked\u00e9st (m\u00e9htart\u00e1st) minden \u00e9v febru\u00e1r v\u00e9g\u00e9ig, az<br \/>\n\u00fajonnan kezdett m\u00e9h\u00e9szked\u00e9st pedig e tev\u00e9kenys\u00e9g megkezd\u00e9s\u00e9t\u0151l<br \/>\nsz\u00e1m\u00edtott nyolc napon bel\u00fcl kell bejelenteni a m\u00e9hek tart\u00e1si helye<br \/>\nszerint illet\u00e9kes telep\u00fcl\u00e9si \u00f6nkorm\u00e1nyzat, f\u0151v\u00e1rosban a ker\u00fcleti<br \/>\n\u00f6nkorm\u00e1nyzat jegyz\u0151j\u00e9n\u00e9l\u2026&#8221;_<\/p>\n<p>Sokan nem, vagy csak k\u00e9sve tesznek eleget ezen k\u00f6telezetts\u00e9g\u00fcknek, a bejelent\u0151 lap nyomtatv\u00e1ny k\u00e9rhet\u0151 a hivatalban, vagy <a href=\"http:\/\/www.omme.hu\/wp-content\/uploads\/2014\/10\/Onkormanyzati_bejelento_lap-1.doc\"><strong>INNEN<\/strong><\/a><br \/>\nlet\u00f6lthet\u0151.<\/p>\n<p>K\u00e9rj\u00fck a Tisztelt M\u00e9h\u00e9szeket, hogy ne mulassz\u00e1k el bejelenteni<br \/>\nm\u00e9h\u00e9szeteiket.<\/p>\n<p><em>Tisztelettel: dr. Lipt\u00e1k P\u00e9ter jegyz\u0151<\/em><\/p>\n","protected":false},"excerpt":{"rendered":"<p>Tisztelt M\u00e9h\u00e9szek! Az \u00e9v eleji egyik adminisztr\u00e1ci\u00f3s k\u00f6telezetts\u00e9g\u00fck a 70\/2003 (VI.27.) FVM rendelet 2.\u00a7 \u00e9rtelm\u00e9ben a m\u00e9h\u00e9szet\u00fck bejelent\u00e9se: _&#8221;A m\u00e9h\u00e9szked\u00e9st (m\u00e9htart\u00e1st) minden \u00e9v febru\u00e1r v\u00e9g\u00e9ig, az \u00fajonnan kezdett m\u00e9h\u00e9szked\u00e9st pedig e tev\u00e9kenys\u00e9g megkezd\u00e9s\u00e9t\u0151l sz\u00e1m\u00edtott nyolc napon bel\u00fcl kell bejelenteni a m\u00e9hek tart\u00e1si helye szerint illet\u00e9kes telep\u00fcl\u00e9si \u00f6nkorm\u00e1nyzat, f\u0151v\u00e1rosban a ker\u00fcleti \u00f6nkorm\u00e1nyzat jegyz\u0151j\u00e9n\u00e9l\u2026&#8221;_ Sokan nem, vagy &hellip; <\/p>\n<p class=\"link-more\"><a href=\"https:\/\/www.kardoskut.hu\/?p=4174\" class=\"more-link\"><span class=\"screen-reader-text\">&#8222;M\u00e9h\u00e9szeknek sz\u00f3l\u00f3 felh\u00edv\u00e1s&#8221;<\/span> b\u0151vebben<\/a><\/p>\n","protected":false},"author":1,"featured_media":0,"comment_status":"closed","ping_status":"closed","sticky":false,"template":"","format":"standard","meta":{"footnotes":""},"categories":[42],"tags":[],"class_list":["post-4174","post","type-post","status-publish","format-standard","hentry","category-42"],"_links":{"self":[{"href":"https:\/\/www.kardoskut.hu\/index.php?rest_route=\/wp\/v2\/posts\/4174","targetHints":{"allow":["GET"]}}],"collection":[{"href":"https:\/\/www.kardoskut.hu\/index.php?rest_route=\/wp\/v2\/posts"}],"about":[{"href":"https:\/\/www.kardoskut.hu\/index.php?rest_route=\/wp\/v2\/types\/post"}],"author":[{"embeddable":true,"href":"https:\/\/www.kardoskut.hu\/index.php?rest_route=\/wp\/v2\/users\/1"}],"replies":[{"embeddable":true,"href":"https:\/\/www.kardoskut.hu\/index.php?rest_route=%2Fwp%2Fv2%2Fcomments&post=4174"}],"version-history":[{"count":2,"href":"https:\/\/www.kardoskut.hu\/index.php?rest_route=\/wp\/v2\/posts\/4174\/revisions"}],"predecessor-version":[{"id":4176,"href":"https:\/\/www.kardoskut.hu\/index.php?rest_route=\/wp\/v2\/posts\/4174\/revisions\/4176"}],"wp:attachment":[{"href":"https:\/\/www.kardoskut.hu\/index.php?rest_route=%2Fwp%2Fv2%2Fmedia&parent=4174"}],"wp:term":[{"taxonomy":"category","embeddable":true,"href":"https:\/\/www.kardoskut.hu\/index.php?rest_route=%2Fwp%2Fv2%2Fcategories&post=4174"},{"taxonomy":"post_tag","embeddable":true,"href":"https:\/\/www.kardoskut.hu\/index.php?rest_route=%2Fwp%2Fv2%2Ftags&post=4174"}],"curies":[{"name":"wp","href":"https:\/\/api.w.org\/{rel}","templated":true}]}}