{"id":4128,"date":"2020-01-20T06:16:59","date_gmt":"2020-01-20T06:16:59","guid":{"rendered":"http:\/\/www.kardoskut.hu\/?p=4128"},"modified":"2020-01-20T06:16:59","modified_gmt":"2020-01-20T06:16:59","slug":"a-kupa-az-iden-sem-vandorolt-mashoz","status":"publish","type":"post","link":"https:\/\/www.kardoskut.hu\/?p=4128","title":{"rendered":"A kupa az id\u00e9n sem v\u00e1ndorolt m\u00e1shoz"},"content":{"rendered":"<p><a href=\"https:\/\/www.flickr.com\/photos\/kardoskuthu\/albums\/72157712747238371\"><img loading=\"lazy\" decoding=\"async\" class=\"alignnone size-full wp-image-4129\" src=\"http:\/\/www.kardoskut.hu\/wp-content\/uploads\/2020\/01\/IMG_7206.jpg\" alt=\"\" width=\"786\" height=\"801\" srcset=\"https:\/\/www.kardoskut.hu\/wp-content\/uploads\/2020\/01\/IMG_7206.jpg 786w, https:\/\/www.kardoskut.hu\/wp-content\/uploads\/2020\/01\/IMG_7206-294x300.jpg 294w, https:\/\/www.kardoskut.hu\/wp-content\/uploads\/2020\/01\/IMG_7206-768x783.jpg 768w\" sizes=\"auto, (max-width: 767px) 89vw, (max-width: 1000px) 54vw, (max-width: 1071px) 543px, 580px\" \/><\/a><br \/>\nTov\u00e1bbi fot\u00f3k\u00e9rt k\u00e9rem kattintson a fenti k\u00e9pre. (Fot\u00f3k: VNB.)<\/p>\n<p>2011-ben hirdette meg el\u0151sz\u00f6r a m\u0171vel\u0151d\u00e9si h\u00e1zzal kar\u00f6ltve Seres P\u00e9ter, a Klub 120 Bili\u00e1rd Egyes\u00fclet vezet\u0151je kardosk\u00fati versenyz\u0151k r\u00e9sz\u00e9re a Kardosk\u00fat Bili\u00e1rdbajnoka c\u00edm\u00e9rt foly\u00f3 versenyt. T\u00edz \u00e9v \u00f3ta t\u00f6retlen n\u00e9pszer\u0171s\u00e9ggel versengenek egym\u00e1ssal a helyiek, a v\u00e1ndorkupa igen ritk\u00e1n v\u00e1ndorol \u00e1t az el\u0151z\u0151 \u00e9v bajnok\u00e1t\u00f3l m\u00e1shoz. A versenynap elej\u00e9n a szervez\u0151 k\u00f6sz\u00f6nt\u0151je ut\u00e1n Seres P\u00e9ter ismertette a nevez\u0151kkel a tavaly \u00f3ta t\u00f6rt\u00e9nt szab\u00e1lyv\u00e1ltoz\u00e1sokat. 2019-hez hasonl\u00f3an, most is tizenegyen m\u00e9rk\u0151ztek meg egym\u00e1ssal h\u00e1rom asztalon. Sorsol\u00e1s \u00fatj\u00e1n h\u00e1rom csoportba ker\u00fcltek a versenyz\u0151k, majd minden csoport els\u0151 k\u00e9t legjobbja ker\u00fclt a k\u00f6z\u00e9pd\u00f6nt\u0151be, ahol szoros m\u00e9rk\u0151z\u00e9sek ut\u00e1n d\u00e9lut\u00e1nra kialakult a legjobbak versenye. A Kardosk\u00fat Bili\u00e1rdbajnoka c\u00edmet az id\u00e9n sem tudta elvenni Seres P\u00e9tert\u0151l a m\u00e1sodik helyezett Sz\u00fck Tibor, aki egy hajsz\u00e1llal maradt csak alul. A harmadik helyet Kov\u00e1cs J\u00e1nosnak siker\u00fclt megszereznie, a negyedik helyen Farkas Zolt\u00e1n v\u00e9gzett. Az eredm\u00e9nyhirdet\u00e9skor minden versenyz\u0151nek gratul\u00e1lt Varga P\u00e1l polg\u00e1rmester, majd T\u00f6r\u00f6k Attila k\u00e9pvisel\u0151vel egy\u00fctt \u00e1tadt\u00e1k a legjobbaknak j\u00e1r\u00f3 oklevelet \u00e9s aj\u00e1nd\u00e9kot. A nap legfiatalabb, \u00fcgyeskez\u0171 versenyz\u0151je Nagy D\u00e1vid k\u00fcl\u00f6nd\u00edjban r\u00e9szes\u00fclt a verseny szervez\u0151inek d\u00f6nt\u00e9se alapj\u00e1n. A t\u00edz \u00e9ves hagyom\u00e1ny j\u00f6v\u0151 janu\u00e1rban ism\u00e9t folytat\u00f3dik, addig is a m\u0171vel\u0151d\u00e9si h\u00e1zban lehet\u0151s\u00e9g van bili\u00e1rdozni. Legk\u00f6zelebb \u00e1prilis h\u00f3napban a Lantos eml\u00e9kversenyen m\u00e9rhetik \u00f6ssze technikai tud\u00e1sukat a sport\u00e1g szerelmesei, ahova vid\u00e9ki j\u00e1t\u00e9kosok r\u00e9szv\u00e9tel\u00e9t is v\u00e1rjuk.<br \/>\nVNB<\/p>\n<p><a href=\"http:\/\/www.kardoskut.hu\/wp-content\/uploads\/2020\/01\/IMG_7153.jpg\"><img loading=\"lazy\" decoding=\"async\" class=\"alignnone size-large wp-image-4130\" src=\"http:\/\/www.kardoskut.hu\/wp-content\/uploads\/2020\/01\/IMG_7153-1024x671.jpg\" alt=\"\" width=\"525\" height=\"344\" srcset=\"https:\/\/www.kardoskut.hu\/wp-content\/uploads\/2020\/01\/IMG_7153-1024x671.jpg 1024w, https:\/\/www.kardoskut.hu\/wp-content\/uploads\/2020\/01\/IMG_7153-300x197.jpg 300w, https:\/\/www.kardoskut.hu\/wp-content\/uploads\/2020\/01\/IMG_7153-768x503.jpg 768w, https:\/\/www.kardoskut.hu\/wp-content\/uploads\/2020\/01\/IMG_7153.jpg 1056w\" sizes=\"auto, (max-width: 525px) 100vw, 525px\" \/><\/a><\/p>\n<p><a href=\"http:\/\/www.kardoskut.hu\/wp-content\/uploads\/2020\/01\/IMG_7214.jpg\"><img loading=\"lazy\" decoding=\"async\" class=\"alignnone size-full wp-image-4131\" src=\"http:\/\/www.kardoskut.hu\/wp-content\/uploads\/2020\/01\/IMG_7214.jpg\" alt=\"\" width=\"829\" height=\"552\" srcset=\"https:\/\/www.kardoskut.hu\/wp-content\/uploads\/2020\/01\/IMG_7214.jpg 829w, https:\/\/www.kardoskut.hu\/wp-content\/uploads\/2020\/01\/IMG_7214-300x200.jpg 300w, https:\/\/www.kardoskut.hu\/wp-content\/uploads\/2020\/01\/IMG_7214-768x511.jpg 768w\" sizes=\"auto, (max-width: 767px) 89vw, (max-width: 1000px) 54vw, (max-width: 1071px) 543px, 580px\" \/><\/a><\/p>\n","protected":false},"excerpt":{"rendered":"<p>Tov\u00e1bbi fot\u00f3k\u00e9rt k\u00e9rem kattintson a fenti k\u00e9pre. (Fot\u00f3k: VNB.) 2011-ben hirdette meg el\u0151sz\u00f6r a m\u0171vel\u0151d\u00e9si h\u00e1zzal kar\u00f6ltve Seres P\u00e9ter, a Klub 120 Bili\u00e1rd Egyes\u00fclet vezet\u0151je kardosk\u00fati versenyz\u0151k r\u00e9sz\u00e9re a Kardosk\u00fat Bili\u00e1rdbajnoka c\u00edm\u00e9rt foly\u00f3 versenyt. T\u00edz \u00e9v \u00f3ta t\u00f6retlen n\u00e9pszer\u0171s\u00e9ggel versengenek egym\u00e1ssal a helyiek, a v\u00e1ndorkupa igen ritk\u00e1n v\u00e1ndorol \u00e1t az el\u0151z\u0151 \u00e9v bajnok\u00e1t\u00f3l m\u00e1shoz. A &hellip; <\/p>\n<p class=\"link-more\"><a href=\"https:\/\/www.kardoskut.hu\/?p=4128\" class=\"more-link\"><span class=\"screen-reader-text\">&#8222;A kupa az id\u00e9n sem v\u00e1ndorolt m\u00e1shoz&#8221;<\/span> b\u0151vebben<\/a><\/p>\n","protected":false},"author":1,"featured_media":0,"comment_status":"closed","ping_status":"closed","sticky":false,"template":"","format":"standard","meta":{"footnotes":""},"categories":[42],"tags":[],"class_list":["post-4128","post","type-post","status-publish","format-standard","hentry","category-42"],"_links":{"self":[{"href":"https:\/\/www.kardoskut.hu\/index.php?rest_route=\/wp\/v2\/posts\/4128","targetHints":{"allow":["GET"]}}],"collection":[{"href":"https:\/\/www.kardoskut.hu\/index.php?rest_route=\/wp\/v2\/posts"}],"about":[{"href":"https:\/\/www.kardoskut.hu\/index.php?rest_route=\/wp\/v2\/types\/post"}],"author":[{"embeddable":true,"href":"https:\/\/www.kardoskut.hu\/index.php?rest_route=\/wp\/v2\/users\/1"}],"replies":[{"embeddable":true,"href":"https:\/\/www.kardoskut.hu\/index.php?rest_route=%2Fwp%2Fv2%2Fcomments&post=4128"}],"version-history":[{"count":1,"href":"https:\/\/www.kardoskut.hu\/index.php?rest_route=\/wp\/v2\/posts\/4128\/revisions"}],"predecessor-version":[{"id":4132,"href":"https:\/\/www.kardoskut.hu\/index.php?rest_route=\/wp\/v2\/posts\/4128\/revisions\/4132"}],"wp:attachment":[{"href":"https:\/\/www.kardoskut.hu\/index.php?rest_route=%2Fwp%2Fv2%2Fmedia&parent=4128"}],"wp:term":[{"taxonomy":"category","embeddable":true,"href":"https:\/\/www.kardoskut.hu\/index.php?rest_route=%2Fwp%2Fv2%2Fcategories&post=4128"},{"taxonomy":"post_tag","embeddable":true,"href":"https:\/\/www.kardoskut.hu\/index.php?rest_route=%2Fwp%2Fv2%2Ftags&post=4128"}],"curies":[{"name":"wp","href":"https:\/\/api.w.org\/{rel}","templated":true}]}}