{"id":4120,"date":"2020-01-19T09:29:41","date_gmt":"2020-01-19T09:29:41","guid":{"rendered":"http:\/\/www.kardoskut.hu\/?p=4120"},"modified":"2020-01-19T09:29:41","modified_gmt":"2020-01-19T09:29:41","slug":"a-don-kanyarban-tortentekre-emlekeztek-bekes-megyeben","status":"publish","type":"post","link":"https:\/\/www.kardoskut.hu\/?p=4120","title":{"rendered":"A Don-kanyarban t\u00f6rt\u00e9ntekre eml\u00e9keztek B\u00e9k\u00e9s megy\u00e9ben"},"content":{"rendered":"<p><a href=\"https:\/\/www.beol.hu\/galeria\/a-don-kanyarban-tortentekre-emlekeztek-bekes-megyeben\/\"><img loading=\"lazy\" decoding=\"async\" class=\"alignnone size-large wp-image-4121\" src=\"http:\/\/www.kardoskut.hu\/wp-content\/uploads\/2020\/01\/DoniemlekezesCSI01-1024x768.jpg\" alt=\"\" width=\"525\" height=\"394\" srcset=\"https:\/\/www.kardoskut.hu\/wp-content\/uploads\/2020\/01\/DoniemlekezesCSI01-1024x768.jpg 1024w, https:\/\/www.kardoskut.hu\/wp-content\/uploads\/2020\/01\/DoniemlekezesCSI01-300x225.jpg 300w, https:\/\/www.kardoskut.hu\/wp-content\/uploads\/2020\/01\/DoniemlekezesCSI01-768x576.jpg 768w, https:\/\/www.kardoskut.hu\/wp-content\/uploads\/2020\/01\/DoniemlekezesCSI01-1536x1152.jpg 1536w, https:\/\/www.kardoskut.hu\/wp-content\/uploads\/2020\/01\/DoniemlekezesCSI01.jpg 1920w\" sizes=\"auto, (max-width: 525px) 100vw, 525px\" \/><\/a><br \/>\nForr\u00e1s: BEOL.HU (Cs.I.)<\/p>\n<p>A doni eml\u00e9kmenet katonaruh\u00e1s \u00e9s civil r\u00e9sztvev\u0151ivel tal\u00e1lkozhattak a 34 kilom\u00e9teres \u00faton, akik T\u00f3tkoml\u00f3s, Kardosk\u00fat \u00e9s Orosh\u00e1za t\u00e9rs\u00e9g\u00e9ben j\u00e1rtak janu\u00e1r 18-\u00e1n.<\/p>\n<p>Id\u00e9n is meghirdette \u00e9s megrendezte az eml\u00e9kez\u0151 menetet a Magyar Tartal\u00e9kosok Sz\u00f6vets\u00e9ge Nagy Zolt\u00e1n ezredes vezette B\u00e9k\u00e9s megyei szervezete az orosh\u00e1zi szervezet vezet\u0151j\u00e9nek, Antal L\u00e1szl\u00f3 hagyom\u00e1ny\u0151rz\u0151 alezredes, v\u00e1rosi eln\u00f6k ir\u00e1ny\u00edt\u00e1sa mellett. Kardosk\u00fati koszor\u00faz\u00e1suk el\u0151tt a helyiek megvend\u00e9gelt\u00e9k a kitart\u00f3 csapatot.<\/p>\n<p>Hetvenh\u00e9t \u00e9vvel ezel\u0151tt, 1943 janu\u00e1rj\u00e1ban, a m\u00e1sodik vil\u00e1gh\u00e1bor\u00faban a Szovjetuni\u00f3ban, a Don-kanyarban, Voronyezs t\u00e9rs\u00e9g\u00e9ben tragikus csap\u00e1s \u00e9rte a II. magyar hadsereget. Soha a magyar t\u00f6rt\u00e9nelemben ekkora embervesztes\u00e9g nem \u00e9rte \u00fctk\u00f6zetben a magyarokat. Nagyon kevesen \u00e9lnek az akkori t\u00fal\u00e9l\u0151k k\u00f6z\u00fcl. El\u0151tt\u00fck \u00e9s elhunyt bajt\u00e1rsaik, k\u00f6zt\u00fck a h\u0151si halottak eml\u00e9ke el\u0151tt tisztelegtek azok, akik r\u00e9szt vettek az idei doni eml\u00e9kmenet B\u00e9k\u00e9s megyei esem\u00e9ny\u00e9n.<\/p>\n<p><a href=\"https:\/\/www.beol.hu\/kozelet\/helyi-kozelet\/a-don-kanyarban-tortentekre-emlekeztek-bekes-megyeben-2442654\/\">B\u0151vebben&#8230;.<\/a><\/p>\n","protected":false},"excerpt":{"rendered":"<p>Forr\u00e1s: BEOL.HU (Cs.I.) A doni eml\u00e9kmenet katonaruh\u00e1s \u00e9s civil r\u00e9sztvev\u0151ivel tal\u00e1lkozhattak a 34 kilom\u00e9teres \u00faton, akik T\u00f3tkoml\u00f3s, Kardosk\u00fat \u00e9s Orosh\u00e1za t\u00e9rs\u00e9g\u00e9ben j\u00e1rtak janu\u00e1r 18-\u00e1n. Id\u00e9n is meghirdette \u00e9s megrendezte az eml\u00e9kez\u0151 menetet a Magyar Tartal\u00e9kosok Sz\u00f6vets\u00e9ge Nagy Zolt\u00e1n ezredes vezette B\u00e9k\u00e9s megyei szervezete az orosh\u00e1zi szervezet vezet\u0151j\u00e9nek, Antal L\u00e1szl\u00f3 hagyom\u00e1ny\u0151rz\u0151 alezredes, v\u00e1rosi eln\u00f6k ir\u00e1ny\u00edt\u00e1sa mellett. &hellip; <\/p>\n<p class=\"link-more\"><a href=\"https:\/\/www.kardoskut.hu\/?p=4120\" class=\"more-link\"><span class=\"screen-reader-text\">&#8222;A Don-kanyarban t\u00f6rt\u00e9ntekre eml\u00e9keztek B\u00e9k\u00e9s megy\u00e9ben&#8221;<\/span> b\u0151vebben<\/a><\/p>\n","protected":false},"author":1,"featured_media":0,"comment_status":"closed","ping_status":"closed","sticky":false,"template":"","format":"standard","meta":{"footnotes":""},"categories":[42],"tags":[],"class_list":["post-4120","post","type-post","status-publish","format-standard","hentry","category-42"],"_links":{"self":[{"href":"https:\/\/www.kardoskut.hu\/index.php?rest_route=\/wp\/v2\/posts\/4120","targetHints":{"allow":["GET"]}}],"collection":[{"href":"https:\/\/www.kardoskut.hu\/index.php?rest_route=\/wp\/v2\/posts"}],"about":[{"href":"https:\/\/www.kardoskut.hu\/index.php?rest_route=\/wp\/v2\/types\/post"}],"author":[{"embeddable":true,"href":"https:\/\/www.kardoskut.hu\/index.php?rest_route=\/wp\/v2\/users\/1"}],"replies":[{"embeddable":true,"href":"https:\/\/www.kardoskut.hu\/index.php?rest_route=%2Fwp%2Fv2%2Fcomments&post=4120"}],"version-history":[{"count":1,"href":"https:\/\/www.kardoskut.hu\/index.php?rest_route=\/wp\/v2\/posts\/4120\/revisions"}],"predecessor-version":[{"id":4122,"href":"https:\/\/www.kardoskut.hu\/index.php?rest_route=\/wp\/v2\/posts\/4120\/revisions\/4122"}],"wp:attachment":[{"href":"https:\/\/www.kardoskut.hu\/index.php?rest_route=%2Fwp%2Fv2%2Fmedia&parent=4120"}],"wp:term":[{"taxonomy":"category","embeddable":true,"href":"https:\/\/www.kardoskut.hu\/index.php?rest_route=%2Fwp%2Fv2%2Fcategories&post=4120"},{"taxonomy":"post_tag","embeddable":true,"href":"https:\/\/www.kardoskut.hu\/index.php?rest_route=%2Fwp%2Fv2%2Ftags&post=4120"}],"curies":[{"name":"wp","href":"https:\/\/api.w.org\/{rel}","templated":true}]}}