{"id":4074,"date":"2019-12-19T20:14:46","date_gmt":"2019-12-19T20:14:46","guid":{"rendered":"http:\/\/www.kardoskut.hu\/?p=4074"},"modified":"2019-12-19T20:23:41","modified_gmt":"2019-12-19T20:23:41","slug":"december-a-meglepetesek-az-ajandekozas-honapja","status":"publish","type":"post","link":"https:\/\/www.kardoskut.hu\/?p=4074","title":{"rendered":"December a meglepet\u00e9sek, az aj\u00e1nd\u00e9koz\u00e1s h\u00f3napja"},"content":{"rendered":"<p><a href=\"https:\/\/www.flickr.com\/photos\/kardoskuthu\/albums\/72157712275686371\"><img loading=\"lazy\" decoding=\"async\" class=\"alignnone size-full wp-image-4075\" src=\"http:\/\/www.kardoskut.hu\/wp-content\/uploads\/2019\/12\/20191219_135802.jpg\" alt=\"\" width=\"1008\" height=\"567\" srcset=\"https:\/\/www.kardoskut.hu\/wp-content\/uploads\/2019\/12\/20191219_135802.jpg 1008w, https:\/\/www.kardoskut.hu\/wp-content\/uploads\/2019\/12\/20191219_135802-300x169.jpg 300w, https:\/\/www.kardoskut.hu\/wp-content\/uploads\/2019\/12\/20191219_135802-768x432.jpg 768w\" sizes=\"auto, (max-width: 767px) 89vw, (max-width: 1000px) 54vw, (max-width: 1071px) 543px, 580px\" \/><\/a>Tov\u00e1bbi fot\u00f3k a guly\u00e1sleves f\u0151z\u00e9sr\u0151l a fot\u00f3ra kattintva \u00e9rhet\u0151 el. (Fot\u00f3k: KH, VP.)<\/p>\n<p>K\u00f6zs\u00e9g\u00fcnkben is sz\u00e1mos program v\u00e1rta a gyerekeket, csal\u00e1dokat az \u00e9v utols\u00f3 heteiben. Mikul\u00e1sv\u00e1r\u00f3 programunkat a megyei k\u00f6nyvt\u00e1r \u00e9s az \u00f6nkorm\u00e1nyzati EFOP p\u00e1ly\u00e1zat \u00e1ltal t\u00e1mogatott gyermekm\u0171sor \u00e9s Csord\u00e1s Tibor \u00e9nekes sz\u00ednes\u00edtette. A hagyom\u00e1nyoknak megfelel\u0151en a Mikul\u00e1s sem \u00e9rkezett \u00fcres zs\u00e1kkal a gyerekekhez. \u00a0Ez\u00faton k\u00f6sz\u00f6nj\u00fck meg az id\u00e9n is a Magyar F\u00f6ldg\u00e1zt\u00e1roz\u00f3 Zrt. \u00f6nzetlen felaj\u00e1nl\u00e1s\u00e1t, hiszen a gyerekek \u00e9s az \u00f3vod\u00e1sok \u00f6r\u00f6mmel vett\u00e9k k\u00e9zbe a tartalmas \u00e9dess\u00e9gcsomagot. Az adventi id\u0151szak vas\u00e1rnap d\u00e9lut\u00e1njain k\u00f6z\u00f6s gyertyagy\u00fajt\u00e1sokat szervezt\u00fcnk, ahol a negyven-\u00f6tven r\u00e9sztvev\u0151 mindig j\u00f3\u00edz\u0171 bar\u00e1ti besz\u00e9lget\u00e9sekkel z\u00e1rt\u00e1k a programot. Harmadik vas\u00e1rnap tartottuk a k\u00f6zs\u00e9gi kar\u00e1csonyi \u00fcnneps\u00e9get, ahol Liszi Melinda sz\u00ednm\u0171v\u00e9szn\u0151 \u00e9s p\u00e1rja m\u0171sor\u00e1t k\u00f6vet\u0151en P\u00e1pai Attila lelk\u00e9sz adventi gondolaival, a csillagsz\u00f3r\u00f3k f\u00e9nyein\u00e9l k\u00f6z\u00f6s \u00e9nekl\u00e9ssel a kar\u00e1csonyfa k\u00f6r\u00fcl \u00fcnnepelt\u00fcnk. A f\u00e1ra a kreat\u00edv k\u00f6r \u00e9s az \u00f6nk\u00e9ntesek szebbn\u00e9l szebb d\u00edszeket k\u00e9sz\u00edtettek k\u00f6z\u00f6sen. K\u00f6sz\u00f6nj\u00fck sz\u00e9pen B\u00e1nki-Horv\u00e1th Gabriell\u00e1nak a k\u00f6zs\u00e9gnek felaj\u00e1nlott gy\u00f6ny\u00f6r\u0171 ez\u00fcstfeny\u0151t. A nagy m\u00e9ret\u0171 feny\u0151 kiv\u00e1g\u00e1s\u00e1t d\u00edjmentesen v\u00e1llalta L\u00e1szik R\u00f3bert v\u00e1llalkoz\u00f3, az NKM \u00e1ramszolg\u00e1ltat\u00f3 \u00e9s az Oros-com Kft. pedig d\u00edjmentesen seg\u00edtett az \u00fatban l\u00e9v\u0151 vezet\u00e9kek elt\u00e1vol\u00edt\u00e1s\u00e1ban, majd vissza\u00e1ll\u00edt\u00e1s\u00e1ban. A kar\u00e1csonyi \u00fcnneps\u00e9gen a k\u00e9zm\u0171vesked\u00e9s sem maradt el, t\u00f6bb\u00fcnk saj\u00e1t d\u00edszeket k\u00e9sz\u00edtett otthonra \u00e9s a bar\u00e1toknak. Hagyom\u00e1nyos szeretetteljes megh\u00edv\u00e1s a lakoss\u00e1g r\u00e9sz\u00e9re a kar\u00e1csony el\u0151tti guly\u00e1sleves f\u0151z\u00e9s is, ahol sz\u00e1mos helyi mag\u00e1nszem\u00e9ly \u00e9s t\u00e1mogat\u00f3 j\u00f3volt\u00e1b\u00f3l \u00edzletes eb\u00e9det k\u00e9sz\u00edtett\u00fcnk \u00f6t nagy \u00fcstben. Az id\u00e9n m\u00e9zeskal\u00e1csokkal is siker\u00fclt meglepn\u00fcnk a lakoss\u00e1got, amiket \u00f6nk\u00e9nteseink sz\u00edvb\u0151l \u00e9s \u00f6r\u00f6mmel s\u00fct\u00f6ttek meg erre az alkalomra. Az \u00e9vet mulatoz\u00e1ssal b\u00facs\u00faztatjuk, a szilveszteri programon telt h\u00e1zas lesz a m\u0171vel\u0151d\u00e9si h\u00e1z.<br \/>\nVNB.<\/p>\n<p><a href=\"https:\/\/www.flickr.com\/photos\/kardoskuthu\/albums\/72157712276185637\"><img loading=\"lazy\" decoding=\"async\" class=\"alignnone size-large wp-image-4076\" src=\"http:\/\/www.kardoskut.hu\/wp-content\/uploads\/2019\/12\/IMG_6955-1024x683.jpg\" alt=\"\" width=\"525\" height=\"350\" srcset=\"https:\/\/www.kardoskut.hu\/wp-content\/uploads\/2019\/12\/IMG_6955-1024x683.jpg 1024w, https:\/\/www.kardoskut.hu\/wp-content\/uploads\/2019\/12\/IMG_6955-300x200.jpg 300w, https:\/\/www.kardoskut.hu\/wp-content\/uploads\/2019\/12\/IMG_6955-768x512.jpg 768w, https:\/\/www.kardoskut.hu\/wp-content\/uploads\/2019\/12\/IMG_6955.jpg 1296w\" sizes=\"auto, (max-width: 525px) 100vw, 525px\" \/><\/a><br \/>\nA Mikul\u00e1s \u00fcnneps\u00e9g fot\u00f3i a fenti k\u00e9pre kattintva \u00e9rhet\u0151ek el.\u00a0 Fot\u00f3k: PN.<\/p>\n<p><a href=\"https:\/\/www.flickr.com\/photos\/kardoskuthu\/albums\/72157712275929871\"><img loading=\"lazy\" decoding=\"async\" class=\"alignnone size-large wp-image-4077\" src=\"http:\/\/www.kardoskut.hu\/wp-content\/uploads\/2019\/12\/IMG_6981-1024x604.jpg\" alt=\"\" width=\"525\" height=\"310\" srcset=\"https:\/\/www.kardoskut.hu\/wp-content\/uploads\/2019\/12\/IMG_6981-1024x604.jpg 1024w, https:\/\/www.kardoskut.hu\/wp-content\/uploads\/2019\/12\/IMG_6981-300x177.jpg 300w, https:\/\/www.kardoskut.hu\/wp-content\/uploads\/2019\/12\/IMG_6981-768x453.jpg 768w\" sizes=\"auto, (max-width: 525px) 100vw, 525px\" \/><\/a><br \/>\nA m\u00e1sodik gyertyagy\u00fajt\u00e1s fot\u00f3i a fenti k\u00e9pre kattintva \u00e9rhet\u0151ek el. (Fot\u00f3k: PN.)<\/p>\n<p><a href=\"https:\/\/www.flickr.com\/photos\/kardoskuthu\/albums\/72157712276271692\"><img loading=\"lazy\" decoding=\"async\" class=\"alignnone size-large wp-image-4078\" src=\"http:\/\/www.kardoskut.hu\/wp-content\/uploads\/2019\/12\/IMG_7048-1024x683.jpg\" alt=\"\" width=\"525\" height=\"350\" srcset=\"https:\/\/www.kardoskut.hu\/wp-content\/uploads\/2019\/12\/IMG_7048-1024x683.jpg 1024w, https:\/\/www.kardoskut.hu\/wp-content\/uploads\/2019\/12\/IMG_7048-300x200.jpg 300w, https:\/\/www.kardoskut.hu\/wp-content\/uploads\/2019\/12\/IMG_7048-768x512.jpg 768w, https:\/\/www.kardoskut.hu\/wp-content\/uploads\/2019\/12\/IMG_7048.jpg 1296w\" sizes=\"auto, (max-width: 525px) 100vw, 525px\" \/><\/a><br \/>\nA k\u00f6zs\u00e9gi kar\u00e1csonyi \u00fcnneps\u00e9g fot\u00f3i a fenti k\u00e9pre kattintva tekinthet\u0151ek meg. (Fot\u00f3k: PN.)<\/p>\n<p>A guly\u00e1sleves f\u0151z\u00e9s\u00e9hez anyagilag vagy alapanyagokkal hozz\u00e1j\u00e1rultak:<\/p>\n<p>Bajn\u00f3czi P\u00e1l, B\u00e1nfi L\u00e1szl\u00f3n\u00e9, Barna L\u00e1szl\u00f3, Binecz J\u00e1nos \u00e9s csal\u00e1dja, Csizmadia P\u00e9ks\u00e9g, Orosh\u00e1za., Csiki Erzs\u00e9bet, F\u00e1nczi Istv\u00e1n, Felf\u00f6ldi L\u00e1szl\u00f3, G\u00e1l J\u00f3zsef, id. Lantos J\u00e1nos, ifj. Rajki J\u00f3zsef, J\u00e1mborcsik J\u00f3zsef, Jank\u00f3 Erzs\u00e9bet, K\u00e1belkontroll Kft., Kapun\u00e9 Sin Anik\u00f3, Kocsis P\u00e9ter, Laurovics Istv\u00e1n, M\u00f3ga L\u00e1szl\u00f3n\u00e9, M\u00f3rocz Lajos, Nagyn\u00e9 Sz\u00f6ll\u0151si Ter\u00e9z, \u0150zse Zolt\u00e1n, Panyik Ferenc, Papp Istv\u00e1n, Pat\u00f3cs \u00c9va, Pint\u00e9r Erzs\u00e9bet, Ramaszn\u00e9 T\u00f3th Ibolya, Simon J\u00e1nos, S\u00fcle Antal, Szab\u00f3 L\u00e1szl\u00f3, Tib\u00e1n\u00e9 Hamvasi Zsuzsanna, Varga P\u00e1l \u00e9s tov\u00e1bbi t\u00f6bb mint h\u00fasz seg\u00edt\u0151&#8230;<\/p>\n","protected":false},"excerpt":{"rendered":"<p>Tov\u00e1bbi fot\u00f3k a guly\u00e1sleves f\u0151z\u00e9sr\u0151l a fot\u00f3ra kattintva \u00e9rhet\u0151 el. (Fot\u00f3k: KH, VP.) K\u00f6zs\u00e9g\u00fcnkben is sz\u00e1mos program v\u00e1rta a gyerekeket, csal\u00e1dokat az \u00e9v utols\u00f3 heteiben. Mikul\u00e1sv\u00e1r\u00f3 programunkat a megyei k\u00f6nyvt\u00e1r \u00e9s az \u00f6nkorm\u00e1nyzati EFOP p\u00e1ly\u00e1zat \u00e1ltal t\u00e1mogatott gyermekm\u0171sor \u00e9s Csord\u00e1s Tibor \u00e9nekes sz\u00ednes\u00edtette. A hagyom\u00e1nyoknak megfelel\u0151en a Mikul\u00e1s sem \u00e9rkezett \u00fcres zs\u00e1kkal a gyerekekhez. \u00a0Ez\u00faton &hellip; <\/p>\n<p class=\"link-more\"><a href=\"https:\/\/www.kardoskut.hu\/?p=4074\" class=\"more-link\"><span class=\"screen-reader-text\">&#8222;December a meglepet\u00e9sek, az aj\u00e1nd\u00e9koz\u00e1s h\u00f3napja&#8221;<\/span> b\u0151vebben<\/a><\/p>\n","protected":false},"author":1,"featured_media":0,"comment_status":"closed","ping_status":"closed","sticky":false,"template":"","format":"standard","meta":{"footnotes":""},"categories":[38],"tags":[],"class_list":["post-4074","post","type-post","status-publish","format-standard","hentry","category-38"],"_links":{"self":[{"href":"https:\/\/www.kardoskut.hu\/index.php?rest_route=\/wp\/v2\/posts\/4074","targetHints":{"allow":["GET"]}}],"collection":[{"href":"https:\/\/www.kardoskut.hu\/index.php?rest_route=\/wp\/v2\/posts"}],"about":[{"href":"https:\/\/www.kardoskut.hu\/index.php?rest_route=\/wp\/v2\/types\/post"}],"author":[{"embeddable":true,"href":"https:\/\/www.kardoskut.hu\/index.php?rest_route=\/wp\/v2\/users\/1"}],"replies":[{"embeddable":true,"href":"https:\/\/www.kardoskut.hu\/index.php?rest_route=%2Fwp%2Fv2%2Fcomments&post=4074"}],"version-history":[{"count":3,"href":"https:\/\/www.kardoskut.hu\/index.php?rest_route=\/wp\/v2\/posts\/4074\/revisions"}],"predecessor-version":[{"id":4081,"href":"https:\/\/www.kardoskut.hu\/index.php?rest_route=\/wp\/v2\/posts\/4074\/revisions\/4081"}],"wp:attachment":[{"href":"https:\/\/www.kardoskut.hu\/index.php?rest_route=%2Fwp%2Fv2%2Fmedia&parent=4074"}],"wp:term":[{"taxonomy":"category","embeddable":true,"href":"https:\/\/www.kardoskut.hu\/index.php?rest_route=%2Fwp%2Fv2%2Fcategories&post=4074"},{"taxonomy":"post_tag","embeddable":true,"href":"https:\/\/www.kardoskut.hu\/index.php?rest_route=%2Fwp%2Fv2%2Ftags&post=4074"}],"curies":[{"name":"wp","href":"https:\/\/api.w.org\/{rel}","templated":true}]}}